{"id":186202,"date":"2025-10-19T01:56:43","date_gmt":"2025-10-19T01:56:43","guid":{"rendered":"https:\/\/www.europesays.com\/es\/186202\/"},"modified":"2025-10-19T01:56:43","modified_gmt":"2025-10-19T01:56:43","slug":"federal-fue-sede-de-la-primera-concentracion-del-seleccionado-provincial-de-menores-de-handball-federal-al-dia","status":"publish","type":"post","link":"https:\/\/www.europesays.com\/es\/186202\/","title":{"rendered":"FEDERAL FUE SEDE DE LA PRIMERA CONCENTRACI\u00d3N DEL SELECCIONADO PROVINCIAL DE MENORES DE HANDBALL \u2013 Federal Al D\u00eda"},"content":{"rendered":"<p>Con vistas al Campeonato Argentino que se disputar\u00e1 en noviembre en San Carlos de Bariloche, Federal vivi\u00f3 una intensa jornada deportiva con la presencia de equipos entrerrianos y autoridades locales.<\/p>\n<p>Este s\u00e1bado se desarroll\u00f3 en Federal la primera concentraci\u00f3n provincial de menores de handball, una cita clave en la preparaci\u00f3n rumbo al Campeonato Argentino de la categor\u00eda, que tendr\u00e1 lugar del 10 al 15 de noviembre en San Carlos de Bariloche.<\/p>\n<p>La actividad comenz\u00f3 con la disputa de dos fechas correspondientes a la Liga Entrerriana de Handball, donde los equipos Capuchinos A y B de Concordia se impusieron en los marcadores ante los j\u00f3venes del Club Social y Deportivo Las Flores, dirigidos por Carolina Rodr\u00edguez y Nicol\u00e1s Kler.<\/p>\n<p>Durante la jornada, se cont\u00f3 con la presencia de la presidenta municipal de Federal, Alicia Oviedo, quien junto al secretario de Cultura, Turismo y Deporte, Flavio M\u00e1rquez, y el director de Deportes, Fernando Cardoso, dio la bienvenida a las delegaciones participantes y destac\u00f3 la importancia del crecimiento de esta disciplina en la ciudad.<\/p>\n<p>Asimismo, las autoridades aprovecharon la ocasi\u00f3n para interiorizarse sobre los detalles del pr\u00f3ximo viaje que realizar\u00e1n los j\u00f3venes federalenses Valentino M\u00e1rquez y Valentino Brandolini, quienes formar\u00e1n parte del seleccionado entrerriano de menores que representar\u00e1 a la provincia en el certamen nacional de Bariloche.<\/p>\n<p>En ese marco, la intendenta felicit\u00f3 a los integrantes del seleccionado y les dese\u00f3 augurios de \u00e9xitos en el campeonato nacional, resaltando el orgullo que representa para Federal contar con j\u00f3venes comprometidos y talentosos.<\/p>\n<p>La jornada se vivi\u00f3 con entusiasmo, reflejando el compromiso y la pasi\u00f3n por el handball que crece d\u00eda a d\u00eda en Federal.<\/p>\n<p>#federalaldia #radiointegracion905<\/p>\n<p><img loading=\"lazy\" decoding=\"async\" class=\"aligncenter size-full wp-image-164972\" src=\"https:\/\/www.europesays.com\/es\/wp-content\/uploads\/2025\/10\/image002-16.jpg\" alt=\"\" width=\"567\" height=\"377\"  \/> <img loading=\"lazy\" decoding=\"async\" class=\"aligncenter size-full wp-image-164973\" src=\"https:\/\/www.europesays.com\/es\/wp-content\/uploads\/2025\/10\/image003-10.jpg\" alt=\"\" width=\"567\" height=\"377\"  \/> <img loading=\"lazy\" decoding=\"async\" class=\"aligncenter size-full wp-image-164974\" src=\"https:\/\/www.europesays.com\/es\/wp-content\/uploads\/2025\/10\/image004-9.jpg\" alt=\"\" width=\"567\" height=\"377\"  \/> <img loading=\"lazy\" decoding=\"async\" class=\"aligncenter size-full wp-image-164975\" src=\"https:\/\/www.europesays.com\/es\/wp-content\/uploads\/2025\/10\/image005-7.jpg\" alt=\"\" width=\"567\" height=\"377\"  \/> <img loading=\"lazy\" decoding=\"async\" class=\"aligncenter size-full wp-image-164976\" src=\"https:\/\/www.europesays.com\/es\/wp-content\/uploads\/2025\/10\/image006-8.jpg\" alt=\"\" width=\"567\" height=\"377\"  \/> <img loading=\"lazy\" decoding=\"async\" class=\"aligncenter size-full wp-image-164977\" src=\"https:\/\/www.europesays.com\/es\/wp-content\/uploads\/2025\/10\/image007-7.jpg\" alt=\"\" width=\"567\" height=\"377\"  \/> <img loading=\"lazy\" decoding=\"async\" class=\"aligncenter size-full wp-image-164978\" src=\"https:\/\/www.europesays.com\/es\/wp-content\/uploads\/2025\/10\/image008-8.jpg\" alt=\"\" width=\"567\" height=\"377\"  \/> <img loading=\"lazy\" decoding=\"async\" class=\"aligncenter size-full wp-image-164979\" src=\"https:\/\/www.europesays.com\/es\/wp-content\/uploads\/2025\/10\/image009-7.jpg\" alt=\"\" width=\"567\" height=\"377\"  \/> <img loading=\"lazy\" decoding=\"async\" class=\"aligncenter size-full wp-image-164980\" src=\"https:\/\/www.europesays.com\/es\/wp-content\/uploads\/2025\/10\/image010-5.jpg\" alt=\"\" width=\"567\" height=\"377\"  \/> <img loading=\"lazy\" decoding=\"async\" class=\"aligncenter size-full wp-image-164981\" src=\"https:\/\/www.europesays.com\/es\/wp-content\/uploads\/2025\/10\/image011-2.jpg\" alt=\"\" width=\"567\" height=\"377\"  \/> <img loading=\"lazy\" decoding=\"async\" class=\"aligncenter size-full wp-image-164982\" src=\"https:\/\/www.europesays.com\/es\/wp-content\/uploads\/2025\/10\/image012-1.jpg\" alt=\"\" width=\"567\" height=\"377\"  \/> <img loading=\"lazy\" decoding=\"async\" class=\"aligncenter size-full wp-image-164983\" src=\"https:\/\/www.europesays.com\/es\/wp-content\/uploads\/2025\/10\/image013-1.jpg\" alt=\"\" width=\"567\" height=\"377\"  \/> <img loading=\"lazy\" decoding=\"async\" class=\"aligncenter size-full wp-image-164984\" src=\"https:\/\/www.europesays.com\/es\/wp-content\/uploads\/2025\/10\/image014-1.jpg\" alt=\"\" width=\"567\" height=\"377\"  \/> <img loading=\"lazy\" decoding=\"async\" class=\"aligncenter size-full wp-image-164985\" src=\"https:\/\/www.europesays.com\/es\/wp-content\/uploads\/2025\/10\/image015-1.jpg\" alt=\"\" width=\"567\" height=\"377\"  \/> <img loading=\"lazy\" decoding=\"async\" class=\"aligncenter size-full wp-image-164986\" src=\"https:\/\/www.europesays.com\/es\/wp-content\/uploads\/2025\/10\/image016.jpg\" alt=\"\" width=\"567\" height=\"377\"  \/> <img loading=\"lazy\" decoding=\"async\" class=\"aligncenter size-full wp-image-164987\" src=\"https:\/\/www.europesays.com\/es\/wp-content\/uploads\/2025\/10\/image017.jpg\" alt=\"\" width=\"567\" height=\"377\"  \/> <img loading=\"lazy\" decoding=\"async\" class=\"aligncenter size-full wp-image-164988\" src=\"https:\/\/www.europesays.com\/es\/wp-content\/uploads\/2025\/10\/image018.jpg\" alt=\"\" width=\"567\" height=\"377\"  \/> <img loading=\"lazy\" decoding=\"async\" class=\"aligncenter size-full wp-image-164989\" src=\"https:\/\/www.europesays.com\/es\/wp-content\/uploads\/2025\/10\/image019.jpg\" alt=\"\" width=\"567\" height=\"377\"  \/> <img loading=\"lazy\" decoding=\"async\" class=\"aligncenter size-full wp-image-164990\" src=\"https:\/\/www.europesays.com\/es\/wp-content\/uploads\/2025\/10\/image020.jpg\" alt=\"\" width=\"567\" height=\"377\"  \/> <img loading=\"lazy\" decoding=\"async\" class=\"aligncenter size-full wp-image-164991\" src=\"https:\/\/www.europesays.com\/es\/wp-content\/uploads\/2025\/10\/image021.jpg\" alt=\"\" width=\"567\" height=\"377\"  \/> <img loading=\"lazy\" decoding=\"async\" class=\"aligncenter size-full wp-image-164992\" src=\"https:\/\/www.europesays.com\/es\/wp-content\/uploads\/2025\/10\/image022.jpg\" alt=\"\" width=\"567\" height=\"377\"  \/> <img loading=\"lazy\" decoding=\"async\" class=\"aligncenter size-full wp-image-164993\" src=\"https:\/\/www.europesays.com\/es\/wp-content\/uploads\/2025\/10\/image023.jpg\" alt=\"\" width=\"567\" height=\"377\"  \/> <img loading=\"lazy\" decoding=\"async\" class=\"aligncenter size-full wp-image-164994\" src=\"https:\/\/www.europesays.com\/es\/wp-content\/uploads\/2025\/10\/image024.jpg\" alt=\"\" width=\"567\" height=\"377\"  \/> <img loading=\"lazy\" decoding=\"async\" class=\"aligncenter size-full wp-image-164995\" src=\"https:\/\/www.europesays.com\/es\/wp-content\/uploads\/2025\/10\/image025.jpg\" alt=\"\" width=\"567\" height=\"377\"  \/> <img loading=\"lazy\" decoding=\"async\" class=\"aligncenter size-full wp-image-164996\" src=\"https:\/\/www.europesays.com\/es\/wp-content\/uploads\/2025\/10\/image026.jpg\" alt=\"\" width=\"567\" height=\"377\"  \/> <img loading=\"lazy\" decoding=\"async\" class=\"aligncenter size-full wp-image-164997\" src=\"https:\/\/www.europesays.com\/es\/wp-content\/uploads\/2025\/10\/image027.jpg\" alt=\"\" width=\"567\" height=\"377\"  \/> <img loading=\"lazy\" decoding=\"async\" class=\"aligncenter size-full wp-image-164998\" src=\"https:\/\/www.europesays.com\/es\/wp-content\/uploads\/2025\/10\/image028.jpg\" alt=\"\" width=\"567\" height=\"377\"  \/> <img loading=\"lazy\" decoding=\"async\" class=\"aligncenter size-full wp-image-164999\" src=\"https:\/\/www.europesays.com\/es\/wp-content\/uploads\/2025\/10\/image029.jpg\" alt=\"\" width=\"567\" height=\"377\"  \/> <img loading=\"lazy\" decoding=\"async\" class=\"aligncenter size-full wp-image-165000\" src=\"https:\/\/www.europesays.com\/es\/wp-content\/uploads\/2025\/10\/image030.jpg\" alt=\"\" width=\"567\" height=\"377\"  \/> <img loading=\"lazy\" decoding=\"async\" class=\"aligncenter size-full wp-image-165001\" src=\"https:\/\/www.europesays.com\/es\/wp-content\/uploads\/2025\/10\/image031.jpg\" alt=\"\" width=\"567\" height=\"377\"  \/> <img loading=\"lazy\" decoding=\"async\" class=\"aligncenter size-full wp-image-165002\" src=\"https:\/\/www.europesays.com\/es\/wp-content\/uploads\/2025\/10\/image032.jpg\" alt=\"\" width=\"567\" height=\"377\"  \/> <img loading=\"lazy\" decoding=\"async\" class=\"aligncenter size-full wp-image-165003\" src=\"https:\/\/www.europesays.com\/es\/wp-content\/uploads\/2025\/10\/image033.jpg\" alt=\"\" width=\"567\" height=\"377\"  \/> <img loading=\"lazy\" decoding=\"async\" class=\"aligncenter size-full wp-image-165004\" src=\"https:\/\/www.europesays.com\/es\/wp-content\/uploads\/2025\/10\/image034.jpg\" alt=\"\" width=\"567\" height=\"377\"  \/> <img loading=\"lazy\" decoding=\"async\" class=\"aligncenter size-full wp-image-165005\" src=\"https:\/\/www.europesays.com\/es\/wp-content\/uploads\/2025\/10\/image035.jpg\" alt=\"\" width=\"567\" height=\"377\"  \/> <img loading=\"lazy\" decoding=\"async\" class=\"aligncenter size-full wp-image-165006\" src=\"https:\/\/www.europesays.com\/es\/wp-content\/uploads\/2025\/10\/image036.jpg\" alt=\"\" width=\"567\" height=\"377\"  \/> <img loading=\"lazy\" decoding=\"async\" class=\"aligncenter size-full wp-image-165007\" src=\"https:\/\/www.europesays.com\/es\/wp-content\/uploads\/2025\/10\/image037.jpg\" alt=\"\" width=\"567\" height=\"377\"  \/> <img loading=\"lazy\" decoding=\"async\" class=\"aligncenter size-full wp-image-165008\" src=\"https:\/\/www.europesays.com\/es\/wp-content\/uploads\/2025\/10\/image038.jpg\" alt=\"\" width=\"567\" height=\"377\"  \/> <img loading=\"lazy\" decoding=\"async\" class=\"aligncenter size-full wp-image-165009\" src=\"https:\/\/www.europesays.com\/es\/wp-content\/uploads\/2025\/10\/image039.jpg\" alt=\"\" width=\"567\" height=\"377\"  \/> <img loading=\"lazy\" decoding=\"async\" class=\"aligncenter size-full wp-image-165010\" src=\"https:\/\/www.europesays.com\/es\/wp-content\/uploads\/2025\/10\/image040.jpg\" alt=\"\" width=\"567\" height=\"377\"  \/> <img loading=\"lazy\" decoding=\"async\" class=\"aligncenter size-full wp-image-165011\" src=\"https:\/\/www.europesays.com\/es\/wp-content\/uploads\/2025\/10\/image041.jpg\" alt=\"\" width=\"567\" height=\"377\"  \/> <img loading=\"lazy\" decoding=\"async\" class=\"aligncenter size-full wp-image-165012\" src=\"https:\/\/www.europesays.com\/es\/wp-content\/uploads\/2025\/10\/image042.jpg\" alt=\"\" width=\"567\" height=\"377\"  \/> <img loading=\"lazy\" decoding=\"async\" class=\"aligncenter size-full wp-image-165013\" src=\"https:\/\/www.europesays.com\/es\/wp-content\/uploads\/2025\/10\/image043.jpg\" alt=\"\" width=\"567\" height=\"377\"  \/> <img loading=\"lazy\" decoding=\"async\" class=\"aligncenter size-full wp-image-165014\" src=\"https:\/\/www.europesays.com\/es\/wp-content\/uploads\/2025\/10\/image044.jpg\" alt=\"\" width=\"567\" height=\"377\"  \/> <img loading=\"lazy\" decoding=\"async\" class=\"aligncenter size-full wp-image-165015\" src=\"https:\/\/www.europesays.com\/es\/wp-content\/uploads\/2025\/10\/image045.jpg\" alt=\"\" width=\"567\" height=\"377\"  \/> <img loading=\"lazy\" decoding=\"async\" class=\"aligncenter size-full wp-image-165016\" src=\"https:\/\/www.europesays.com\/es\/wp-content\/uploads\/2025\/10\/image046.jpg\" alt=\"\" width=\"567\" height=\"377\"  \/> <img loading=\"lazy\" decoding=\"async\" class=\"aligncenter size-full wp-image-165017\" src=\"https:\/\/www.europesays.com\/es\/wp-content\/uploads\/2025\/10\/image047.jpg\" alt=\"\" width=\"567\" height=\"377\"  \/> <img loading=\"lazy\" decoding=\"async\" class=\"aligncenter size-full wp-image-165018\" src=\"https:\/\/www.europesays.com\/es\/wp-content\/uploads\/2025\/10\/image048.jpg\" alt=\"\" width=\"567\" height=\"377\"  \/> <img loading=\"lazy\" decoding=\"async\" class=\"aligncenter size-full wp-image-165019\" src=\"https:\/\/www.europesays.com\/es\/wp-content\/uploads\/2025\/10\/image049.jpg\" alt=\"\" width=\"567\" height=\"377\"  \/> <img loading=\"lazy\" decoding=\"async\" class=\"aligncenter size-full wp-image-165020\" src=\"https:\/\/www.europesays.com\/es\/wp-content\/uploads\/2025\/10\/image050.jpg\" alt=\"\" width=\"567\" height=\"377\"  \/><\/p>\n","protected":false},"excerpt":{"rendered":"Con vistas al Campeonato Argentino que se disputar\u00e1 en noviembre en San Carlos de Bariloche, Federal vivi\u00f3 una&hellip;\n","protected":false},"author":2,"featured_media":186203,"comment_status":"","ping_status":"","sticky":false,"template":"","format":"standard","meta":{"footnotes":""},"categories":[278],"tags":[376,168,25,24,375,23,167],"class_list":{"0":"post-186202","1":"post","2":"type-post","3":"status-publish","4":"format-standard","5":"has-post-thumbnail","7":"category-balonmano","8":"tag-balonmano","9":"tag-deportes","10":"tag-es","11":"tag-espana","12":"tag-handball","13":"tag-spain","14":"tag-sports"},"share_on_mastodon":{"url":"","error":""},"_links":{"self":[{"href":"https:\/\/www.europesays.com\/es\/wp-json\/wp\/v2\/posts\/186202","targetHints":{"allow":["GET"]}}],"collection":[{"href":"https:\/\/www.europesays.com\/es\/wp-json\/wp\/v2\/posts"}],"about":[{"href":"https:\/\/www.europesays.com\/es\/wp-json\/wp\/v2\/types\/post"}],"author":[{"embeddable":true,"href":"https:\/\/www.europesays.com\/es\/wp-json\/wp\/v2\/users\/2"}],"replies":[{"embeddable":true,"href":"https:\/\/www.europesays.com\/es\/wp-json\/wp\/v2\/comments?post=186202"}],"version-history":[{"count":0,"href":"https:\/\/www.europesays.com\/es\/wp-json\/wp\/v2\/posts\/186202\/revisions"}],"wp:featuredmedia":[{"embeddable":true,"href":"https:\/\/www.europesays.com\/es\/wp-json\/wp\/v2\/media\/186203"}],"wp:attachment":[{"href":"https:\/\/www.europesays.com\/es\/wp-json\/wp\/v2\/media?parent=186202"}],"wp:term":[{"taxonomy":"category","embeddable":true,"href":"https:\/\/www.europesays.com\/es\/wp-json\/wp\/v2\/categories?post=186202"},{"taxonomy":"post_tag","embeddable":true,"href":"https:\/\/www.europesays.com\/es\/wp-json\/wp\/v2\/tags?post=186202"}],"curies":[{"name":"wp","href":"https:\/\/api.w.org\/{rel}","templated":true}]}}