{"id":186211,"date":"2025-10-19T02:04:10","date_gmt":"2025-10-19T02:04:10","guid":{"rendered":"https:\/\/www.europesays.com\/es\/186211\/"},"modified":"2025-10-19T02:04:10","modified_gmt":"2025-10-19T02:04:10","slug":"natan-presume-de-ideario-y-fornals-tilda-la-reaccion-de-admirable","status":"publish","type":"post","link":"https:\/\/www.europesays.com\/es\/186211\/","title":{"rendered":"Natan presume de \u00abideario\u00bb y Fornals tilda la reacci\u00f3n de \u00abadmirable\u00bb"},"content":{"rendered":"<p class=\"parrafo\">\u00abSab\u00edamos que el partido iba a ser <strong>dif\u00edcil<\/strong>. Jug\u00e1bamos contra un equipo con el que peleamos el a\u00f1o pasado por una plaza en <strong>Champions League<\/strong>, por lo que salimos <strong>contentos<\/strong> por este punto sumado fuera de casa. Tenemos en mente que, <strong>si no ganamos, no perdemos<\/strong>, as\u00ed que debemos <strong>celebrar<\/strong> este empate a domicilio y trabajar para ganar el pr\u00f3ximo partido\u00bb, apuntaba este s\u00e1bado <a href=\"https:\/\/www.estadiodeportivo.com\/futbol\/betis\/secreto-natan-para-lesionarse-betis-antes-hacia-nada-20251014-516399.html\" target=\"_blank\" class=\"intext-link\" rel=\"nofollow noopener\">el incombustible Natan de Souza<\/a><strong\/> en los medios oficiales del club verdiblanco, presumiendo a continuaci\u00f3n del \u00ab<strong>ideario<\/strong>\u00bb que enarbola desde el a\u00f1o pasado: \u00abCuando llegu\u00e9, me <strong>identifiqu\u00e9<\/strong> con este escudo y esta afici\u00f3n. Tenemos que <strong>creer<\/strong> hasta el final, como demostramos en el campo hoy\u00bb. Por \u00faltimo, el central brasile\u00f1o se alegra de la aparici\u00f3n de su compatriota <strong>Antony Matheus dos Santos<\/strong>, que igual\u00f3 con un doblete en la segunda mitad, el \u00faltimo tanto sobre la bocina, la doble ventaja adquirida por el <strong>Villarreal CF<\/strong>: \u00abEs un jugador que <strong>nos va a dar mucho a\u00fan<\/strong>. Est\u00e1 <strong>recuperando<\/strong> el buen <strong>ritmo<\/strong> y ha hecho dos goles, que ojal\u00e1 sean muchos m\u00e1s para nosotros\u00bb.<\/p>\n<p>Noticias Relacionadas<\/p>\n<p class=\"parrafo\">Otro que pas\u00f3 por la zona mixta del <strong>Estadio de La Cer\u00e1mica<\/strong> antes de emprender el vuelo de vuelta hacia tierras andaluzas fue <strong>Pablo Fornals<\/strong>, que sac\u00f3 pecho por el resultado y, sobre todo, por la forma de conseguirlo: \u00ab<strong>Es totalmente merecido el empate<\/strong>. Lo hemos intentado en la segunda parte, cuando el equipo ha hecho un f\u00fatbol <strong>espectacular<\/strong>, tratando de llegar a trav\u00e9s de los pases y el bal\u00f3n. Es verdad que en la primera tambi\u00e9n, aunque parec\u00eda que est\u00e1bamos m\u00e1s <strong>acelerados<\/strong> de la cuenta. Es <strong>curioso<\/strong> que estuvi\u00e9ramos m\u00e1s <strong>nerviosos<\/strong> con 0-0 que con 2-0 en contra. Al final, <strong>felices<\/strong> por habernos llevado un empate en este campo y ante un rival directo. Despu\u00e9s de ponernos dos abajo contra un rival as\u00ed, con los jugadores que tiene y lo bien trabajado que est\u00e1 para jugar a la contra, sacar un empate es realmente <strong>admirable<\/strong>\u00ab.<\/p>\n<p class=\"parrafo\">Sobre su vuelta a casa, el castellonense reconoc\u00eda que siempre ser\u00e1 especial enfrentarse contra el club de su tierra y del que form\u00f3 parte hace unos a\u00f1os: \u00abHa sido bonito ver a mi gente y a muchas caras conocidas tanto del club como de la provincia aqu\u00ed\u00bb. El centrocampista se refiri\u00f3 a las protestas que, auspiciadas por la <strong>AFE<\/strong>, est\u00e1n protagonizando casi todos los equipos por el <strong>Villarreal CF-FC Barcelona<\/strong> que se jugar\u00e1 en <strong>Miami<\/strong>: \u00abObviamente, hay un <strong>descontento<\/strong> entre muchos clubes. Tambi\u00e9n nosotros los jugadores es bueno que nos <strong>pronunciemos<\/strong>, porque el f\u00fatbol es de todos, tambi\u00e9n nuestro. Y no vale que <strong>LaLiga<\/strong> ponga im\u00e1genes de los entrenadores o de los estadios por fuera para <strong>capar<\/strong> esos primeros segundos de protesta\u00bb.<\/p>\n<p><a class=\"elementos-rel-t2\" href=\"https:\/\/www.estadiodeportivo.com\/futbol\/betis\/pellegrini-avisa-con-antony-dije-semana-pasada-20251018-516956.html\" title=\"Pellegrini avisa con Antony: &quot;Yo lo dije la semana pasada...&quot;\" rel=\"nofollow noopener\" target=\"_blank\">Pellegrini avisa con Antony: \u00abYo lo dije la semana pasada&#8230;\u00bb<img decoding=\"async\" src=\"https:\/\/www.europesays.com\/es\/wp-content\/uploads\/2025\/10\/d81e2c87-6b7c-43c7-b984-04a0dd5ac7e9_320x180.jpeg\" alt=\"Pellegrini avisa con Antony: &quot;Yo lo dije la semana pasada...&quot;\"\/><\/a><a class=\"elementos-rel-t2\" href=\"https:\/\/www.estadiodeportivo.com\/futbol\/betis\/iluminado-antony-pide-calma-punto-importante-para-ganar-confianza-20251018-516952.html\" title=\"El &#039;iluminado&#039; Antony pide calma: &quot;El punto es importante para ganar confianza&quot; \" rel=\"nofollow noopener\" target=\"_blank\">El &#8216;iluminado&#8217; Antony pide calma: \u00abEl punto es importante para ganar confianza\u00bb <img decoding=\"async\" src=\"https:\/\/www.europesays.com\/es\/wp-content\/uploads\/2025\/10\/6573f069-d78a-462c-bf5e-7c60e485cacd_320x180.jpeg\" alt=\"El 'iluminado' Antony pide calma: &quot;El punto es importante para ganar confianza&quot; \"\/><\/a><a class=\"elementos-rel-t2\" href=\"https:\/\/www.estadiodeportivo.com\/futbol\/betis\/polemica-del-villarreal-betis-ruibal-salva-antony-botellazo-gonzalez-fuertes-pasa-del-penalti-celso-20251018-516955.html\" title=\"La pol\u00e9mica del Villarreal - Betis: Ruibal salva a Antony de un botellazo y Gonz\u00e1lez Fuertes &#039;pasa&#039; del penalti a Lo Celso\" rel=\"nofollow noopener\" target=\"_blank\">La pol\u00e9mica del Villarreal &#8211; Betis: Ruibal salva a Antony de un botellazo y Gonz\u00e1lez Fuertes &#8216;pasa&#8217; del penalti a Lo Celso<img decoding=\"async\" src=\"https:\/\/www.europesays.com\/es\/wp-content\/uploads\/2025\/10\/88e2b7e3-d3a8-41fd-a854-e91daa034dd8_320x180.jpeg\" alt=\"La pol\u00e9mica del Villarreal - Betis: Ruibal salva a Antony de un botellazo y Gonz\u00e1lez Fuertes 'pasa' del penalti a Lo Celso\"\/><\/a><\/p>\n<p class=\"parrafo\">Para terminar, <strong>Pablo Fornals<\/strong> pas\u00f3 de puntillas sobre el posible penalti sobre <strong>Giovani Lo Celso<\/strong>: \u00abConf\u00edo en mi compa\u00f1ero y entiendo que, si un jugador como <strong>Gio<\/strong> se queda delante del portero con opci\u00f3n de tirar y no lo hace, es porque algo le ha pasado. Me <strong>sorprend\u00eda<\/strong> que el \u00e1rbitro lo tuviera tan claro cuando hay herramientas para eso. Si han acertado y es que no, no podemos hacer nada\u00bb.<\/p>\n<p>Un arranque de temporada impresionante de Fornals: dos goles y cuatro asistencias&#8230; y media<\/p>\n<p class=\"parrafo\">Que <strong\/><a href=\"https:\/\/www.estadiodeportivo.com\/futbol\/betis\/mejor-fornals-esperemos-que-que-aun-este-por-venir-que-sea-aqui-20251008-515647.html\" target=\"_blank\" class=\"intext-link\" rel=\"nofollow noopener\">Pablo Fornals est\u00e1 de dulce<\/a> parece de <strong>perogrullo<\/strong>. El caso es que es el castellonense encadena cinco jornadas de <strong>LaLiga <\/strong>participando en, al menos, un gol del <strong>Real Betis<\/strong>, hasta firmar <strong>dos goles y cuatro asistencias<\/strong>. Y media, porque es cierto que el &#8216;<strong>Cucho<\/strong>&#8216; <strong>Hern\u00e1ndez<\/strong> se queda por pleno derecho la que finaliza <strong>Ez Abde<\/strong> contra el <strong>CA Osasuna<\/strong> al dejarla de tac\u00f3n, aunque el robo a <strong>Alejandro Catena<\/strong> en la l\u00ednea de fondo y el pase atr\u00e1s fueron obra del &#8217;18&#8217;, que marc\u00f3 el empate a dos definitivo ante el <strong>Levante UD<\/strong> y el 3-1 con el que se cerr\u00f3 la victoria ante la <strong>Real Sociedad<\/strong>, sirviendo al colombiano el 2-0 contra los navarros. Al marroqu\u00ed le puso un bal\u00f3n con el exterior estratosf\u00e9rico para el 1-2 en <strong>Cornell\u00e0-El Prat<\/strong>, regalando a <strong>Antony Matheus dos Santos<\/strong> su doblete en <strong>La Cer\u00e1mica<\/strong>. Y, de momento, <strong>Luis de la Fuente<\/strong> sigue mirando hacia otro lado.<\/p>\n","protected":false},"excerpt":{"rendered":"\u00abSab\u00edamos que el partido iba a ser dif\u00edcil. Jug\u00e1bamos contra un equipo con el que peleamos el a\u00f1o&hellip;\n","protected":false},"author":2,"featured_media":186212,"comment_status":"","ping_status":"","sticky":false,"template":"","format":"standard","meta":{"footnotes":""},"categories":[268],"tags":[168,25,24,284,280,282,52428,286,281,23,167],"class_list":{"0":"post-186211","1":"post","2":"type-post","3":"status-publish","4":"format-standard","5":"has-post-thumbnail","7":"category-futbol","8":"tag-deportes","9":"tag-es","10":"tag-espana","11":"tag-estadio-deportivo","12":"tag-football","13":"tag-futbol","14":"tag-pablo-fornals","15":"tag-real-betis-balompie","16":"tag-soccer","17":"tag-spain","18":"tag-sports"},"share_on_mastodon":{"url":"","error":""},"_links":{"self":[{"href":"https:\/\/www.europesays.com\/es\/wp-json\/wp\/v2\/posts\/186211","targetHints":{"allow":["GET"]}}],"collection":[{"href":"https:\/\/www.europesays.com\/es\/wp-json\/wp\/v2\/posts"}],"about":[{"href":"https:\/\/www.europesays.com\/es\/wp-json\/wp\/v2\/types\/post"}],"author":[{"embeddable":true,"href":"https:\/\/www.europesays.com\/es\/wp-json\/wp\/v2\/users\/2"}],"replies":[{"embeddable":true,"href":"https:\/\/www.europesays.com\/es\/wp-json\/wp\/v2\/comments?post=186211"}],"version-history":[{"count":0,"href":"https:\/\/www.europesays.com\/es\/wp-json\/wp\/v2\/posts\/186211\/revisions"}],"wp:featuredmedia":[{"embeddable":true,"href":"https:\/\/www.europesays.com\/es\/wp-json\/wp\/v2\/media\/186212"}],"wp:attachment":[{"href":"https:\/\/www.europesays.com\/es\/wp-json\/wp\/v2\/media?parent=186211"}],"wp:term":[{"taxonomy":"category","embeddable":true,"href":"https:\/\/www.europesays.com\/es\/wp-json\/wp\/v2\/categories?post=186211"},{"taxonomy":"post_tag","embeddable":true,"href":"https:\/\/www.europesays.com\/es\/wp-json\/wp\/v2\/tags?post=186211"}],"curies":[{"name":"wp","href":"https:\/\/api.w.org\/{rel}","templated":true}]}}