{"id":186213,"date":"2025-10-19T02:05:10","date_gmt":"2025-10-19T02:05:10","guid":{"rendered":"https:\/\/www.europesays.com\/es\/186213\/"},"modified":"2025-10-19T02:05:10","modified_gmt":"2025-10-19T02:05:10","slug":"me-han-encontrado-dos-tumores","status":"publish","type":"post","link":"https:\/\/www.europesays.com\/es\/186213\/","title":{"rendered":"Me han encontrado dos tumores"},"content":{"rendered":"<p data-pm-slice=\"1 1 []\"><a href=\"https:\/\/okdiario.com\/look\/actualidad\/sale-luz-relacion-actual-anita-williams-montoya-pruebas-que-les-delatan-2320307\" rel=\"nofollow noopener\" target=\"_blank\">Anita Williams<\/a> ha vuelto a las redes para dar una noticia que ha <strong>devastado<\/strong> a todos sus seguidores. Despu\u00e9s de Supervivientes, la ex concursante anunci\u00f3 que se retirar\u00eda temporalmente del foco medi\u00e1tico para centrarse en s\u00ed misma y recuperarse. Adem\u00e1s, tambi\u00e9n traslad\u00f3 que se estaba sometiendo a <strong>pruebas m\u00e9dicas<\/strong> y que, para afrontar esta etapa, necesitaba tranquilidad. Pero coincidiendo con su 28.\u00ba cumplea\u00f1os, la catalana ha reaparecido y, adem\u00e1s de festejar la vida, ha anunciado que los facultativos le han encontrado \u00abvarios n\u00f3dulos, bultos o <strong>tumores<\/strong>, algunos benignos, pero dos de ellos con bastante mala pinta\u00bb.<\/p>\n<p>Ante esta situaci\u00f3n, los profesionales sanitarios ya han hecho las correspondientes <strong>biopsias<\/strong> para conocer qu\u00e9 caracter\u00edsticas tienen los quistes que alberga su cuerpo para poder as\u00ed tomar las decisiones pertinentes y atajarlos debidamente y cuanto antes en el caso de que supongan un problema para su salud. \u00ab<strong>Estoy esperando los resultados, espero que quede en un susto<\/strong>\u00bb, ha deslizado ella y, a trav\u00e9s de la misma v\u00eda, ha justificado su ausencia: \u00abEs por eso que no me apetece crear contenido ni grabar videos\u00bb. Y consciente de lo que ha supuesto esto para su comunidad 2.0, ha pedido que \u00abno se preocupen m\u00e1s de la cuenta\u00bb.<\/p>\n<p>\n<img decoding=\"async\" loading=\"lazy\" class=\"size-medium wp-image-2405486\" alt=\"Anita Williams en el concierto de despedida de Andy y Lucas. (Foto: Gtres)\" width=\"620\" height=\"349\"  src=\"https:\/\/www.europesays.com\/es\/wp-content\/uploads\/2025\/09\/1758214691_923_placeholder.jpg\"  bad-src=\"https:\/\/www.europesays.com\/es\/wp-content\/uploads\/2025\/09\/1758214691_923_placeholder.jpg\"\/><\/p>\n<p><img decoding=\"async\" loading=\"lazy\" class=\"size-medium wp-image-2405486\" src=\"https:\/\/www.europesays.com\/es\/wp-content\/uploads\/2025\/10\/u592860_022-1-620x349.jpg\" alt=\"Anita Williams en el concierto de despedida de Andy y Lucas. (Foto: Gtres)\" width=\"620\" height=\"349\"  \/><\/p>\n<p> Anita Williams en el concierto de despedida de Andy y Lucas. (Foto: Gtres)\n<\/p>\n<p>Adem\u00e1s, ha utilizado el altavoz que le otorga su popularidad en la plataforma Instagram para trasladar un <strong>mensaje de prevenci\u00f3n<\/strong> a sus fans. \u00abQuiero deciros que vay\u00e1is al m\u00e9dico, porque\u00a0yo soy una persona que odia los hospitales y que no voy a no ser que est\u00e9 sintiendo que me muero o que me duela mucho, y a veces, pues <strong>si te duele algo, es que tu cuerpo te est\u00e1 hablando<\/strong> y hay que ir porque luego pasan estas cosas\u00bb, y, a continuaci\u00f3n, les ha recordado que les quiere \u00abmucho, mucho, mucho\u00bb y que, como ha verbalizado en otras ocasiones, son un gran apoyo para ella.<\/p>\n<p>Cumplea\u00f1os de Anita Williams<\/p>\n<p>Tal y como hemos mencionado anteriormente, este anuncio coincide en el tiempo con su <strong>cumplea\u00f1os<\/strong> y su fiesta para celebrar la vida. Pese a que la noticia la ha <strong>destrozado an\u00edmicamente<\/strong>, Anita ha sacado fuerzas y ha acudido a la reuni\u00f3n a la que estaban convocados todos los integrantes de su c\u00edrculo m\u00e1s cercano. \u00abNo me encuentro bien, pero lo celebrar\u00e9 porque la vida son dos d\u00edas\u00bb, ha dicho buscando as\u00ed un momento distendido que le sirva de escape y le aporte un chute de energ\u00eda para empezar una de las semanas m\u00e1s complicadas de su vida.<\/p>\n<blockquote class=\"instagram-media\" style=\"background: #FFF; border: 0; border-radius: 3px; box-shadow: 0 0 1px 0 rgba(0,0,0,0.5),0 1px 10px 0 rgba(0,0,0,0.15); margin: 1px; max-width: 540px; min-width: 326px; padding: 0; width: calc(100% - 2px);\" data-instgrm-captioned=\"\" data-instgrm-permalink=\"https:\/\/www.instagram.com\/reel\/DPzR2VqDJE_\/?utm_source=ig_embed&amp;utm_campaign=loading\" data-instgrm-version=\"14\">\n<\/blockquote>\n<p>De la misma manera, ha colgado un video recopilatorio de los momentos que mejor resumen sus 28 a\u00f1os de vida. En \u00e9l ha quedado reflejado su <strong>intenso pero fruct\u00edfero paso por televisi\u00f3n<\/strong>, sus vivencias junto a su hijo e incluso un recordatorio de c\u00f3mo fue la celebraci\u00f3n de su 18 aniversario, cuando se convirti\u00f3 en una mujer mayor de edad. Junto al clip, ha compartido una profunda reflexi\u00f3n. \u00abM\u00e1s que celebrar un n\u00famero, <strong>celebro seguir aqu\u00ed<\/strong>, aprendiendo, cayendo, levant\u00e1ndome y reinvent\u00e1ndome una y otra vez\u00bb, ha comenzado escribiendo. \u00abLa vida no siempre sale como so\u00f1amos\u00bb, ha se\u00f1alado. Y ha trasladado su punto de vista personal: \u00abA veces te rompe, te cambia, te quita lo que amas\u2026 pero tambi\u00e9n te ense\u00f1a a <strong>renacer desde los pedazos<\/strong>\u00bb.\u00a0 Y ha plasmado lo que significa realmente la <strong>felicidad<\/strong> para ella. Ese sentimiento: \u00abVive en lo simple, en un abrazo, en una sonrisa, en una noche en paz\u00bb. Y ha concluido con una rotunda frase: \u00abGracias, vida, por un a\u00f1o m\u00e1s\u00bb.<\/p>\n<p>\t\t\t\t\t\t\t<script async src=\"\/\/www.instagram.com\/embed.js\"><\/script><\/p>\n","protected":false},"excerpt":{"rendered":"Anita Williams ha vuelto a las redes para dar una noticia que ha devastado a todos sus seguidores.&hellip;\n","protected":false},"author":2,"featured_media":186214,"comment_status":"","ping_status":"","sticky":false,"template":"","format":"standard","meta":{"footnotes":""},"categories":[174],"tags":[52429,255,146,147,25,24,256,23],"class_list":{"0":"post-186213","1":"post","2":"type-post","3":"status-publish","4":"format-standard","5":"has-post-thumbnail","7":"category-famosos","8":"tag-anita-williams","9":"tag-celebrities","10":"tag-entertainment","11":"tag-entretenimiento","12":"tag-es","13":"tag-espana","14":"tag-famosos","15":"tag-spain"},"share_on_mastodon":{"url":"","error":""},"_links":{"self":[{"href":"https:\/\/www.europesays.com\/es\/wp-json\/wp\/v2\/posts\/186213","targetHints":{"allow":["GET"]}}],"collection":[{"href":"https:\/\/www.europesays.com\/es\/wp-json\/wp\/v2\/posts"}],"about":[{"href":"https:\/\/www.europesays.com\/es\/wp-json\/wp\/v2\/types\/post"}],"author":[{"embeddable":true,"href":"https:\/\/www.europesays.com\/es\/wp-json\/wp\/v2\/users\/2"}],"replies":[{"embeddable":true,"href":"https:\/\/www.europesays.com\/es\/wp-json\/wp\/v2\/comments?post=186213"}],"version-history":[{"count":0,"href":"https:\/\/www.europesays.com\/es\/wp-json\/wp\/v2\/posts\/186213\/revisions"}],"wp:featuredmedia":[{"embeddable":true,"href":"https:\/\/www.europesays.com\/es\/wp-json\/wp\/v2\/media\/186214"}],"wp:attachment":[{"href":"https:\/\/www.europesays.com\/es\/wp-json\/wp\/v2\/media?parent=186213"}],"wp:term":[{"taxonomy":"category","embeddable":true,"href":"https:\/\/www.europesays.com\/es\/wp-json\/wp\/v2\/categories?post=186213"},{"taxonomy":"post_tag","embeddable":true,"href":"https:\/\/www.europesays.com\/es\/wp-json\/wp\/v2\/tags?post=186213"}],"curies":[{"name":"wp","href":"https:\/\/api.w.org\/{rel}","templated":true}]}}