{"id":186217,"date":"2025-10-19T02:10:10","date_gmt":"2025-10-19T02:10:10","guid":{"rendered":"https:\/\/www.europesays.com\/es\/186217\/"},"modified":"2025-10-19T02:10:10","modified_gmt":"2025-10-19T02:10:10","slug":"tiene-ghost-rider-algun-futuro-en-el-ucm-diego-luna-habla-de-un-posible-regreso-como-el-motorista-fantasma","status":"publish","type":"post","link":"https:\/\/www.europesays.com\/es\/186217\/","title":{"rendered":"\u00bfTiene Ghost Rider alg\u00fan futuro en el UCM? Diego Luna habla de un posible regreso como el Motorista Fantasma"},"content":{"rendered":"<p>Cuando &#8216;<a href=\"https:\/\/www.ecartelera.com\/peliculas\/avengers-kang-dynasty\/\" rel=\"nofollow noopener\" target=\"_blank\">Avengers: Doomsday<\/a>&#8216; llegue a los cines en diciembre de 2026 nos vamos a saturar de superh\u00e9roes, regresos y cameos y todo apunta a que nos va a doler la cara de tanto poner expresi\u00f3n de sorpresa y que <b>nos va a hacer falta estudiar la gu\u00eda definitivas de personajes de Marvel antes de entrar a la sala.<\/b> <\/p>\n<p>Gabriel Luna habla sobre &#8216;Ghost Rider&#8217;<\/p>\n<p><video id=\"vid-13122\" class=\"video-js vjs-default-skin\" data-title=\"Gabriel Luna habla sobre 'Ghost Rider'\" poster=\"https:\/\/www.ecartelera.com\/images\/videos\/13100\/13122-m.jpg\" controls=\"\" preload=\"auto\" width=\"640\" height=\"360\" playsinline=\"\" data-vtt=\"\/\/v1.ecartelera.com\/video\/13100\/13122_sprite.vtt\" data-stream=\"1\">El navegador no soporta el tag de v\u00eddeo.<\/video><\/p>\n<p>X<\/p>\n<p>Por ahora la lista oficial que han anunciado es larga, pero larga, incorporando al <a href=\"https:\/\/www.ecartelera.com\/sagas\/universo-marvel\/\" rel=\"nofollow noopener\" target=\"_blank\">Universo Cinematogr\u00e1fico Marvel<\/a> a personajes que una vez pertenecieron a la 20th Century Fox y ahora vuelven a ser propiedad de Disney como los &#8216;<a href=\"https:\/\/www.ecartelera.com\/sagas\/x-men\/\" rel=\"nofollow noopener\" target=\"_blank\">X-Men<\/a>&#8216;. <\/p>\n<p>Entre los personajes cuyo regreso reclaman los fans nos encontramos con Ghost Rider, el motorista fantasma, al que <a href=\"https:\/\/www.ecartelera.com\/personas\/nicolas-cage\/\" rel=\"nofollow noopener\" target=\"_blank\">Nicolas Cage<\/a> puso cara en el cine con dos pel\u00edculas y <a href=\"https:\/\/www.ecartelera.com\/personas\/diego-luna\/\" rel=\"nofollow noopener\" target=\"_blank\">Diego Luna<\/a> interpret\u00f3 en la cuarta temporada de &#8216;<a href=\"https:\/\/www.ecartelera.com\/series\/marvel-agentes-de-shield\/\" rel=\"nofollow noopener\" target=\"_blank\">Agentes de SHIELD<\/a>&#8216;.<\/p>\n<p>\t\t\t\t\t\t\t<img decoding=\"async\" loading=\"lazy\" src=\"https:\/\/www.europesays.com\/es\/wp-content\/uploads\/2025\/10\/245761_tiene-ghost-rider-algun-futuro-en-el-ucm-diego-l.jpg\" alt=\"'Agentes de S.H.I.E.L.D.'\" width=\"1200\" height=\"675\"\/>\t<\/p>\n<p>\t\t\t\t\t\t&#8216;Agentes de S.H.I.E.L.D.&#8217; (Marvel Television)<\/p>\n<p>Esta \u00faltimo ha hablado de su posible futuro en el UCM en una entrevista con Josh Wilding (v\u00eda <a target=\"_blank\" href=\"https:\/\/comicbook.com\/movies\/news\/ghost-riders-mcu-future-officially-addressed-after-persistent-avengers-doomsday-rumors\/\" rel=\"nofollow noopener\">ComicBook Movie<\/a>) <b>en la que abre la puerta a su regreso en &#8216;<a href=\"https:\/\/www.ecartelera.com\/peliculas\/avengers-kang-dynasty\/\" rel=\"nofollow noopener\" target=\"_blank\">Doomsday<\/a>&#8216; o &#8216;<a href=\"https:\/\/www.ecartelera.com\/peliculas\/avengers-secret-wars\/\" rel=\"nofollow noopener\" target=\"_blank\">Avengers: Secret Wars<\/a>&#8216;<\/b> con esperanza: \u00abS\u00ed, me encanta Robbie, me encanta Ghost Rider. Sabes, tienen mi tel\u00e9fono. <\/p>\n<blockquote><p>\u00abEstoy abierto a ello. Como alguien que disfrut\u00f3 mucho de ese papel y ama a ese personaje con todo su coraz\u00f3n, y alguien que ama ese universo y su narrativa&#8230; siempre mantengo la puerta abierta. <\/p>\n<p>Me alegra mucho saber que la gente lo aprecia tanto, y creo que Clark [Gregg], Chloe [Bennet] y Ming [-Na Wen] estuvieron en la Comic Con de Nueva York hace poco, y alguien me envi\u00f3 un video de ellos hablando de m\u00ed con mucho cari\u00f1o en el escenario. B\u00e1sicamente aligieron esa cuarta temporada como su favorita, lo cual significa mucho, porque ten\u00edan una familia tan hermosa en esa serie y nos entregaron siete temporadas realmente maravillosas. Que consideren esa temporada como la joya de su experiencia es realmente especial\u00bb.<\/p>\n<\/blockquote>\n<p>En la serie, <a href=\"https:\/\/www.ecartelera.com\/personas\/clark-gregg\/\" rel=\"nofollow noopener\" target=\"_blank\">Clark Gregg<\/a> interpret\u00f3 a Phil Coulson, <a href=\"https:\/\/www.ecartelera.com\/personas\/chloe-bennet\/\" rel=\"nofollow noopener\" target=\"_blank\">Chloe Bennet<\/a> fue Daisy Johnson y <a href=\"https:\/\/www.ecartelera.com\/personas\/ming-na-wen\/\" rel=\"nofollow noopener\" target=\"_blank\">Ming-Na Wen<\/a> Melinda May.  <\/p>\n<p>\t\t\t\t\t\t\t<img decoding=\"async\" loading=\"lazy\" src=\"https:\/\/www.europesays.com\/es\/wp-content\/uploads\/2025\/10\/245764_tiene-ghost-rider-algun-futuro-en-el-ucm-diego-l.jpg\" alt=\"'Ghost Rider: El motorista fantasma'\" width=\"1200\" height=\"675\"\/>\t<\/p>\n<p>\t\t\t\t\t\t&#8216;Ghost Rider: El motorista fantasma&#8217; (Buena Vista International)<br \/>\n\t\t\t\t\t\t\u00bfY Cage?<\/p>\n<p>Eso s\u00ed, si Marvel opta por incorporar a Ghost Rider al UCM no tendr\u00eda que ser necesariamente interpretado por Luna, si no que podr\u00eda ser <a href=\"https:\/\/www.ecartelera.com\/personas\/nicolas-cage\/\" rel=\"nofollow noopener\" target=\"_blank\">Nicolas Cage<\/a> el que trajese de vuelta a su Johnny Blaze. De hecho, <a href=\"https:\/\/www.ecartelera.com\/personas\/ryan-reynolds\/\" rel=\"nofollow noopener\" target=\"_blank\">Ryan Reynolds<\/a> ya intent\u00f3 traerle de vuelta en &#8216;<a href=\"https:\/\/www.ecartelera.com\/peliculas\/deadpool-3\/\" rel=\"nofollow noopener\" target=\"_blank\">Deadpool y Lobezno<\/a>&#8216;, pero parece que el actor <a href=\"https:\/\/www.ecartelera.com\/noticias\/ryan-reynolds-regreso-nicolas-cage-deadpool-y-lobezno-77972\/\" rel=\"nofollow noopener\" target=\"_blank\">se neg\u00f3. <\/a><\/p>\n","protected":false},"excerpt":{"rendered":"Cuando &#8216;Avengers: Doomsday&#8216; llegue a los cines en diciembre de 2026 nos vamos a saturar de superh\u00e9roes, regresos&hellip;\n","protected":false},"author":2,"featured_media":186218,"comment_status":"","ping_status":"","sticky":false,"template":"","format":"standard","meta":{"footnotes":""},"categories":[169],"tags":[1014,1015,1013,177,1011,146,147,25,24,782,176,1019,1016,175,753,1012,23,1017,1018],"class_list":{"0":"post-186217","1":"post","2":"type-post","3":"status-publish","4":"format-standard","5":"has-post-thumbnail","7":"category-cine","8":"tag-actores","9":"tag-actrices","10":"tag-cartelera","11":"tag-cine","12":"tag-ecartelera","13":"tag-entertainment","14":"tag-entretenimiento","15":"tag-es","16":"tag-espana","17":"tag-estrellas","18":"tag-film","19":"tag-fotogramas","20":"tag-fotos","21":"tag-movies","22":"tag-peliculas","23":"tag-pelis","24":"tag-spain","25":"tag-trailers","26":"tag-videos"},"share_on_mastodon":{"url":"","error":""},"_links":{"self":[{"href":"https:\/\/www.europesays.com\/es\/wp-json\/wp\/v2\/posts\/186217","targetHints":{"allow":["GET"]}}],"collection":[{"href":"https:\/\/www.europesays.com\/es\/wp-json\/wp\/v2\/posts"}],"about":[{"href":"https:\/\/www.europesays.com\/es\/wp-json\/wp\/v2\/types\/post"}],"author":[{"embeddable":true,"href":"https:\/\/www.europesays.com\/es\/wp-json\/wp\/v2\/users\/2"}],"replies":[{"embeddable":true,"href":"https:\/\/www.europesays.com\/es\/wp-json\/wp\/v2\/comments?post=186217"}],"version-history":[{"count":0,"href":"https:\/\/www.europesays.com\/es\/wp-json\/wp\/v2\/posts\/186217\/revisions"}],"wp:featuredmedia":[{"embeddable":true,"href":"https:\/\/www.europesays.com\/es\/wp-json\/wp\/v2\/media\/186218"}],"wp:attachment":[{"href":"https:\/\/www.europesays.com\/es\/wp-json\/wp\/v2\/media?parent=186217"}],"wp:term":[{"taxonomy":"category","embeddable":true,"href":"https:\/\/www.europesays.com\/es\/wp-json\/wp\/v2\/categories?post=186217"},{"taxonomy":"post_tag","embeddable":true,"href":"https:\/\/www.europesays.com\/es\/wp-json\/wp\/v2\/tags?post=186217"}],"curies":[{"name":"wp","href":"https:\/\/api.w.org\/{rel}","templated":true}]}}