{"id":186230,"date":"2025-10-19T02:18:12","date_gmt":"2025-10-19T02:18:12","guid":{"rendered":"https:\/\/www.europesays.com\/es\/186230\/"},"modified":"2025-10-19T02:18:12","modified_gmt":"2025-10-19T02:18:12","slug":"que-se-sabe-de-una-boda-blindada-al-limite","status":"publish","type":"post","link":"https:\/\/www.europesays.com\/es\/186230\/","title":{"rendered":"qu\u00e9 se sabe de una boda blindada al l\u00edmite"},"content":{"rendered":"<p class=\"c-paragraph\"><a href=\"https:\/\/www.20minutos.es\/tags\/personas\/stella-del-carmen-banderas.html\" title=\"Stella del Carmen Banderas\" rel=\"nofollow noopener\" target=\"_blank\">Stella del Carmen<\/a>, hija de <a href=\"https:\/\/www.20minutos.es\/tags\/temas\/antonio-banderas.html\" title=\"Antonio Banderas\" rel=\"nofollow noopener\" target=\"_blank\">Antonio Banderas<\/a> y <a href=\"https:\/\/www.20minutos.es\/tags\/personas\/melanie-griffith.html\" title=\"Melanie Griffith\" rel=\"nofollow noopener\" target=\"_blank\">Melanie Griffith<\/a>, se ha casado este s\u00e1bado con el economista Alex Gruszynski en el hotel de cinco estrellas Abad\u00eda Retuerta LeDomaine, un antiguo monasterio del siglo XII situado en Sard\u00f3n de Duero (Valladolid), ante unos <b>250 invitados con numerosos rostros conocidos de Hollywood.<\/b><\/p>\n<p class=\"c-paragraph\">Acompa\u00f1ada de sus padres, Stella del Carmen, de 29 a\u00f1os, y Alex Gruszynski, vinculado a la industria del cine y a quien conoce desde su etapa escolar infantil, se han dado el s\u00ed quiero delante de invitados como <b>el actor Don Johnson<\/b>, primer esposo de Melanie Grifitth, y de la hija de ambos, Dakota Johnson.<\/p>\n<p class=\"c-paragraph\">Adem\u00e1s, seg\u00fan informa la revista \u00a1Hola!, las hijas del expresidente de Estados Unidos <b>Barack Obama, Malia y Sasha,<\/b> tambi\u00e9n han asistido al enlace, as\u00ed como la mujer de Sting, Trudie Styler.<\/p>\n<p>El brindis de Antonio Banderas con la prensa<\/p>\n<p class=\"c-paragraph\">Despu\u00e9s de celebrarse la ceremonia, Antonio Banderas <a href=\"https:\/\/www.20minutos.es\/television\/antonio-banderas-primeras-palabras-boda-hija-stella-carmen_6530211_0.html\" title=\"Primeras palabras de Antonio Banderas tras la boda de su hija, Stella del Carmen, y su gesto con los periodistas: &quot;Emocionante&quot;\" target=\"_blank\" rel=\"nofollow noopener\">ha salido a la puerta de la finca<\/a> y, visiblemente emocionado, <b>ha atendido a los numerosos medios<\/b> que se encontraban cubriendo el evento.<\/p>\n<p class=\"c-paragraph\">Ha destacado el ambiente familiar y emotivo de la ceremonia, as\u00ed como la alegr\u00eda que siente por ver a su hija casarse. <b>Ha a\u00f1adido que ha habido \u00ablagrimillas\u00bb<\/b> porque su hija y su yerno se conocen desde hace 25 a\u00f1os.<\/p>\n<p class=\"c-paragraph\">Ha a\u00f1adido que no ha habido nervios, sino elegancia, y ha querido agradecer a todas las personas que han trabajado en la boda as\u00ed como a <b>todos los pueblos de la zona que se han portado tan bien.<\/b><\/p>\n<p class=\"c-paragraph\">Finalmente, Antonio Banderas ha tenido el gesto de <b>brindar con la prensa y agradecerles su presencia.<\/b><\/p>\n<p class=\"c-paragraph\">Por otra parte, un vigilante de seguridad ha repartido de parte de los novios <b>comida a los periodistas.<\/b><\/p>\n<p>Una boda blindada<\/p>\n<p class=\"c-paragraph\"><b>El hermetismo y la privacidad <\/b>han gravitado en todo momento sobre la organizaci\u00f3n y el desarrollo de la boda, a pesar de la enorme expectaci\u00f3n levantada desde primeras hora de la ma\u00f1ana con profesionales de los medios de informaci\u00f3n, curiosos y fans situados junto a la verja de acceso al complejo hostelero, en un desv\u00edo de la N-122, pasado Sard\u00f3n de Duero, un pueblo de medio millar de vecinos.<\/p>\n<p class=\"c-paragraph\">Los invitados han entrado en coche a las instalaciones del complejo cuya direcci\u00f3n ha tenido que incrementar la seguridad a petici\u00f3n de la Subdelegaci\u00f3n del Gobierno en Valladolid, y los trabajadores del hotel <b>no han podido utilizar el tel\u00e9fono m\u00f3vil.<\/b><\/p>\n<p class=\"c-paragraph\"><b>El hotel tambi\u00e9n dispone de helipuerto<\/b> y ha servido de acceso a algunos de los cerca de 250 invitados que han disfrutado del evento.<\/p>\n<p class=\"c-paragraph\">La familia Banderas-Griffith ha ocupado <b>la pr\u00e1ctica totalidad de las treinta habitaciones <\/b>de que dispone este complejo de m\u00e1xima exclusividad, por lo que el resto de invitados se ha tenido que alojar en establecimientos de la zona como al antiguo monasterio de Santa Mar\u00eda, a pocos kil\u00f3metros en Valbuena de Duero, donde este pasado viernes ya se celebr\u00f3 una &#8216;preboda&#8217; en esta estaci\u00f3n termal.<\/p>\n<p class=\"c-paragraph\">M\u00e1s de un centenar de trabajadores entre <b>ch\u00f3feres, camareros, asistentes e instaladores<\/b> han tenido que firmar contratos de confidencialidad.<\/p>\n<p>Fans y pancartas<\/p>\n<p class=\"c-paragraph\">Ante estas limitaciones, algunos curiosos han tirado de humor como un grupo de amigos despleg\u00f3 una pancarta en la que se pod\u00eda leer <b>\u00abAmericanos, os recibimos con alegr\u00eda\u00bb<\/b>, una referencia a la pel\u00edcula de Luis Garc\u00eda Berlanga Bienvenido Mr. Marshall\u00a0(1953).<\/p>\n<p class=\"c-paragraph\">Tambi\u00e9n un vecino de Pe\u00f1afiel (Valladolid) ha sido interceptado por el equipo de seguridad del hotel cuando<b> intentaba entregar una carta a Antonio Banderas <\/b>y una familia ha acudido a Sard\u00f3n de Duero para que su hija intentara ver a Dakota Johnson, de la que se confiesa fan\u00e1tica.<\/p>\n<p class=\"c-paragraph\">Antonio Banderas lleg\u00f3 a Valladolid<b> en un vuelo privado el pasado mi\u00e9rcoles<\/b> para supervisar y ultimar todos los detalles del acontecimiento familiar.<\/p>\n<p>Enclave privilegiado<\/p>\n<p class=\"c-paragraph\">En medio de grandes medidas de seguridad, privada dentro del recinto hostelero y p\u00fablica en los alrededores y accesos a la finca, tanto desde la carretera N-122 como de la provincial VP-3001, la boda se ha celebrado en un complejo hostelero (Abad\u00eda Retuerta LeDomaine) que recuerda en esencia<b> el primitivo emplazamiento monacal del XII.<\/b><\/p>\n<p class=\"c-paragraph\">La finca consta de varias hect\u00e1reas de vi\u00f1edo, de un helipuerto en sus inmediaciones, tratamientos termales, <b>un restaurante con Estrella Michelin (&#8216;Refectorio&#8217;)<\/b> y estancias de lujo en un antiguo cenobio premostratense del siglo XII consagrado durante la \u00e9poca de la repoblaci\u00f3n y primera fundaci\u00f3n de la ciudad de Valladolid.<\/p>\n<p class=\"c-paragraph\">La curva de ballesta (&#8216;rivula torta&#8217;) que describe el r\u00edo Duero en sus inmediaciones inspir\u00f3 a los monjes el nombre de Retuerta que a\u00fan conserva este paraje ubicado a una treintena de kil\u00f3metros de Valladolid, y cuyos alrededores preludian a las claras el declive demogr\u00e1fico del interior peninsular que hace diez a\u00f1os el escritor Sergio del Molino <b>bautiz\u00f3 como la &#8216;Espa\u00f1a vac\u00eda&#8217;<\/b><\/p>\n","protected":false},"excerpt":{"rendered":"Stella del Carmen, hija de Antonio Banderas y Melanie Griffith, se ha casado este s\u00e1bado con el economista&hellip;\n","protected":false},"author":2,"featured_media":186231,"comment_status":"","ping_status":"","sticky":false,"template":"","format":"standard","meta":{"footnotes":""},"categories":[5],"tags":[1247,15601,17,18,25,24,13,14,27261,11,3983,19,20,27260,9,10,15,16,23,12,21,22],"class_list":{"0":"post-186230","1":"post","2":"type-post","3":"status-publish","4":"format-standard","5":"has-post-thumbnail","7":"category-titulares","8":"tag-antonio","9":"tag-banderas","10":"tag-breaking-news","11":"tag-breakingnews","12":"tag-es","13":"tag-espana","14":"tag-featured-news","15":"tag-featurednews","16":"tag-griffith","17":"tag-headlines","18":"tag-hija","19":"tag-latest-news","20":"tag-latestnews","21":"tag-melanie","22":"tag-news","23":"tag-noticias","24":"tag-noticias-destacadas","25":"tag-noticiasdestacadas","26":"tag-spain","27":"tag-titulares","28":"tag-ultimas-noticias","29":"tag-ultimasnoticias"},"share_on_mastodon":{"url":"","error":""},"_links":{"self":[{"href":"https:\/\/www.europesays.com\/es\/wp-json\/wp\/v2\/posts\/186230","targetHints":{"allow":["GET"]}}],"collection":[{"href":"https:\/\/www.europesays.com\/es\/wp-json\/wp\/v2\/posts"}],"about":[{"href":"https:\/\/www.europesays.com\/es\/wp-json\/wp\/v2\/types\/post"}],"author":[{"embeddable":true,"href":"https:\/\/www.europesays.com\/es\/wp-json\/wp\/v2\/users\/2"}],"replies":[{"embeddable":true,"href":"https:\/\/www.europesays.com\/es\/wp-json\/wp\/v2\/comments?post=186230"}],"version-history":[{"count":0,"href":"https:\/\/www.europesays.com\/es\/wp-json\/wp\/v2\/posts\/186230\/revisions"}],"wp:featuredmedia":[{"embeddable":true,"href":"https:\/\/www.europesays.com\/es\/wp-json\/wp\/v2\/media\/186231"}],"wp:attachment":[{"href":"https:\/\/www.europesays.com\/es\/wp-json\/wp\/v2\/media?parent=186230"}],"wp:term":[{"taxonomy":"category","embeddable":true,"href":"https:\/\/www.europesays.com\/es\/wp-json\/wp\/v2\/categories?post=186230"},{"taxonomy":"post_tag","embeddable":true,"href":"https:\/\/www.europesays.com\/es\/wp-json\/wp\/v2\/tags?post=186230"}],"curies":[{"name":"wp","href":"https:\/\/api.w.org\/{rel}","templated":true}]}}