{"id":186234,"date":"2025-10-19T02:21:11","date_gmt":"2025-10-19T02:21:11","guid":{"rendered":"https:\/\/www.europesays.com\/es\/186234\/"},"modified":"2025-10-19T02:21:11","modified_gmt":"2025-10-19T02:21:11","slug":"la-leyenda-de-la-ufc-que-regresa-al-boxeo-para-aparecer-en-la-cartelera-de-jake-paul-vs-gervonta-davis","status":"publish","type":"post","link":"https:\/\/www.europesays.com\/es\/186234\/","title":{"rendered":"La leyenda de la UFC que regresa al boxeo para aparecer en la cartelera de Jake Paul vs Gervonta Davis"},"content":{"rendered":"<p>El legendario <b>ex campe\u00f3n de UFC, Anderson Silva, volver\u00e1 al cuadril\u00e1tero este 14 de noviembre de 2025 para enfrentarse por tercera vez a uno de sus rivales m\u00e1s recordados: Chris Weidman<\/b>. Esta vez, el combate ser\u00e1 en el \u00e1mbito del boxeo profesional, <b>como parte de la cartelera del evento protagonizado por Jake Paul y Gervonta Davis<\/b> en el Kaseya Center en Miami, Florida.<\/p>\n<p>Aunque Silva y Weidman ya se enfrentaron dos veces en el pasado dentro del oct\u00e1gono de UFC, este combate marca un nuevo cap\u00edtulo, ahora bajo reglas de boxeo. Ser\u00e1 una pelea pactada a seis asaltos en la categor\u00eda de peso pesado, lo que representa un cambio importante considerando que ambos compitieron en peso medio durante sus a\u00f1os en MMA.<\/p>\n<p><b>Te podr\u00eda interesar: <\/b><a class=\"Link\" href=\"https:\/\/www.tvazteca.com\/aztecadeportes\/gattuso-en-la-cuerda-floja-italia-juega-su-pase-al-mundial-2026-y-su-tecnico-su\" rel=\"nofollow noopener\" target=\"_blank\"><br \/>\n        Gattuso en la cuerda floja: Italia juega su pase al Mundial 2026 y su t\u00e9cnico su futuro<br \/>\n      <\/a><\/p>\n<p>Anderson Silva regresa al boxeo para enfrentar a Chris Weidman en un cierre de trilog\u00eda\n<\/p>\n<p>La relaci\u00f3n entre Anderson Silva y Chris Weidman tiene un trasfondo profundo. En 2013, Weidman hizo historia al derrotar a Silva por nocaut en el evento UFC 162, terminando con una de las rachas m\u00e1s largas e impresionantes como campe\u00f3n en la historia del deporte. Meses despu\u00e9s, en la revancha en UFC 168, Silva sufri\u00f3 una fractura brutal en la pierna izquierda al intentar una patada, dejando una de las im\u00e1genes m\u00e1s impactantes del deporte y sellando su segunda derrota consecutiva ante el estadounidense.<\/p>\n<p>Desde entonces, los caminos de ambos han cambiado considerablemente. Silva se retir\u00f3 de la UFC en 2020, pero no del deporte. En lugar de colgar los guantes por completo, decidi\u00f3 probar suerte en el boxeo. En 2021 sorprendi\u00f3 al mundo venciendo al excampe\u00f3n mundial Julio C\u00e9sar Ch\u00e1vez Jr., y luego enfrent\u00f3 a Tito Ortiz y a Jake Paul, aunque perdi\u00f3 este \u00faltimo combate por decisi\u00f3n.<\/p>\n<p><b>Te podr\u00eda interesar: <\/b><a class=\"Link\" href=\"https:\/\/www.tvazteca.com\/aztecadeportes\/barcelona-recibe-buenas-noticas-previo-al-clasico-vs-real-madrid-en-liga-espanola\" rel=\"nofollow noopener\" target=\"_blank\"><br \/>\n        Barcelona recibe buenas noticas previo al Clasico Espa\u00f1ol vs Real Madrid en la Liga Espa\u00f1ola<br \/>\n      <\/a><\/p>\n<p class=\"VideoEnhancement-title\">\u00a1Arranca el Mundial Femenil Sub-17 2025! Todo sobre el Torneo en Marruecos<\/p>\n<p>Chris Weidman, por su parte, ha lidiado con lesiones graves y un largo proceso de recuperaci\u00f3n, especialmente despu\u00e9s de fracturarse la pierna, curiosamente de forma similar a la de Silva en 2021. Aunque ha vuelto a competir en MMA, el combate ante Silva ser\u00e1 su debut oficial en el boxeo profesional.<\/p>\n","protected":false},"excerpt":{"rendered":"El legendario ex campe\u00f3n de UFC, Anderson Silva, volver\u00e1 al cuadril\u00e1tero este 14 de noviembre de 2025 para&hellip;\n","protected":false},"author":2,"featured_media":186235,"comment_status":"","ping_status":"","sticky":false,"template":"","format":"standard","meta":{"footnotes":""},"categories":[276],"tags":[36913,51407,168,25,24,51436,51408,23,167,343,17182],"class_list":{"0":"post-186234","1":"post","2":"type-post","3":"status-publish","4":"format-standard","5":"has-post-thumbnail","7":"category-ufc","8":"tag-anderson-silva","9":"tag-chris-weidman","10":"tag-deportes","11":"tag-es","12":"tag-espana","13":"tag-gervonta-davis","14":"tag-jake-paul","15":"tag-spain","16":"tag-sports","17":"tag-ufc","18":"tag-vs"},"share_on_mastodon":{"url":"","error":""},"_links":{"self":[{"href":"https:\/\/www.europesays.com\/es\/wp-json\/wp\/v2\/posts\/186234","targetHints":{"allow":["GET"]}}],"collection":[{"href":"https:\/\/www.europesays.com\/es\/wp-json\/wp\/v2\/posts"}],"about":[{"href":"https:\/\/www.europesays.com\/es\/wp-json\/wp\/v2\/types\/post"}],"author":[{"embeddable":true,"href":"https:\/\/www.europesays.com\/es\/wp-json\/wp\/v2\/users\/2"}],"replies":[{"embeddable":true,"href":"https:\/\/www.europesays.com\/es\/wp-json\/wp\/v2\/comments?post=186234"}],"version-history":[{"count":0,"href":"https:\/\/www.europesays.com\/es\/wp-json\/wp\/v2\/posts\/186234\/revisions"}],"wp:featuredmedia":[{"embeddable":true,"href":"https:\/\/www.europesays.com\/es\/wp-json\/wp\/v2\/media\/186235"}],"wp:attachment":[{"href":"https:\/\/www.europesays.com\/es\/wp-json\/wp\/v2\/media?parent=186234"}],"wp:term":[{"taxonomy":"category","embeddable":true,"href":"https:\/\/www.europesays.com\/es\/wp-json\/wp\/v2\/categories?post=186234"},{"taxonomy":"post_tag","embeddable":true,"href":"https:\/\/www.europesays.com\/es\/wp-json\/wp\/v2\/tags?post=186234"}],"curies":[{"name":"wp","href":"https:\/\/api.w.org\/{rel}","templated":true}]}}