{"id":186246,"date":"2025-10-19T02:32:09","date_gmt":"2025-10-19T02:32:09","guid":{"rendered":"https:\/\/www.europesays.com\/es\/186246\/"},"modified":"2025-10-19T02:32:09","modified_gmt":"2025-10-19T02:32:09","slug":"revelan-la-causa-de-muerte-de-sam-rivers-bajista-de-limp-bizkit","status":"publish","type":"post","link":"https:\/\/www.europesays.com\/es\/186246\/","title":{"rendered":"Revelan la causa de muerte de Sam Rivers, bajista de Limp Bizkit"},"content":{"rendered":"<p class=\"article-body__paragraph\">Muri\u00f3 <a href=\"https:\/\/www.latercera.com\/etiqueta\/sam-rivers\/\" target=\"_self\" rel=\"nofollow noopener\" title=\"https:\/\/www.latercera.com\/etiqueta\/sam-rivers\/\"><b>Sam Rivers<\/b><\/a>, uno de los miembros fundadores del grupo estadounidense <a href=\"https:\/\/www.latercera.com\/etiqueta\/limp-bizkit\/\" target=\"_self\" rel=\"nofollow noopener\" title=\"https:\/\/www.latercera.com\/etiqueta\/limp-bizkit\/\">Limp Bizkit<\/a>. La muerte del bajista, de 48 a\u00f1os, fue confirmada este s\u00e1bado por el propio grupo a trav\u00e9s de sus redes sociales.<\/p>\n<p class=\"article-body__paragraph\">\u201cSam no era solo un bajista, era pura magia; el pulso debajo de cada canci\u00f3n, la calma en el caos, el alma en el sonido\u201d, se lee en la despedida de sus compa\u00f1eros de banda, Fred Durst, Wes Borland, su primo John Otto y DJ Lethal, que se manten\u00edan activos desde que se formaron en 1994 en Jacksonville, Florida.<\/p>\n<p class=\"article-body__paragraph\">Con Limp Bizkit, Sam Rivers vendi\u00f3 m\u00e1s de 40 millones de \u00e1lbumes en todo el mundo, incluyendo sus m\u00e1s grandes \u00e9xitos, el 7 veces disco de platino Significant Other (1999), Chocolate Starfish and the Hot Dog Flavored Water (2000) y el debut Three Dollar Bill, Y\u2019all$ (1997).<\/p>\n<p class=\"article-body__paragraph\">Entre sus referentes, Rivers citaba a Black Sabbath, Megadeth y Jeff Ament de Pearl Jam.<\/p>\n<p class=\"article-body__paragraph\">Junto al grupo de nu metal, el bajista se present\u00f3 varias veces en Chile, incluyendo una pasada por el festival Lollapalooza, y ten\u00edan fijado un show, como parte del \u201cLoserville Tour\u201d, para el pr\u00f3ximo 13 de diciembre en el Estadio Monumental.<\/p>\n<p><img alt=\"\" class=\"global-image\" decoding=\"async\"  src=\"https:\/\/www.europesays.com\/es\/wp-content\/uploads\/2025\/10\/THPAD6IKTZCZTMN23WQVGDPPLQ.jpg\"  fetchpriority=\"low\" loading=\"lazy\"\/>Revelan la causa de muerte de Sam Rivers, bajista de Limp Bizkit La causa de muerte de Sam Rivers, bajista de Limp Bizkit<\/p>\n<p class=\"article-body__paragraph\">Seg\u00fan detall\u00f3 Limp Bizkit en <a href=\"https:\/\/www.instagram.com\/limpbizkit\/\" target=\"_blank\" rel=\"noreferrer nofollow noopener\" title=\"https:\/\/www.instagram.com\/limpbizkit\/\">Instagram<\/a>, Sam Rivers falleci\u00f3 durante este s\u00e1bado, aunque el grupo esper\u00f3 hasta las 20 horas para comunicarlo. Su familia inform\u00f3 que su muerte ocurri\u00f3 tras una larga batalla contra el c\u00e1ncer, aunque no se especificaron m\u00e1s detalles sobre el tipo exacto ni las circunstancias finales.\u200b<\/p>\n<p class=\"article-body__paragraph\">Rivers hab\u00eda lidiado con problemas graves de salud durante varios a\u00f1os, incluyendo una enfermedad hep\u00e1tica que lo oblig\u00f3 a retirarse temporalmente de la banda en 2015 y que requiri\u00f3 un trasplante de h\u00edgado.<\/p>\n<p class=\"article-body__paragraph\">En el libro Raising Hell: Backstage Tales From The Lives Of Metal Legends, del periodista Jon Wiederhorn, Sam Rivers explic\u00f3 que tuvo que abandonar Limp Bizkit en 2015 debido a una grave enfermedad hep\u00e1tica causada por el consumo excesivo de alcohol, que deterior\u00f3 su h\u00edgado hasta necesitar un trasplante en 2017. Cont\u00f3 que intent\u00f3 mantenerse sobrio, pero recay\u00f3 varias veces antes de lograr estabilizar su salud tras la cirug\u00eda.\u200b\u200b<\/p>\n<p><img alt=\"\" class=\"global-image\" decoding=\"async\"  src=\"https:\/\/www.europesays.com\/es\/wp-content\/uploads\/2025\/10\/4LC2ADAJLFDPRAIDBMBQH4MO2Q.jpg\"  fetchpriority=\"low\" loading=\"lazy\"\/>Revelan la causa de muerte de Sam Rivers, bajista de Limp Bizkit Alison Toon <\/p>\n<p class=\"article-body__paragraph\">En una entrevista con Loudwire, el m\u00fasico cont\u00f3 que los m\u00e9dicos le advirtieron que si no dejaba de beber \u201ciba a morir\u201d, y que tras recibir el trasplante decidi\u00f3 cambiar radicalmente su estilo de vida y enfocarse en su recuperaci\u00f3n.\u200b<\/p>\n<p class=\"article-body__paragraph\">En 2024, durante el Festival Est\u00e9reo Picnic en Colombia, apareci\u00f3 con una camiseta con el mensaje \u201cFuck cancer\u201d, gesto que los medios interpretaron como una muestra p\u00fablica de su lucha contra la enfermedad. <\/p>\n<p class=\"article-body__paragraph\">Hasta su muerte, era considerado una figura central en el sonido distintivo del nu metal de los a\u00f1os 2000, junto a la base r\u00edtmica que formaba junto a John Otto y sus compa\u00f1eros Fred Durst, Wes Borland y DJ Lethal.\u200b<\/p>\n<p><script async src=\"\/\/www.instagram.com\/embed.js\"><\/script><\/p>\n","protected":false},"excerpt":{"rendered":"Muri\u00f3 Sam Rivers, uno de los miembros fundadores del grupo estadounidense Limp Bizkit. La muerte del bajista, de&hellip;\n","protected":false},"author":2,"featured_media":186247,"comment_status":"","ping_status":"","sticky":false,"template":"","format":"standard","meta":{"footnotes":""},"categories":[170],"tags":[52434,146,147,25,24,52436,37984,184,185,52435,166,52433,23],"class_list":{"0":"post-186246","1":"post","2":"type-post","3":"status-publish","4":"format-standard","5":"has-post-thumbnail","7":"category-musica","8":"tag-causa-de-muerte","9":"tag-entertainment","10":"tag-entretenimiento","11":"tag-es","12":"tag-espana","13":"tag-jon-wiederhorn","14":"tag-limp-bizkit","15":"tag-music","16":"tag-musica","17":"tag-raising-hell-backstage-tales-from-the-lives-of-metal-legends","18":"tag-salud","19":"tag-sam-rivers","20":"tag-spain"},"share_on_mastodon":{"url":"","error":""},"_links":{"self":[{"href":"https:\/\/www.europesays.com\/es\/wp-json\/wp\/v2\/posts\/186246","targetHints":{"allow":["GET"]}}],"collection":[{"href":"https:\/\/www.europesays.com\/es\/wp-json\/wp\/v2\/posts"}],"about":[{"href":"https:\/\/www.europesays.com\/es\/wp-json\/wp\/v2\/types\/post"}],"author":[{"embeddable":true,"href":"https:\/\/www.europesays.com\/es\/wp-json\/wp\/v2\/users\/2"}],"replies":[{"embeddable":true,"href":"https:\/\/www.europesays.com\/es\/wp-json\/wp\/v2\/comments?post=186246"}],"version-history":[{"count":0,"href":"https:\/\/www.europesays.com\/es\/wp-json\/wp\/v2\/posts\/186246\/revisions"}],"wp:featuredmedia":[{"embeddable":true,"href":"https:\/\/www.europesays.com\/es\/wp-json\/wp\/v2\/media\/186247"}],"wp:attachment":[{"href":"https:\/\/www.europesays.com\/es\/wp-json\/wp\/v2\/media?parent=186246"}],"wp:term":[{"taxonomy":"category","embeddable":true,"href":"https:\/\/www.europesays.com\/es\/wp-json\/wp\/v2\/categories?post=186246"},{"taxonomy":"post_tag","embeddable":true,"href":"https:\/\/www.europesays.com\/es\/wp-json\/wp\/v2\/tags?post=186246"}],"curies":[{"name":"wp","href":"https:\/\/api.w.org\/{rel}","templated":true}]}}