{"id":186260,"date":"2025-10-19T02:40:22","date_gmt":"2025-10-19T02:40:22","guid":{"rendered":"https:\/\/www.europesays.com\/es\/186260\/"},"modified":"2025-10-19T02:40:22","modified_gmt":"2025-10-19T02:40:22","slug":"una-fachada-con-riesgo-de-desplome-obliga-a-intervenir-a-los-bomberos-de-leon","status":"publish","type":"post","link":"https:\/\/www.europesays.com\/es\/186260\/","title":{"rendered":"Una fachada con riesgo de desplome obliga a intervenir a los Bomberos de Le\u00f3n"},"content":{"rendered":"<p><a class=\"v-mdl-ath__fig-a\" href=\"https:\/\/www.leonoticias.com\/autor\/lucia-gutierrez-6491.html\" title=\"Luc\u00eda Guti\u00e9rrez\" rel=\"nofollow noopener\" target=\"_blank\"><br \/>\n<img decoding=\"async\" class=\"v-mdl-ath__img\" src=\"https:\/\/www.europesays.com\/es\/wp-content\/uploads\/2025\/08\/autor-6491-foto-1.jpeg\" alt=\"Luc\u00eda Guti\u00e9rrez\"\/><br \/>\n<\/a><\/p>\n<p class=\"v-mdl-ath__p v-mdl-ath__p--6\">\nS\u00e1bado, 18 de octubre 2025, 12:19<\/p>\n<p class=\"v-p\">Los Bomberos de Le\u00f3n tuvieron que intervenir en un edificio de cuatro plantas situado en el municipio de Villaquilambre, ante el grave riesgo de desplome de su fachada.<\/p>\n<p class=\"v-p\">El inmueble, que lleva tiempo deshabitado, presentaba un avanzado estado de deterioro, con grietas visibles que amenazaban con desprenderse y poner en peligro a los viandantes. Ante esta situaci\u00f3n, los bomberos se vieron obligados a actuar con una gr\u00faa para comenzar a retirar parte del revestimiento desde la parte superior del edificio.<\/p>\n<p class=\"v-p\">Durante la intervenci\u00f3n, se procedi\u00f3 adem\u00e1s a cortar el paso por la acera contigua para garantizar la seguridad de los peatones. El revestimiento de la fachada fue eliminado de forma controlada, asegurando as\u00ed la zona y evitando posibles incidentes.<\/p>\n<p><a href=\"http:\/\/www.leonoticias.com\/comarcas\/grupo-whatsapp-vecinos-villablino-evita-ocupacion-ilegal-20251017094810-nt.html#vtm_modulosEngag=mod-rel:leon:noticia:1:cmp:1-not\" class=\"v-a-link\" title=\"Un grupo de WhatsApp entre vecinos de Villablino evita la ocupaci\u00f3n ilegal de una vivienda\" rel=\"nofollow noopener\" target=\"_blank\"><br \/>\n<img decoding=\"async\" loading=\"lazy\" src=\"https:\/\/www.europesays.com\/es\/wp-content\/uploads\/2025\/10\/3d7a92a7-efe8-467f-acb9-3adc1f8ce544-ktlB--1200x840@Leonoticias.jpg\" class=\"v-a-img\" width=\"258\" height=\"180\" alt=\"Un grupo de WhatsApp entre vecinos de Villablino evita la ocupaci\u00f3n ilegal de una vivienda\"\/><\/p>\n<p><\/a><\/p>\n<p class=\"v-p\">Gracias a la r\u00e1pida actuaci\u00f3n de los Bomberos de Le\u00f3n, el riesgo para los vecinos fue m\u00ednimo y la zona permanece ahora bajo vigilancia para prevenir nuevos desprendimientos.<\/p>\n<p>Reporta un error<\/p>\n","protected":false},"excerpt":{"rendered":"S\u00e1bado, 18 de octubre 2025, 12:19 Los Bomberos de Le\u00f3n tuvieron que intervenir en un edificio de cuatro&hellip;\n","protected":false},"author":2,"featured_media":186261,"comment_status":"","ping_status":"","sticky":false,"template":"","format":"standard","meta":{"footnotes":""},"categories":[8],"tags":[4343,17,18,13199,25,24,25317,13,14,11,9575,19,20,4108,9,10,15,16,972,1288,23,12,21,22],"class_list":{"0":"post-186260","1":"post","2":"type-post","3":"status-publish","4":"format-standard","5":"has-post-thumbnail","7":"category-espana","8":"tag-bomberos","9":"tag-breaking-news","10":"tag-breakingnews","11":"tag-desplome","12":"tag-es","13":"tag-espana","14":"tag-fachada","15":"tag-featured-news","16":"tag-featurednews","17":"tag-headlines","18":"tag-intervenir","19":"tag-latest-news","20":"tag-latestnews","21":"tag-leon","22":"tag-news","23":"tag-noticias","24":"tag-noticias-destacadas","25":"tag-noticiasdestacadas","26":"tag-obliga","27":"tag-riesgo","28":"tag-spain","29":"tag-titulares","30":"tag-ultimas-noticias","31":"tag-ultimasnoticias"},"share_on_mastodon":{"url":"","error":""},"_links":{"self":[{"href":"https:\/\/www.europesays.com\/es\/wp-json\/wp\/v2\/posts\/186260","targetHints":{"allow":["GET"]}}],"collection":[{"href":"https:\/\/www.europesays.com\/es\/wp-json\/wp\/v2\/posts"}],"about":[{"href":"https:\/\/www.europesays.com\/es\/wp-json\/wp\/v2\/types\/post"}],"author":[{"embeddable":true,"href":"https:\/\/www.europesays.com\/es\/wp-json\/wp\/v2\/users\/2"}],"replies":[{"embeddable":true,"href":"https:\/\/www.europesays.com\/es\/wp-json\/wp\/v2\/comments?post=186260"}],"version-history":[{"count":0,"href":"https:\/\/www.europesays.com\/es\/wp-json\/wp\/v2\/posts\/186260\/revisions"}],"wp:featuredmedia":[{"embeddable":true,"href":"https:\/\/www.europesays.com\/es\/wp-json\/wp\/v2\/media\/186261"}],"wp:attachment":[{"href":"https:\/\/www.europesays.com\/es\/wp-json\/wp\/v2\/media?parent=186260"}],"wp:term":[{"taxonomy":"category","embeddable":true,"href":"https:\/\/www.europesays.com\/es\/wp-json\/wp\/v2\/categories?post=186260"},{"taxonomy":"post_tag","embeddable":true,"href":"https:\/\/www.europesays.com\/es\/wp-json\/wp\/v2\/tags?post=186260"}],"curies":[{"name":"wp","href":"https:\/\/api.w.org\/{rel}","templated":true}]}}