{"id":186275,"date":"2025-10-19T02:51:17","date_gmt":"2025-10-19T02:51:17","guid":{"rendered":"https:\/\/www.europesays.com\/es\/186275\/"},"modified":"2025-10-19T02:51:17","modified_gmt":"2025-10-19T02:51:17","slug":"quien-es-quien-en-la-boda-de-stella-del-carmen-hija-de-antonio-banderas","status":"publish","type":"post","link":"https:\/\/www.europesays.com\/es\/186275\/","title":{"rendered":"Qui\u00e9n es qui\u00e9n en la boda de Stella del Carmen, hija de Antonio Banderas"},"content":{"rendered":"<p class=\"v-mdl-ath__p v-mdl-ath__p--2\">\nIgnacio Repilado\n<\/p>\n<p class=\"v-mdl-ath__p v-mdl-ath__p--3\">\nValladolid\n<\/p>\n<p class=\"v-mdl-ath__p v-mdl-ath__p--6\">\nS\u00e1bado, 18 de octubre 2025, 21:54<\/p>\n<p>| Actualizado 23:22h.<\/p>\n<p class=\"v-p\">El d\u00eda del enlace m\u00e1s esperado del oto\u00f1o, la Ribera del Duero concentraba la atenci\u00f3n de toda la provincia de Valladolid. <a href=\"https:\/\/www.elcorreo.com\/gente-estilo\/banderas-brinda-felicidad-hija-stella-desvela-eligieron-20251018211006-ntrc.html\" target=\"_blank\" data-voc-vtm-id=\"in-text-traffic\" title=\"La boda de Stella del Carmen Banderas\" rel=\"nofollow noopener\">La boda de Stella del Carmen Banderas<\/a> \u2013hija de Antonio Banderas y Melanie Griffith\u2013 y Alex Gruszynski se celebr\u00f3 este s\u00e1bado en el hotel Abad\u00eda Retuerta LeDomaine, monasterio del siglo XII reconvertido en alojamiento de cinco estrellas (y tres Llaves Michelin) ubicado en la localidad vallisoletana de Sard\u00f3n de Duero.<\/p>\n<p class=\"v-p\">La lista de los asistentes superaba las 200 personas entre familiares, amigos y colaboradores profesionales. Entre los m\u00e1s esperados destacaron la madre de la novia, Melanie Griffith; la abuela materna, la actriz Tippi Hedren; Don Johnson; y Dakota Johnson, media hermana de Stella.<\/p>\n<p><a href=\"http:\/\/www.elcorreo.com\/gente-estilo\/anecdotas-boda-stella-carmen-carta-banderas-locura-20251018212938-ntrc.html#vtm_modulosEngag=mod-rel:gente-estilo:noticia:1:cmp:1-not\" class=\"v-a-link\" aria-label=\"Imagen\" rel=\"nofollow noopener\" target=\"_blank\"><\/p>\n<p><img decoding=\"async\" loading=\"lazy\" src=\"https:\/\/www.europesays.com\/es\/wp-content\/uploads\/2025\/10\/boda-banderas-anecdotas-kOmG--366x256@RC.jpg\" class=\"v-a-img\" width=\"258\" height=\"180\" alt=\"\" data-voc-vtm-id=\"in-text-traffic\"\/><\/p>\n<p><\/a><\/p>\n<p class=\"v-p\">Tambi\u00e9n estuvieron presentes allegados del c\u00edrculo cercano: Grace Johnson, a quien Stella considera pr\u00e1cticamente una hermana; Adaline Gruszynski, hermana del novio; y Antonio Banderas, padre de la novia, que jug\u00f3 un papel central en los actos familiares.<\/p>\n<p class=\"v-p\">A continuaci\u00f3n, damos m\u00e1s detalles de los asistentes m\u00e1s destacados.<\/p>\n<p><img decoding=\"async\" loading=\"lazy\" src=\"https:\/\/www.europesays.com\/es\/wp-content\/uploads\/2025\/10\/melanie-griffith.jpg\" class=\"v-a-img\" width=\"650\" height=\"455\" alt=\"Melanie Griffith.\" data-voc-vtm-id=\"in-text-traffic\"\/><\/p>\n<p>Melanie Griffith.<\/p>\n<p>DPA<\/p>\n<p><img loading=\"lazy\" decoding=\"async\" src=\"https:\/\/www.europesays.com\/es\/wp-content\/uploads\/2025\/10\/melanie-griffith.jpg\" class=\"v-mdl__img-z\" width=\"1920\" height=\"1344\" alt=\"\"\/><\/p>\n<p class=\"v-p\"><strong>Melanie Griffith, madre de Stella<\/strong><\/p>\n<p class=\"v-p\">Melanie Griffith (Nueva York, 1957) es una actriz estadounidense conocida por papeles en pel\u00edculas como Working Girl, Something Wild y Body Double. Hija de la actriz Tippi Hedren, Griffith ha tenido una carrera larga en cine y televisi\u00f3n y ha formado parte de una saga familiar de actores. Es la madre de Stella del Carmen (a quien tuvo con Antonio Banderas) y ha mantenido un perfil p\u00fablico combinado con una vida familiar muy medi\u00e1tica.<\/p>\n<p><img decoding=\"async\" loading=\"lazy\" src=\"https:\/\/www.europesays.com\/es\/wp-content\/uploads\/2025\/10\/antonio-banderas-xy.jpg\" class=\"v-a-img\" width=\"650\" height=\"455\" alt=\"Antonio Banderas, en un acto anterior en Valladolid.\" data-voc-vtm-id=\"in-text-traffic\"\/><\/p>\n<p>Antonio Banderas, en un acto anterior en Valladolid.<\/p>\n<p>C. Espeso<\/p>\n<p><img loading=\"lazy\" decoding=\"async\" src=\"https:\/\/www.europesays.com\/es\/wp-content\/uploads\/2025\/10\/antonio-banderas-xy.jpg\" class=\"v-mdl__img-z\" width=\"1920\" height=\"1344\" alt=\"\"\/><\/p>\n<p class=\"v-p\"><strong>Antonio Banderas, padre de Stella<\/strong><\/p>\n<p class=\"v-p\">Antonio Banderas (M\u00e1laga, 1960) es un actor, director y productor espa\u00f1ol de fama internacional gracias a su papel en pel\u00edculas como &#8216;The Mask of Zorro&#8217;, &#8216;La piel que habito&#8217;; as\u00ed como trabajos con Pedro Almod\u00f3var y una amplia carrera en Hollywood. Es el padre biol\u00f3gico de Stella (nacida en Marbella en 1996), y estuvo casado con Melanie Griffith entre 1996 y 2015. Figura p\u00fablicamente como el padre de la novia, y en entrevistas recientes ha expresado su orgullo y apoyo hacia Stella y al novio.<\/p>\n<p><img decoding=\"async\" loading=\"lazy\" src=\"https:\/\/www.europesays.com\/es\/wp-content\/uploads\/2025\/10\/novio-stella-boda.jpg\" class=\"v-a-img\" width=\"650\" height=\"455\" alt=\"Alex Gruszynski, junto a Stella del Carmen Banderas.\" data-voc-vtm-id=\"in-text-traffic\"\/><\/p>\n<p>Alex Gruszynski, junto a Stella del Carmen Banderas.<\/p>\n<p>ABC<\/p>\n<p><img loading=\"lazy\" decoding=\"async\" src=\"https:\/\/www.europesays.com\/es\/wp-content\/uploads\/2025\/10\/novio-stella-boda.jpg\" class=\"v-mdl__img-z\" width=\"1920\" height=\"1344\" alt=\"\"\/><\/p>\n<p class=\"v-p\"><strong>Alex Gruszynski, novio y prometido de Stella<\/strong><\/p>\n<p class=\"v-p\">Alex Gruszynski (Los Angeles, 1996) es un empresario de origen estadounidense con ra\u00edces polacas. Tiene un fuerte v\u00ednculo con el sector tecnol\u00f3gico y creativo. Es cofundador y CEO de NOVA, una plataforma destinada a conectar a profesionales creativos con oportunidades laborales, y aparece en listados como &#8217;30 Under 30&#8242;, de la revista Forbes, por su trabajo con dicha &#8216;start up&#8217;. Estudi\u00f3 en el \u00e1rea de negocios en la University of Southern California y figura en su perfil de LinkedIn como residente en Los \u00c1ngeles<\/p>\n<p class=\"v-p\">Sobre su relaci\u00f3n con Stella Banderas, se trata de un noviazgo de larga trayectoria; ya que diferentes medios afirman que se conocieron en la infancia; y mantuvieron una relaci\u00f3n de amistad durante a\u00f1os. Al parecer, retomaron la relaci\u00f3n siendo adultos (con un periodo de noviazgo iniciado en 2015), pero tuvieron una breve ruptura alrededor de 2019 y se reconciliaron en 2023, seg\u00fan cuentan varias cr\u00f3nicas sobre la pareja.<\/p>\n<p class=\"v-p\">El compromiso se hizo p\u00fablico en agosto de 2024 a trav\u00e9s de las redes y de un anuncio de la familia, y ambos han fijado la celebraci\u00f3n en Espa\u00f1a para ma\u00f1ana, d\u00eda 18 de octubre de 2025.<\/p>\n<p><img decoding=\"async\" loading=\"lazy\" src=\"https:\/\/www.europesays.com\/es\/wp-content\/uploads\/2025\/10\/don-johnson.jpg\" class=\"v-a-img\" width=\"650\" height=\"455\" alt=\"Don Johnson, durante una visita a Valencia en 2007.\" data-voc-vtm-id=\"in-text-traffic\"\/><\/p>\n<p>Don Johnson, durante una visita a Valencia en 2007.<\/p>\n<p>J. Signes<\/p>\n<p><img loading=\"lazy\" decoding=\"async\" src=\"https:\/\/www.europesays.com\/es\/wp-content\/uploads\/2025\/10\/don-johnson.jpg\" class=\"v-mdl__img-z\" width=\"1920\" height=\"1344\" alt=\"\"\/><\/p>\n<p class=\"v-p\"><strong>Don Johnson, exmarido de la madre de Stella<\/strong><\/p>\n<p class=\"v-p\">Donald Wayne Johnson (Flat Creek, Misuri, 1949) es un actor y productor estadounidense cuya fama lleg\u00f3 con el papel del detective Sonny Crockett en la serie Miami Vice, por la que obtuvo un Globo de Oro como Mejor Actor en una serie dram\u00e1tica. M\u00e1s tarde protagoniz\u00f3 la serie Nash Bridges (1996\u20132001) y ha seguido apareciendo en cine y televisi\u00f3n. Entre sus papeles recientes figuran Django desencadenado (2012) y Knives Out (Pu\u00f1ales por la espalda) (2019).<\/p>\n<p class=\"v-p\">En lo personal, Johnson ha estado casado varias veces: su relaci\u00f3n con Melanie Griffith fue turbulenta y se casaron dos veces (un matrimonio breve en 1976 y una segunda uni\u00f3n que dur\u00f3 de 1989 a 1996). Precisamente, de esa segunda etapa naci\u00f3 Dakota Johnson, la media hermana de Stella. Desde 1999 est\u00e1 casado con Kelley Phleger. En relaci\u00f3n con Stella del Carmen Banderas, la funci\u00f3n de Don Johnson en el \u00e1rbol familiar es la de exmarido de Melanie y padre de la media hermana de Stella (Dakota); aunque no es su padre biol\u00f3gico ni su padrastro legal.<\/p>\n<p><img decoding=\"async\" loading=\"lazy\" src=\"https:\/\/www.europesays.com\/es\/wp-content\/uploads\/2025\/10\/dakota-johnson.jpg\" class=\"v-a-img\" width=\"650\" height=\"455\" alt=\"Dakota Johnson.\" data-voc-vtm-id=\"in-text-traffic\"\/><\/p>\n<p>Dakota Johnson.<\/p>\n<p>Reuters<\/p>\n<p><img loading=\"lazy\" decoding=\"async\" src=\"https:\/\/www.europesays.com\/es\/wp-content\/uploads\/2025\/10\/dakota-johnson.jpg\" class=\"v-mdl__img-z\" width=\"1920\" height=\"1344\" alt=\"\"\/><\/p>\n<p class=\"v-p\"><strong>Dakota Johnson, media hermana<\/strong><\/p>\n<p class=\"v-p\">Dakota Johnson (Austin, Texas, 1989) es una actriz conocida internacionalmente por la trilog\u00eda Cincuenta sombras y por otros trabajos m\u00e1s independientes en cine. Es hija de Melanie Griffith y Don Johnson, por lo tanto media hermana de Stella (comparten madre). Dakota mantiene buena relaci\u00f3n con la familia (ha hablado p\u00fablicamente del papel positivo que Antonio Banderas tuvo en su vida) y estaba confirmada en listas de asistentes al medi\u00e1tico enlace.<\/p>\n<p><img decoding=\"async\" loading=\"lazy\" src=\"https:\/\/www.europesays.com\/es\/wp-content\/uploads\/2025\/10\/tippi-hedren.jpg\" class=\"v-a-img\" width=\"650\" height=\"455\" alt=\"Tippi Hedren, en una visita a M\u00e1laga en 2007.\" data-voc-vtm-id=\"in-text-traffic\"\/><\/p>\n<p>Tippi Hedren, en una visita a M\u00e1laga en 2007.<\/p>\n<p>S. Salas<\/p>\n<p><img loading=\"lazy\" decoding=\"async\" src=\"https:\/\/www.europesays.com\/es\/wp-content\/uploads\/2025\/10\/tippi-hedren.jpg\" class=\"v-mdl__img-z\" width=\"1920\" height=\"1344\" alt=\"\"\/><\/p>\n<p class=\"v-p\"><strong>Tippi Hedren, abuela materna<\/strong><\/p>\n<p class=\"v-p\">Nathalie Kay Hedren, m\u00e1s conocida como Tippi Hedren (New Ulm, Minnesota, 1930), es una actriz estadounidense veterana, famosa por su trabajo con Alfred Hitchcock en Los p\u00e1jaros y Marnie. Es la madre de Melanie Griffith y, por tanto, la abuela materna de Stella. Hedren forma parte de la saga familiar que conecta a tres generaciones de actrices; al ser una figura de Hollywood con gran historia detr\u00e1s.<\/p>\n<p><img decoding=\"async\" loading=\"lazy\" src=\"https:\/\/www.europesays.com\/es\/wp-content\/uploads\/2025\/10\/chris-martin.jpg\" class=\"v-a-img\" width=\"650\" height=\"455\" alt=\"Chris Martin, en un concierto de Coldplay en Las Vegas, en junio pasado.\" data-voc-vtm-id=\"in-text-traffic\"\/><\/p>\n<p>Chris Martin, en un concierto de Coldplay en Las Vegas, en junio pasado.<\/p>\n<p>AFP<\/p>\n<p><img loading=\"lazy\" decoding=\"async\" src=\"https:\/\/www.europesays.com\/es\/wp-content\/uploads\/2025\/10\/chris-martin.jpg\" class=\"v-mdl__img-z\" width=\"1920\" height=\"1344\" alt=\"\"\/><\/p>\n<p class=\"v-p\"><strong>Chris Martin, ex de la media hermana<\/strong><\/p>\n<p class=\"v-p\">Christopher Anthony John Martin, m\u00e1s conocido como Chris Martin (Whitestone, Reino Unido, 1977) es un cantante, compositor, m\u00fasico y productor brit\u00e1nico, conocido por ser el vocalista, pianista y cofundador del grupo musical Coldplay.<\/p>\n<p class=\"v-p\">Chris mantuvo desde 2017 una relaci\u00f3n larga con Dakota Johnson, la media hermana de Stella. Debido a ese rol ha pasado a formar parte del entorno \u00edntimo de la familia en periodos concretos. Sobre el estado actual de la relaci\u00f3n entre Chris y Dakota hay discrepancias en la prensa: algunos medios afirman que siguen juntos, mientras que otros se\u00f1alaron rupturas entre 2024 y 2025.<\/p>\n<p>Reporta un error<\/p>\n","protected":false},"excerpt":{"rendered":"Ignacio Repilado Valladolid S\u00e1bado, 18 de octubre 2025, 21:54 | Actualizado 23:22h. El d\u00eda del enlace m\u00e1s esperado&hellip;\n","protected":false},"author":2,"featured_media":186276,"comment_status":"","ping_status":"","sticky":false,"template":"","format":"standard","meta":{"footnotes":""},"categories":[174],"tags":[1247,15601,3158,14750,255,146,147,25,24,256,3983,23,15736],"class_list":{"0":"post-186275","1":"post","2":"type-post","3":"status-publish","4":"format-standard","5":"has-post-thumbnail","7":"category-famosos","8":"tag-antonio","9":"tag-banderas","10":"tag-boda","11":"tag-carmen","12":"tag-celebrities","13":"tag-entertainment","14":"tag-entretenimiento","15":"tag-es","16":"tag-espana","17":"tag-famosos","18":"tag-hija","19":"tag-spain","20":"tag-stella"},"share_on_mastodon":{"url":"","error":""},"_links":{"self":[{"href":"https:\/\/www.europesays.com\/es\/wp-json\/wp\/v2\/posts\/186275","targetHints":{"allow":["GET"]}}],"collection":[{"href":"https:\/\/www.europesays.com\/es\/wp-json\/wp\/v2\/posts"}],"about":[{"href":"https:\/\/www.europesays.com\/es\/wp-json\/wp\/v2\/types\/post"}],"author":[{"embeddable":true,"href":"https:\/\/www.europesays.com\/es\/wp-json\/wp\/v2\/users\/2"}],"replies":[{"embeddable":true,"href":"https:\/\/www.europesays.com\/es\/wp-json\/wp\/v2\/comments?post=186275"}],"version-history":[{"count":0,"href":"https:\/\/www.europesays.com\/es\/wp-json\/wp\/v2\/posts\/186275\/revisions"}],"wp:featuredmedia":[{"embeddable":true,"href":"https:\/\/www.europesays.com\/es\/wp-json\/wp\/v2\/media\/186276"}],"wp:attachment":[{"href":"https:\/\/www.europesays.com\/es\/wp-json\/wp\/v2\/media?parent=186275"}],"wp:term":[{"taxonomy":"category","embeddable":true,"href":"https:\/\/www.europesays.com\/es\/wp-json\/wp\/v2\/categories?post=186275"},{"taxonomy":"post_tag","embeddable":true,"href":"https:\/\/www.europesays.com\/es\/wp-json\/wp\/v2\/tags?post=186275"}],"curies":[{"name":"wp","href":"https:\/\/api.w.org\/{rel}","templated":true}]}}