{"id":186279,"date":"2025-10-19T02:55:11","date_gmt":"2025-10-19T02:55:11","guid":{"rendered":"https:\/\/www.europesays.com\/es\/186279\/"},"modified":"2025-10-19T02:55:11","modified_gmt":"2025-10-19T02:55:11","slug":"quien-es-iannis-biblos-el-argentino-que-llego-a-la-final-del-reality-de-la-empresa-de-bts-que-busca-formar-una-boy-band-latina","status":"publish","type":"post","link":"https:\/\/www.europesays.com\/es\/186279\/","title":{"rendered":"Qui\u00e9n es Iannis Biblos, el argentino que lleg\u00f3 a la final del reality de la empresa de BTS que busca formar una boy band latina"},"content":{"rendered":"<p>El cantante bonaerense se posiciona entre los diez finalistas de \u201cSantos Bravos\u201d, producido por HYBE Latin America, la empresa detr\u00e1s del fen\u00f3meno BTS y la m\u00fasica k-pop. La gran final ser\u00e1 el 21 de octubre en el Auditorio Nacional de M\u00e9xico.<\/p>\n<p><a class=\"link\" href=\"https:\/\/www.canal26.com\/redactor\/evelyn-quinteros-rios\/\" target=\"_self\" rel=\"nofollow noopener\"><img src=\"https:\/\/www.europesays.com\/es\/wp-content\/uploads\/2025\/10\/https:\/\/author-service-images-prod-us-east-1.publishing.aws.arc.pub\/canal26\/51c97fd8-eb50-48ab-ba93-.jpeg\" alt=\"Evelyn Quinteros Rios\" class=\"global-image twoxl-1-1 xl-1-1 lg-1-1 md-1-1 sm-1-1 xsm-1-1\" decoding=\"async\"   fetchpriority=\"low\" loading=\"lazy\"\/><\/a><img src=\"https:\/\/www.europesays.com\/es\/wp-content\/uploads\/2025\/10\/MI7D4LHLNZGJHEJEGSUGJZC22U.jpeg\" alt=\"Iannis Biblos, el concursante argentino que pelea su lugar en la boy band del reality &quot;Santos Bravos&quot;.\" class=\"global-image twoxl-16-9 xl-16-9 lg-16-9 md-16-9 sm-16-9 xsm-16-9\" decoding=\"async\"   fetchpriority=\"high\" loading=\"eager\"\/>Iannis Biblos, el concursante argentino que pelea su lugar en la boy band del reality \u00abSantos Bravos\u00bb. Foto: Instagram \/ iannisbib. <\/p>\n<p class=\"article-body__paragraph\">Tras meses de preparaci\u00f3n y exigentes entrenamientos, el argentino <b>Iannis Biblos <\/b>lleg\u00f3 a la gran final de <b>Santos Bravos<\/b>, el ambicioso <a href=\"https:\/\/www.canal26.com\/espectaculos\/2025\/10\/15\/telefe-anuncio-el-regreso-de-popstars-el-reality-que-vio-nacer-a-bandana-y-mambru-fecha-de-estreno-y-mas-detalles\/\" target=\"_blank\" rel=\"nofollow noopener\" title=\"https:\/\/www.canal26.com\/espectaculos\/2025\/10\/15\/telefe-anuncio-el-regreso-de-popstars-el-reality-que-vio-nacer-a-bandana-y-mambru-fecha-de-estreno-y-mas-detalles\/\"><b>reality musical<\/b><\/a> impulsado por<b> HYBE Latin America<\/b>, filial de la reconocida compa\u00f1\u00eda surcoreana responsable de \u00e9xitos globales como <a href=\"https:\/\/www.canal26.com\/espectaculos\/2025\/07\/02\/bts-anuncio-su-regreso-con-una-gira-mundial-cuando-vuelven-a-los-escenarios\/\" target=\"_blank\" rel=\"nofollow noopener\" title=\"https:\/\/www.canal26.com\/espectaculos\/2025\/07\/02\/bts-anuncio-su-regreso-con-una-gira-mundial-cuando-vuelven-a-los-escenarios\/\"><b>BTS<\/b><\/a>, <b>TXT<\/b> y <b>SEVENTEEN<\/b>.<\/p>\n<p class=\"article-body__paragraph\">El programa, que <b>busca formar la primera boy band latina bajo el sello de HYBE<\/b>, se transform\u00f3 en un fen\u00f3meno cultural que combina la disciplina del entrenamiento coreano con la diversidad art\u00edstica de<b> <\/b>Am\u00e9rica Latina. <\/p>\n<p><img src=\"https:\/\/www.europesays.com\/es\/wp-content\/uploads\/2025\/10\/DP7I45YHXJFRFD2QZFG3PS7DP4.jpeg\" alt=\"\" class=\"global-image twoxl-1206-965 xl-1206-965 lg-1206-965 md-1206-965 sm-1206-965 xsm-1206-965\" decoding=\"async\"   fetchpriority=\"low\" loading=\"lazy\"\/>Participantes de \u00abSantos Bravos\u00bb. Foto: Instagram \/ santos_bravos. <\/p>\n<p class=\"article-body__paragraph\">Emitido en plataformas como <b>YouTube<\/b>, <b>Spotify<\/b>, <b>Vix <\/b>y <b>Exa TV<\/b>, el show presenta a j\u00f3venes talentos seleccionados entre m\u00e1s de 400 aspirantes, quienes durante seis meses enfrentaron un proceso intensivo de formaci\u00f3n que incluy\u00f3 <b>canto<\/b>, <b>baile<\/b>, <b>composici\u00f3n <\/b>y <b>presentaciones en vivo<\/b>.<\/p>\n<p>Un reality con alma latina<\/p>\n<p class=\"article-body__paragraph\">M\u00e1s que una competencia,<b> Santos Bravos se consolid\u00f3 como una experiencia transformadora para sus participantes.<\/b> En el cap\u00edtulo m\u00e1s reciente, titulado \u201cCIMA\u201d, los diez concursantes que siguen en carrera revivieron los momentos m\u00e1s significativos del proceso y los v\u00ednculos creados entre ellos.<\/p>\n<p>Tambi\u00e9n podr\u00eda interesarte<\/p>\n<p class=\"article-body__paragraph\">El episodio estuvo marcado por la incertidumbre: los j\u00f3venes esperaban una nueva eliminaci\u00f3n, pero la directora de Talento y Desarrollo de HYBE Latin America, <b>Jessica Kwon<\/b>, anunci\u00f3 una \u201cdecisi\u00f3n dif\u00edcil\u201d que sorprendi\u00f3 a todos: <b>los diez aspirantes que quedaban pasaron a la final.<\/b> <\/p>\n<p><img src=\"https:\/\/www.europesays.com\/es\/wp-content\/uploads\/2025\/10\/DP7I45YHXJFRFD2QZFG3PS7DP4.jpeg\" alt=\"\" class=\"global-image twoxl-1206-965 xl-1206-965 lg-1206-965 md-1206-965 sm-1206-965 xsm-1206-965\" decoding=\"async\"   fetchpriority=\"low\" loading=\"lazy\"\/>Participantes de \u00abSantos Bravos\u00bb. Foto: Instagram \/ santos_bravos. <\/p>\n<p class=\"article-body__paragraph\">La emoci\u00f3n fue inmediata, y las l\u00e1grimas dieron paso a los abrazos al confirmarse que <b>cada uno tendr\u00eda una \u00faltima oportunidad para demostrar su talento <\/b>en el escenario. \u201cVan a cumplir el sue\u00f1o de muchos\u201d, les dijo uno de los mentores.<\/p>\n<p>Iannis Biblos: el argentino que pelear\u00e1 por un lugar en el grupo musical<\/p>\n<p class=\"article-body__paragraph\">Entre los finalistas est\u00e1 <b>Iannis<\/b>, de tan solo 22 a\u00f1os. Oriundo de Pilar, provincia de Buenos Aires, conquist\u00f3 al p\u00fablico por su sensibilidad y carisma. Conocido por su paso en el programa <b>Canta Conmigo Ahora <\/b>en 2022, se consolid\u00f3 en Santos Bravos como una de las figuras m\u00e1s queridas del elenco.<\/p>\n<p><img src=\"https:\/\/www.europesays.com\/es\/wp-content\/uploads\/2025\/10\/P6HI6WXETZG5NPC6HWM5F26TFQ.jpeg\" alt=\"\" class=\"global-image twoxl-603-734 xl-603-734 lg-603-734 md-603-734 sm-603-734 xsm-603-734\" decoding=\"async\"   fetchpriority=\"low\" loading=\"lazy\"\/>Iannis Biblos, el concursante argentino que pelea su lugar en la boy band del reality \u00abSantos Bravos\u00bb. Foto: Instagram \/ iannisbib. <\/p>\n<p class=\"article-body__paragraph\">Su actitud positiva, empat\u00eda y entrega lo convirtieron en un referente dentro del grupo. Aunque<b> \u00e9l mismo reconoci\u00f3 sus desaf\u00edos con el baile<\/b>, su talento vocal y su liderazgo natural lo posicionan como <b>uno de los candidatos m\u00e1s fuertes para integrar la banda final.<\/b><\/p>\n<p class=\"article-body__paragraph\">A medida que el programa avanza, el nombre de Iannis crece en redes sociales con <b>mensajes de apoyo desde Argentina, M\u00e9xico, Per\u00fa, Brasil, Espa\u00f1a y Estados Unidos.<\/b> <\/p>\n<p class=\"article-body__paragraph\">En Buenos Aires, <b>decenas de fan\u00e1ticos se reunieron frente al estudio de OLGA<\/b>, el popular programa de streaming argentino, para mostrarle su cari\u00f1o y pedir que contin\u00fae en la competencia.<\/p>\n<p><img src=\"https:\/\/www.europesays.com\/es\/wp-content\/uploads\/2025\/10\/EFMGFM7G2BBGZAIELUP4KAJ4S4.jpeg\" alt=\"\" class=\"global-image twoxl-603-730 xl-603-730 lg-603-730 md-603-730 sm-603-730 xsm-603-730\" decoding=\"async\"   fetchpriority=\"low\" loading=\"lazy\"\/>Iannis Biblos, el concursante argentino que pelea su lugar en la boy band del reality \u00abSantos Bravos\u00bb. Foto: Instagram \/ iannisbib. Cu\u00e1ndo y d\u00f3nde ver la final de Santos Bravos<\/p>\n<p class=\"article-body__paragraph\">La gran final de Santos Bravos se celebrar\u00e1 el <b>martes 21 de octubre <\/b>en el<b> Auditorio Nacional de M\u00e9xico<\/b>, ante 10.000 personas y con entradas agotadas. <\/p>\n<p class=\"article-body__paragraph\">Ser\u00e1 un <b>evento transmitido en vivo a trav\u00e9s del canal oficial de YouTube<\/b>, donde <b>solo cinco de los diez finalistas debutar\u00e1n <\/b>como parte de la primera boy band latinoamericana de HYBE.<\/p>\n","protected":false},"excerpt":{"rendered":"El cantante bonaerense se posiciona entre los diez finalistas de \u201cSantos Bravos\u201d, producido por HYBE Latin America, la&hellip;\n","protected":false},"author":2,"featured_media":186280,"comment_status":"","ping_status":"","sticky":false,"template":"","format":"standard","meta":{"footnotes":""},"categories":[170],"tags":[24516,146,147,25,24,2502,184,185,18070,23],"class_list":{"0":"post-186279","1":"post","2":"type-post","3":"status-publish","4":"format-standard","5":"has-post-thumbnail","7":"category-musica","8":"tag-america-latina","9":"tag-entertainment","10":"tag-entretenimiento","11":"tag-es","12":"tag-espana","13":"tag-k-pop","14":"tag-music","15":"tag-musica","16":"tag-reality-show","17":"tag-spain"},"share_on_mastodon":{"url":"","error":""},"_links":{"self":[{"href":"https:\/\/www.europesays.com\/es\/wp-json\/wp\/v2\/posts\/186279","targetHints":{"allow":["GET"]}}],"collection":[{"href":"https:\/\/www.europesays.com\/es\/wp-json\/wp\/v2\/posts"}],"about":[{"href":"https:\/\/www.europesays.com\/es\/wp-json\/wp\/v2\/types\/post"}],"author":[{"embeddable":true,"href":"https:\/\/www.europesays.com\/es\/wp-json\/wp\/v2\/users\/2"}],"replies":[{"embeddable":true,"href":"https:\/\/www.europesays.com\/es\/wp-json\/wp\/v2\/comments?post=186279"}],"version-history":[{"count":0,"href":"https:\/\/www.europesays.com\/es\/wp-json\/wp\/v2\/posts\/186279\/revisions"}],"wp:featuredmedia":[{"embeddable":true,"href":"https:\/\/www.europesays.com\/es\/wp-json\/wp\/v2\/media\/186280"}],"wp:attachment":[{"href":"https:\/\/www.europesays.com\/es\/wp-json\/wp\/v2\/media?parent=186279"}],"wp:term":[{"taxonomy":"category","embeddable":true,"href":"https:\/\/www.europesays.com\/es\/wp-json\/wp\/v2\/categories?post=186279"},{"taxonomy":"post_tag","embeddable":true,"href":"https:\/\/www.europesays.com\/es\/wp-json\/wp\/v2\/tags?post=186279"}],"curies":[{"name":"wp","href":"https:\/\/api.w.org\/{rel}","templated":true}]}}