{"id":186357,"date":"2025-10-19T03:49:08","date_gmt":"2025-10-19T03:49:08","guid":{"rendered":"https:\/\/www.europesays.com\/es\/186357\/"},"modified":"2025-10-19T03:49:08","modified_gmt":"2025-10-19T03:49:08","slug":"el-voto-de-las-mujeres-una-batalla-a-tres-espana","status":"publish","type":"post","link":"https:\/\/www.europesays.com\/es\/186357\/","title":{"rendered":"El voto de las mujeres: una batalla a tres | Espa\u00f1a"},"content":{"rendered":"<p class=\"\">El voto femenino en Espa\u00f1a ha mostrado un comportamiento zigzagueante en los \u00faltimos a\u00f1os, aunque con una tendencia a favorecer al PSOE sobre el PP desde las \u00faltimas elecciones generales. Esa ventaja se alter\u00f3 tras el estallido del caso Cerd\u00e1n el 12 de junio, cuando la UCO difundi\u00f3 un informe que implicaba al entonces secretario de Organizaci\u00f3n socialista y a figuras pr\u00f3ximas como Jos\u00e9 Luis \u00c1balos y Koldo Garc\u00eda en presuntas mordidas y adjudicaciones irregulares. <a href=\"https:\/\/elpais.com\/espana\/2025-07-04\/el-psoe-cae-a-su-peor-dato-desde-el-23-j-tras-el-caso-cerdan.html\" target=\"_self\" rel=\"nofollow noopener\" title=\"https:\/\/elpais.com\/espana\/2025-07-04\/el-psoe-cae-a-su-peor-dato-desde-el-23-j-tras-el-caso-cerdan.html\">Seg\u00fan el bar\u00f3metro de julio de 40dB.<\/a> para EL PA\u00cdS y la Cadena SER, en un mes el PSOE perdi\u00f3 cuatro puntos de intenci\u00f3n de voto entre las mujeres, frente a poco m\u00e1s de uno entre los hombres.<\/p>\n<p class=\"\">La ca\u00edda no se debi\u00f3 necesariamente al esc\u00e1ndalo de corrupci\u00f3n, sino sobre todo a la <a href=\"https:\/\/elpais.com\/espana\/2025-06-13\/abalos-y-koldo-garcia-sobre-dos-posibles-citas-a-ti-te-gusta-mas-ariatna-no-se-la-carlota-se-enrolla-que-te-cagas.html\" target=\"_self\" rel=\"nofollow noopener\" title=\"https:\/\/elpais.com\/espana\/2025-06-13\/abalos-y-koldo-garcia-sobre-dos-posibles-citas-a-ti-te-gusta-mas-ariatna-no-se-la-carlota-se-enrolla-que-te-cagas.html\">difusi\u00f3n de audios en los que \u00c1balos y Garc\u00eda hablaban de mujeres vinculadas a la prostituci\u00f3n con un lenguaje machista y cosificador.<\/a> Ese contenido otorg\u00f3 al caso <a href=\"https:\/\/elpais.com\/espana\/2025-07-07\/los-audios-del-comite-federal-del-psoe-ines-rey-ojo-con-los-acantilados-de-cristal-las-mismas-estructuras-patriarcales-a-veces-las-tenemos-aqui.html\" target=\"_self\" rel=\"nofollow noopener\" title=\"https:\/\/elpais.com\/espana\/2025-07-07\/los-audios-del-comite-federal-del-psoe-ines-rey-ojo-con-los-acantilados-de-cristal-las-mismas-estructuras-patriarcales-a-veces-las-tenemos-aqui.html\">una dimensi\u00f3n simb\u00f3lica especialmente sensible<\/a> para un partido que ha hecho del feminismo una de sus banderas. El PP trat\u00f3 de capitalizar el desgaste, aunque su ventaja result\u00f3 ser pasajera. <a href=\"https:\/\/elpais.com\/espana\/2025-07-12\/el-psoe-recibe-de-las-mujeres-el-castigo-electoral-mas-duro-por-el-caso-cerdan.html\" target=\"_self\" rel=\"nofollow noopener\" title=\"https:\/\/elpais.com\/espana\/2025-07-12\/el-psoe-recibe-de-las-mujeres-el-castigo-electoral-mas-duro-por-el-caso-cerdan.html\">Tras el impacto inicial,<\/a> el PSOE recuper\u00f3 parte del terreno perdido, posiblemente gracias a su r\u00e1pida reacci\u00f3n al forzar la dimisi\u00f3n de Santos Cerd\u00e1n y a que parte del electorado progresista pudo interpretar el episodio <a href=\"https:\/\/elpais.com\/espana\/2025-07-14\/el-psoe-responde-a-su-crisis-con-mas-feminismo-y-cortafuegos-con-el-gobierno.html\" target=\"_self\" rel=\"nofollow noopener\" title=\"https:\/\/elpais.com\/espana\/2025-07-14\/el-psoe-responde-a-su-crisis-con-mas-feminismo-y-cortafuegos-con-el-gobierno.html\">como un comportamiento individual y no estructural.<\/a> En septiembre los socialistas volvieron a situarse por delante del PP en intenci\u00f3n de voto directa entre las mujeres y en octubre hab\u00eda una diferencia de seis puntos a favor del PSOE en el voto femenino. <\/p>\n<p class=\"\">Sin embargo, <a href=\"https:\/\/elpais.com\/espana\/2025-09-08\/vox-alcanza-su-mejor-resultado-desde-las-generales-y-deja-al-pp-en-su-peor-registro.html\" target=\"_self\" rel=\"nofollow noopener\" title=\"https:\/\/elpais.com\/espana\/2025-09-08\/vox-alcanza-su-mejor-resultado-desde-las-generales-y-deja-al-pp-en-su-peor-registro.html\">el crecimiento de Vox<\/a> est\u00e1 alterando profundamente los patrones que observ\u00e1bamos hasta ahora. Aunque su electorado sigue siendo mayoritariamente masculino, el partido est\u00e1 ganando terreno entre las mujeres, especialmente las m\u00e1s j\u00f3venes. En el grupo de 18 a 27 a\u00f1os ha pasado de un apoyo muy minoritario en 2023 a situarse como segunda fuerza pol\u00edtica; en el de 28 a 43 ha duplicado su respaldo y se ha colocado en cabeza; y tambi\u00e9n avanza en el de 44 a 59, donde consolida la tercera posici\u00f3n.<\/p>\n<p class=\"\">En consecuencia, los patrones generacionales que se observaban en la competici\u00f3n entre el PP y el PSOE ya no son los mismos. En la legislatura anterior, la ventaja socialista era mayor entre las mujeres j\u00f3venes, mientras que entre las mayores de 60 a\u00f1os ocurr\u00eda lo contrario: los populares eran el partido preferido. Hoy la situaci\u00f3n ha cambiado. Los socialistas siguen liderando en el conjunto de mujeres, pero con una din\u00e1mica generacional invertida. Entre las j\u00f3venes (18-43 a\u00f1os) su ventaja sobre los populares se ha reducido a la mitad, mientras que entre las mayores (44 o m\u00e1s) se ha ampliado, especialmente en el grupo de 60 y m\u00e1s, donde se sit\u00faan como primera fuerza pol\u00edtica.<\/p>\n<p class=\"\">En suma, el voto de las mujeres sigue siendo decisivo para entender la competici\u00f3n pol\u00edtica, pero ahora el panorama se complica por la entrada de Vox en un electorado que hasta ahora tend\u00eda a ser refractario a este partido.<\/p>\n","protected":false},"excerpt":{"rendered":"El voto femenino en Espa\u00f1a ha mostrado un comportamiento zigzagueante en los \u00faltimos a\u00f1os, aunque con una tendencia&hellip;\n","protected":false},"author":2,"featured_media":186358,"comment_status":"","ping_status":"","sticky":false,"template":"","format":"standard","meta":{"footnotes":""},"categories":[8],"tags":[17,18,767,6068,38850,25,24,13,14,4910,11,5610,5611,19,20,9,10,15,16,956,28383,1699,8411,23,12,21,22,624],"class_list":{"0":"post-186357","1":"post","2":"type-post","3":"status-publish","4":"format-standard","5":"has-post-thumbnail","7":"category-espana","8":"tag-breaking-news","9":"tag-breakingnews","10":"tag-corrupcion","11":"tag-encuestas","12":"tag-encuestas-electorales","13":"tag-es","14":"tag-espana","15":"tag-featured-news","16":"tag-featurednews","17":"tag-feminismo","18":"tag-headlines","19":"tag-jose-luis-abalos","20":"tag-koldo-garcia","21":"tag-latest-news","22":"tag-latestnews","23":"tag-news","24":"tag-noticias","25":"tag-noticias-destacadas","26":"tag-noticiasdestacadas","27":"tag-pp","28":"tag-prostitucion","29":"tag-psoe","30":"tag-santos-cerdan","31":"tag-spain","32":"tag-titulares","33":"tag-ultimas-noticias","34":"tag-ultimasnoticias","35":"tag-vox"},"share_on_mastodon":{"url":"","error":""},"_links":{"self":[{"href":"https:\/\/www.europesays.com\/es\/wp-json\/wp\/v2\/posts\/186357","targetHints":{"allow":["GET"]}}],"collection":[{"href":"https:\/\/www.europesays.com\/es\/wp-json\/wp\/v2\/posts"}],"about":[{"href":"https:\/\/www.europesays.com\/es\/wp-json\/wp\/v2\/types\/post"}],"author":[{"embeddable":true,"href":"https:\/\/www.europesays.com\/es\/wp-json\/wp\/v2\/users\/2"}],"replies":[{"embeddable":true,"href":"https:\/\/www.europesays.com\/es\/wp-json\/wp\/v2\/comments?post=186357"}],"version-history":[{"count":0,"href":"https:\/\/www.europesays.com\/es\/wp-json\/wp\/v2\/posts\/186357\/revisions"}],"wp:featuredmedia":[{"embeddable":true,"href":"https:\/\/www.europesays.com\/es\/wp-json\/wp\/v2\/media\/186358"}],"wp:attachment":[{"href":"https:\/\/www.europesays.com\/es\/wp-json\/wp\/v2\/media?parent=186357"}],"wp:term":[{"taxonomy":"category","embeddable":true,"href":"https:\/\/www.europesays.com\/es\/wp-json\/wp\/v2\/categories?post=186357"},{"taxonomy":"post_tag","embeddable":true,"href":"https:\/\/www.europesays.com\/es\/wp-json\/wp\/v2\/tags?post=186357"}],"curies":[{"name":"wp","href":"https:\/\/api.w.org\/{rel}","templated":true}]}}