{"id":186381,"date":"2025-10-19T04:08:08","date_gmt":"2025-10-19T04:08:08","guid":{"rendered":"https:\/\/www.europesays.com\/es\/186381\/"},"modified":"2025-10-19T04:08:08","modified_gmt":"2025-10-19T04:08:08","slug":"valle-salvaje-avance-del-capitulo-279-este-lunes-20-de-octubre","status":"publish","type":"post","link":"https:\/\/www.europesays.com\/es\/186381\/","title":{"rendered":"Valle Salvaje, avance del cap\u00edtulo 279 este lunes 20 de octubre"},"content":{"rendered":"<p>Jos\u00e9 Luis, el duque de <strong>Valle Salvaje<\/strong>, tiene hoy por hoy una \u00fanica preocupaci\u00f3n: el bienestar de <a href=\"https:\/\/www.elindependiente.com\/series-y-television\/2025\/03\/27\/rocio-suarez-puga-adriana-valle-salvaje\/\" rel=\"nofollow noopener\" target=\"_blank\">Adriana<\/a> y el hijo est\u00e1 esperando. Y Victoria lo ha comprobado por las malas. Si la duquesa vuelve a desafiar a su esposo, ser\u00e1 desterrada de <strong>Valle Salvaje<\/strong>. Jos\u00e9 Luis no entiende que, tras la detenci\u00f3n de <a href=\"https:\/\/www.elindependiente.com\/series-y-television\/2025\/10\/06\/cristina-abad-ursula-valle-salvaje-duro-momento-personal\/\" rel=\"nofollow noopener\" target=\"_blank\">\u00darsula<\/a> por el asesinato de Julio, Victoria no haya optado por un perfil bajo. El duque de <strong>Valle Salvaje<\/strong> est\u00e1 tan ilusionado por el nacimiento de su primer nieto que acepta de buen agrado que, tras mil y una desavenencias, Mercedes y Alejo exploten parte de las tierras. Jos\u00e9 Luis respeta la tregua entre ambas casas y convida a su excu\u00f1ada a una cena. Victoria no ve con buenos ojos dicho acercamiento, pero deber\u00e1 tragar sapos para complacer a su marido: \u00bfhar\u00e1 las paces con su archienemiga?<\/p>\n<p>Mientras, Leonardo propone a B\u00e1rbara fugarse de <strong>Valle Salvaje<\/strong>. Luisa, harta del callej\u00f3n sin salida en que est\u00e1 metida, no cede a m\u00e1s presiones de Tom\u00e1s y le reta: es libre de contar su pasado como ladrona. La acalorada discusi\u00f3n hace que Alejo le pida explicaciones a su mujer. Sin embargo, ella se cierra en banda.<\/p>\n<p>Avance del cap\u00edtulo 279 de Valle Salvaje este lunes 20 de octubre<\/p>\n<p>Leonardo insiste a B\u00e1rbara: tienen todav\u00eda tiempo para huir de <strong>Valle Salvaje<\/strong> sin que nadie les eche en falta hasta la ma\u00f1ana del d\u00eda siguiente. El otro hombre de la Casa Peque\u00f1a, Alejo, tambi\u00e9n insiste a Luisa: \u00bfa qu\u00e9 se deb\u00edan los gritos entre ella y Tom\u00e1s la noche anterior? Jos\u00e9 Luis, empecinado en que Irene se case con Leonardo, le pide a su hija que convenza a B\u00e1rbara de hacerse a un lado.<\/p>\n<p>A pesar del trato de Adriana y Jos\u00e9 Luis, Mercedes y Alejo no tienen los medios suficientes para explotar las tierras de <strong>Valle Salvaje<\/strong>. Rafael podr\u00eda ser de ayuda. Matilde recurre nuevamente a Mercedes: debe ayudar a su hermano Mart\u00edn; de lo contrario, desfallecer\u00e1 ante el acoso y derribo de Victoria.<\/p>\n<p>Don Hernando amenaza a Irene: si no se casa con Leonardo, toda su familia, los G\u00e1lvez de Aguirre, perder\u00e1 toda influencia en el reino. Su madre, Pilara, no se cas\u00f3 enamorada de Jos\u00e9 Luis.<\/p>\n<p>Tom\u00e1s y Luisa planean su gran golpe en la Casa Grande durante la cena.<\/p>\n<p>PUBLICIDAD<\/p>\n","protected":false},"excerpt":{"rendered":"Jos\u00e9 Luis, el duque de Valle Salvaje, tiene hoy por hoy una \u00fanica preocupaci\u00f3n: el bienestar de Adriana&hellip;\n","protected":false},"author":2,"featured_media":186382,"comment_status":"","ping_status":"","sticky":false,"template":"","format":"standard","meta":{"footnotes":""},"categories":[91],"tags":[146,147,25,24,23,807,27808],"class_list":{"0":"post-186381","1":"post","2":"type-post","3":"status-publish","4":"format-standard","5":"has-post-thumbnail","7":"category-entretenimiento","8":"tag-entertainment","9":"tag-entretenimiento","10":"tag-es","11":"tag-espana","12":"tag-spain","13":"tag-television","14":"tag-valle-salvaje"},"share_on_mastodon":{"url":"","error":""},"_links":{"self":[{"href":"https:\/\/www.europesays.com\/es\/wp-json\/wp\/v2\/posts\/186381","targetHints":{"allow":["GET"]}}],"collection":[{"href":"https:\/\/www.europesays.com\/es\/wp-json\/wp\/v2\/posts"}],"about":[{"href":"https:\/\/www.europesays.com\/es\/wp-json\/wp\/v2\/types\/post"}],"author":[{"embeddable":true,"href":"https:\/\/www.europesays.com\/es\/wp-json\/wp\/v2\/users\/2"}],"replies":[{"embeddable":true,"href":"https:\/\/www.europesays.com\/es\/wp-json\/wp\/v2\/comments?post=186381"}],"version-history":[{"count":0,"href":"https:\/\/www.europesays.com\/es\/wp-json\/wp\/v2\/posts\/186381\/revisions"}],"wp:featuredmedia":[{"embeddable":true,"href":"https:\/\/www.europesays.com\/es\/wp-json\/wp\/v2\/media\/186382"}],"wp:attachment":[{"href":"https:\/\/www.europesays.com\/es\/wp-json\/wp\/v2\/media?parent=186381"}],"wp:term":[{"taxonomy":"category","embeddable":true,"href":"https:\/\/www.europesays.com\/es\/wp-json\/wp\/v2\/categories?post=186381"},{"taxonomy":"post_tag","embeddable":true,"href":"https:\/\/www.europesays.com\/es\/wp-json\/wp\/v2\/tags?post=186381"}],"curies":[{"name":"wp","href":"https:\/\/api.w.org\/{rel}","templated":true}]}}