{"id":186391,"date":"2025-10-19T04:14:08","date_gmt":"2025-10-19T04:14:08","guid":{"rendered":"https:\/\/www.europesays.com\/es\/186391\/"},"modified":"2025-10-19T04:14:08","modified_gmt":"2025-10-19T04:14:08","slug":"el-atletico-novas-doblega-al-liron-teucro-y-sigue-intratable-en-liga","status":"publish","type":"post","link":"https:\/\/www.europesays.com\/es\/186391\/","title":{"rendered":"El Atl\u00e9tico Nov\u00e1s doblega al Lir\u00f3n Teucro y sigue intratable en liga"},"content":{"rendered":"<p class=\"ft-text\">El pabell\u00f3n de O Rosal acogi\u00f3 un duelo crucial entre Atl\u00e9tico Nov\u00e1s y Lir\u00f3n Teucro, correspondiente a la sexta jornada de Primera Divisi\u00f3n Masculina. Ambos equipos llegaban con aspiraciones de mantenerse en la parte alta de la tabla, pero el conjunto local impuso su ley desde el inicio y le administr\u00f3 un duro correctivo a sus adversarios en el derbi.<\/p>\n<p class=\"ft-text\">En apenas 66 segundos, Bruno V\u00e1zquez abri\u00f3 el marcador para Atl\u00e9tico Nov\u00e1s, y aunque Caue Herrera igual\u00f3 r\u00e1pidamente para Lir\u00f3n Teucro, los locales pronto tomaron el control. Con una ofensiva eficaz liderada por Nicol\u00e1s L\u00f3pez y Diego Prada, y una defensa bien organizada, el Atl\u00e9tico Nov\u00e1s logr\u00f3 ampliar diferencias. Pese a los intentos de Daniel Pintus por mantener a su equipo en el partido, las exclusiones temporales y una lectura t\u00e1ctica superior por parte del cuerpo t\u00e9cnico local llevaron al descanso con una diferenica notable.<\/p>\n<p class=\"ft-text\">Tras el paso por vestuarios, Lir\u00f3n Teucro intent\u00f3 reaccionar con dos goles consecutivos de Gon\u00e7alo Areias, pero el intento fue r\u00e1pidamente contenido por una nueva r\u00e1faga de goles de Atl\u00e9tico Nov\u00e1s, que no baj\u00f3 su intensidad en ning\u00fan momento. Bruno V\u00e1zquez y Jos\u00e9 Leiras lideraron la ofensiva, mientras que el equipo segu\u00eda s\u00f3lido en defensa y eficaz en las transiciones.<\/p>\n<p class=\"ft-text\">El encuentro concluy\u00f3 con un contundente 34-18 a favor del Atl\u00e9tico Nov\u00e1s, que reafirma as\u00ed su liderato en el grupo A y deja claro que es uno de los grandes candidatos de la categor\u00eda.<\/p>\n","protected":false},"excerpt":{"rendered":"El pabell\u00f3n de O Rosal acogi\u00f3 un duelo crucial entre Atl\u00e9tico Nov\u00e1s y Lir\u00f3n Teucro, correspondiente a la&hellip;\n","protected":false},"author":2,"featured_media":186392,"comment_status":"","ping_status":"","sticky":false,"template":"","format":"standard","meta":{"footnotes":""},"categories":[278],"tags":[1517,35476,376,168,18298,40585,25,24,5815,375,39328,32641,23,167,1676],"class_list":{"0":"post-186391","1":"post","2":"type-post","3":"status-publish","4":"format-standard","5":"has-post-thumbnail","7":"category-balonmano","8":"tag-atletico","9":"tag-atletico-novas","10":"tag-balonmano","11":"tag-deportes","12":"tag-derbi","13":"tag-doblega","14":"tag-es","15":"tag-espana","16":"tag-goles","17":"tag-handball","18":"tag-liron","19":"tag-novas","20":"tag-spain","21":"tag-sports","22":"tag-teucro"},"share_on_mastodon":{"url":"","error":""},"_links":{"self":[{"href":"https:\/\/www.europesays.com\/es\/wp-json\/wp\/v2\/posts\/186391","targetHints":{"allow":["GET"]}}],"collection":[{"href":"https:\/\/www.europesays.com\/es\/wp-json\/wp\/v2\/posts"}],"about":[{"href":"https:\/\/www.europesays.com\/es\/wp-json\/wp\/v2\/types\/post"}],"author":[{"embeddable":true,"href":"https:\/\/www.europesays.com\/es\/wp-json\/wp\/v2\/users\/2"}],"replies":[{"embeddable":true,"href":"https:\/\/www.europesays.com\/es\/wp-json\/wp\/v2\/comments?post=186391"}],"version-history":[{"count":0,"href":"https:\/\/www.europesays.com\/es\/wp-json\/wp\/v2\/posts\/186391\/revisions"}],"wp:featuredmedia":[{"embeddable":true,"href":"https:\/\/www.europesays.com\/es\/wp-json\/wp\/v2\/media\/186392"}],"wp:attachment":[{"href":"https:\/\/www.europesays.com\/es\/wp-json\/wp\/v2\/media?parent=186391"}],"wp:term":[{"taxonomy":"category","embeddable":true,"href":"https:\/\/www.europesays.com\/es\/wp-json\/wp\/v2\/categories?post=186391"},{"taxonomy":"post_tag","embeddable":true,"href":"https:\/\/www.europesays.com\/es\/wp-json\/wp\/v2\/tags?post=186391"}],"curies":[{"name":"wp","href":"https:\/\/api.w.org\/{rel}","templated":true}]}}