{"id":186393,"date":"2025-10-19T04:15:09","date_gmt":"2025-10-19T04:15:09","guid":{"rendered":"https:\/\/www.europesays.com\/es\/186393\/"},"modified":"2025-10-19T04:15:09","modified_gmt":"2025-10-19T04:15:09","slug":"el-soro-entrego-sus-premios","status":"publish","type":"post","link":"https:\/\/www.europesays.com\/es\/186393\/","title":{"rendered":"El Soro entreg\u00f3 sus premios"},"content":{"rendered":"<p>El pasado d\u00eda 15 se celebr\u00f3 la novena edici\u00f3n de la gala de entrega de premios que organiza<b> Vicente Ruiz \u00abEl Soro\u00bb<\/b>. Con el Teatro Olympia de Valencia a reventar, se hizo entrega de los correspondientes galardones a los m\u00e1s destacados de las tres principales ferias la Valencia, Alicante y Castell\u00f3n. Recogieron sus correspondientes trofeos<b> Rom\u00e1n, Victorino Mart\u00edn, Victoriano del R\u00edo, La Quinta, Partido de Resina y Daniel Ramos; El Puchano, Juan Pe\u00f1a, Carioca, \u00c1lvaro Oliver, Juan Alberto Torrijos, Alberto Donaire, Javier Zulueta y Javier Cuartero.<\/b><\/p>\n<p>Hubo premios honor\u00edficos para V\u00edctor Manuel Bl\u00e1zquez, Juan Oliver, Toni G\u00e1zquez, por sus diez a\u00f1os al frente de Asuntos Taurinos, Rafael Blanquer, Ram\u00f3n Soriano, el Club Cocherito de Bilbao, el hotel Palacio del Mar de Santander y el que <b>fuera ministro y responsable de la Ley Taurina de 1991, Jos\u00e9 Luis Corcuera.<\/b><\/p>\n<p>Y hubo tambi\u00e9n premio para Avance, a quien en la persona de su director, <b>se galardon\u00f3 por haber seguido desarrollando la labor informativa de Avance Taurino <\/b>a pesar de que la dana arras\u00f3 las instalaciones de la empresa en octubre pasado.<\/p>\n","protected":false},"excerpt":{"rendered":"El pasado d\u00eda 15 se celebr\u00f3 la novena edici\u00f3n de la gala de entrega de premios que organiza&hellip;\n","protected":false},"author":2,"featured_media":186394,"comment_status":"","ping_status":"","sticky":false,"template":"","format":"standard","meta":{"footnotes":""},"categories":[277],"tags":[373,168,25,24,23,167,374],"class_list":{"0":"post-186393","1":"post","2":"type-post","3":"status-publish","4":"format-standard","5":"has-post-thumbnail","7":"category-toreo","8":"tag-bullfighting","9":"tag-deportes","10":"tag-es","11":"tag-espana","12":"tag-spain","13":"tag-sports","14":"tag-toreo"},"share_on_mastodon":{"url":"","error":""},"_links":{"self":[{"href":"https:\/\/www.europesays.com\/es\/wp-json\/wp\/v2\/posts\/186393","targetHints":{"allow":["GET"]}}],"collection":[{"href":"https:\/\/www.europesays.com\/es\/wp-json\/wp\/v2\/posts"}],"about":[{"href":"https:\/\/www.europesays.com\/es\/wp-json\/wp\/v2\/types\/post"}],"author":[{"embeddable":true,"href":"https:\/\/www.europesays.com\/es\/wp-json\/wp\/v2\/users\/2"}],"replies":[{"embeddable":true,"href":"https:\/\/www.europesays.com\/es\/wp-json\/wp\/v2\/comments?post=186393"}],"version-history":[{"count":0,"href":"https:\/\/www.europesays.com\/es\/wp-json\/wp\/v2\/posts\/186393\/revisions"}],"wp:featuredmedia":[{"embeddable":true,"href":"https:\/\/www.europesays.com\/es\/wp-json\/wp\/v2\/media\/186394"}],"wp:attachment":[{"href":"https:\/\/www.europesays.com\/es\/wp-json\/wp\/v2\/media?parent=186393"}],"wp:term":[{"taxonomy":"category","embeddable":true,"href":"https:\/\/www.europesays.com\/es\/wp-json\/wp\/v2\/categories?post=186393"},{"taxonomy":"post_tag","embeddable":true,"href":"https:\/\/www.europesays.com\/es\/wp-json\/wp\/v2\/tags?post=186393"}],"curies":[{"name":"wp","href":"https:\/\/api.w.org\/{rel}","templated":true}]}}