{"id":186395,"date":"2025-10-19T04:20:19","date_gmt":"2025-10-19T04:20:19","guid":{"rendered":"https:\/\/www.europesays.com\/es\/186395\/"},"modified":"2025-10-19T04:20:19","modified_gmt":"2025-10-19T04:20:19","slug":"formula-1-la-mofa-de-hamilton-a-las-quejas-de-alonso-18-anos-de","status":"publish","type":"post","link":"https:\/\/www.europesays.com\/es\/186395\/","title":{"rendered":"F\u00f3rmula 1 | La mofa de Hamilton a las quejas de Alonso: \u00ab18 a\u00f1os de&#8230;\u00bb"},"content":{"rendered":"<p class=\"ft-text\">El <strong>Gran Premio de Singapur<\/strong> dej\u00f3 varios &#8216;highlights&#8217; y alguna que otra pol\u00e9mica. Por si no fuese suficiente <a class=\"ft-link ft-link--decoration\" href=\"https:\/\/www.sport.es\/es\/noticias\/motor\/formula1\/alonso-carga-formula-1-mostrar-122342367\" rel=\"nofollow noopener\" target=\"_blank\">con las cr\u00edticas de Fernando Alonso a la F\u00f3rmula 1<\/a> por dar m\u00e1s visibilidad a sus radios que a sus <strong>adalantamientos en pista<\/strong>, en las \u00faltimas horas ha sido <strong>Lewis Hamilton <\/strong>quien ha avivado otra pol\u00e9mica. Y precisamente tiene que ver con el piloto asturiano.<\/p>\n<p class=\"ft-text\">Durante los \u00faltimos compases de la carrera en Marina Bay, el piloto de Ferrari <strong>se qued\u00f3 sin frenos<\/strong>, y su pilotaje se vio condicionado, <strong>superando los l\u00edmites de la pista<\/strong>. El piloto de <strong>Aston Martin<\/strong>, que ven\u00eda tras \u00e9l, se mostr\u00f3 especialmente cr\u00edtico a trav\u00e9s de su radio tras ver que Hamilton <strong>recortaba varias curvas<\/strong> para dejarle atr\u00e1s. Alonso consider\u00f3 que mantener un monoplaza en pista, sin frenos, era peligroso. \u00ab\u00bfEs seguro conducir sin frenos o deber\u00eda\u2026?\u201d, dec\u00eda Fernado. \u201cS\u00ed, lo estamos revisando por\u00a0<strong>l\u00edmites de pista<\/strong>, puede que haya cierto margen ah\u00ed. Pero buena recuperaci\u00f3n\u201d, comentaba su ingeniero. \u201c<strong>Pero deber\u00eda ser s\u00e9ptimo<\/strong>, no puedes conducir como si estuvieses\u00a0<strong>solo en pista<\/strong>\u201d, expres\u00f3.<\/p>\n<p class=\"ft-text\">Posteriormente, la <strong>FIA decidi\u00f3 sancionar<\/strong> al piloto de la escuder\u00eda de Maranello con <strong>cinco segundos<\/strong>. Pero solo cruzar l\u00ednea de meta, <strong>Alonso se vio a s\u00ed mismo en la octava plaza<\/strong>, justo tras \u00e9l. \u00abOh, mierda, t\u00edo. No me lo puedo creer, joder. <strong>No me lo puedo creer<\/strong>, joder, no me lo puedo creer. Quiero decir,<strong> realmente no puedo creerlo<\/strong>. No puedo creerlo. \u00bfEs seguro conducir sin frenos?\u00bb, dijo el espa\u00f1ol, visiblemente molesto.<\/p>\n<p class=\"ft-text\">En la jornada de este lunes, el heptacampe\u00f3n, <strong>visiblemente molesto<\/strong> tras su sanci\u00f3n, <strong>recurri\u00f3 a las redes sociales para publicar un extra\u00f1o mensaje <\/strong>que los seguidores de &#8216;el Gran Circo&#8217; consideraron como <strong>una p\u00faa dirigida a Alonso<\/strong>.<\/p>\n<p>La referencia a One Foot in the Grave<\/p>\n<p class=\"ft-text\">Fue a trav\u00e9s de sus historias, donde public\u00f3 un v\u00eddeo que combina varias escenas de\u00a0<strong>Victor Meldrew<\/strong>, un personaje de la serie brit\u00e1nica <strong>One Foot in the Grave<\/strong>, cuya emisi\u00f3n se remonta a la d\u00e9cada de los 90. En el v\u00eddeo, el personaje de ficci\u00f3n no para de repetir la frase<strong> \u00abI can&#8217;t believe it\u00bb<\/strong> (\u00abNo me lo puedo creer\u00bb), tal y <strong>como hizo Alonso<\/strong> durante el fin de semana pasado, tras cruzar l\u00ednea de meta.<\/p>\n<p class=\"ft-text\">Junto a las im\u00e1genes, sum\u00f3 un escueto mensaje \u00ab18 of this\u00bb (\u00ab18 a\u00f1os de esto\u00bb). Aquella serie<strong> cumple este a\u00f1o 25 a\u00f1os<\/strong>, por lo que parece que el brit\u00e1nico se refiere a 2007, <strong>18 a\u00f1os atr\u00e1s<\/strong>, cuando <strong>ambos compartieron una complicada temporada en McLaren<\/strong>. El espa\u00f1ol <strong>hab\u00eda ganado dos mundiales seguidos<\/strong> y <strong>el equipo se volc\u00f3 con el joven local<\/strong>, lo que provoc\u00f3 una gran tensi\u00f3n en la escuder\u00eda.<\/p>\n<p class=\"ft-text\">A todo esto, se le suma el hecho de que el personajed de Meldrew es considerado en el Reino Unido como<strong> un tipo gru\u00f1\u00f3n <\/strong>y <strong>con mal perder<\/strong>. \u00bfEs la forma de Hamilton de <strong>contestar a las declaraciones de Alonso<\/strong>?<\/p>\n","protected":false},"excerpt":{"rendered":"El Gran Premio de Singapur dej\u00f3 varios &#8216;highlights&#8217; y alguna que otra pol\u00e9mica. Por si no fuese suficiente&hellip;\n","protected":false},"author":2,"featured_media":186396,"comment_status":"","ping_status":"","sticky":false,"template":"","format":"standard","meta":{"footnotes":""},"categories":[270],"tags":[13283,3732,2365,168,25,24,306,2096,271,272,3688,2097,38554,13580,4532,23,167],"class_list":{"0":"post-186395","1":"post","2":"type-post","3":"status-publish","4":"format-standard","5":"has-post-thumbnail","7":"category-formula-1","8":"tag-13283","9":"tag-alonso","10":"tag-aston-martin-f1","11":"tag-deportes","12":"tag-es","13":"tag-espana","14":"tag-f1","15":"tag-fernando-alonso","16":"tag-formula-1","17":"tag-formula1","18":"tag-hamilton","19":"tag-lewis-hamilton","20":"tag-mofa","21":"tag-quejas","22":"tag-scuderia-ferrari","23":"tag-spain","24":"tag-sports"},"share_on_mastodon":{"url":"","error":""},"_links":{"self":[{"href":"https:\/\/www.europesays.com\/es\/wp-json\/wp\/v2\/posts\/186395","targetHints":{"allow":["GET"]}}],"collection":[{"href":"https:\/\/www.europesays.com\/es\/wp-json\/wp\/v2\/posts"}],"about":[{"href":"https:\/\/www.europesays.com\/es\/wp-json\/wp\/v2\/types\/post"}],"author":[{"embeddable":true,"href":"https:\/\/www.europesays.com\/es\/wp-json\/wp\/v2\/users\/2"}],"replies":[{"embeddable":true,"href":"https:\/\/www.europesays.com\/es\/wp-json\/wp\/v2\/comments?post=186395"}],"version-history":[{"count":0,"href":"https:\/\/www.europesays.com\/es\/wp-json\/wp\/v2\/posts\/186395\/revisions"}],"wp:featuredmedia":[{"embeddable":true,"href":"https:\/\/www.europesays.com\/es\/wp-json\/wp\/v2\/media\/186396"}],"wp:attachment":[{"href":"https:\/\/www.europesays.com\/es\/wp-json\/wp\/v2\/media?parent=186395"}],"wp:term":[{"taxonomy":"category","embeddable":true,"href":"https:\/\/www.europesays.com\/es\/wp-json\/wp\/v2\/categories?post=186395"},{"taxonomy":"post_tag","embeddable":true,"href":"https:\/\/www.europesays.com\/es\/wp-json\/wp\/v2\/tags?post=186395"}],"curies":[{"name":"wp","href":"https:\/\/api.w.org\/{rel}","templated":true}]}}