{"id":186407,"date":"2025-10-19T04:29:12","date_gmt":"2025-10-19T04:29:12","guid":{"rendered":"https:\/\/www.europesays.com\/es\/186407\/"},"modified":"2025-10-19T04:29:12","modified_gmt":"2025-10-19T04:29:12","slug":"hay-un-contrato-y-quiza-sea-su-deseo","status":"publish","type":"post","link":"https:\/\/www.europesays.com\/es\/186407\/","title":{"rendered":"Hay un contrato y quiz\u00e1 sea su deseo"},"content":{"rendered":"<p class=\"mb-4 text-lg md:leading-8 break-words\">Roma, 18 oct (EFE).- El Como 1907, entrenado por el espa\u00f1ol Cesc F\u00e0bregas, desliz\u00f3 este s\u00e1bado la posibilidad de que el argentino Nico Paz regrese al Real Madrid la pr\u00f3xima temporada porque el club blanco tiene una opci\u00f3n de recompra y por el deseo del jugador.<\/p>\n<p class=\"mb-4 text-lg md:leading-8 break-words\">\u00abHasta que algo no est\u00e9 definido, no puedo comentar nada. Pero Nico es un jugador que se ha formado con ellos, un talento extraordinario que est\u00e1 creciendo en una de las ligas m\u00e1s importantes de Europa\u00bb, dijo en rueda de prensa Caralberto Ludi, director deportivo del Como.<\/p>\n<p class=\"mb-4 text-lg md:leading-8 break-words\">El directivo dio la rueda de prensa en lugar de F\u00e0bregas porque el t\u00e9cnico est\u00e1 sancionado y ver\u00e1 el duelo ante el Juventus de este domingo desde la grada.<\/p>\n<p class=\"mb-4 text-lg md:leading-8 break-words\">\u00abEl Real Madrid puede ejercer su derecho de recompra. Juega en un equipo en el que hay muchos jugadores del Real Madrid. Todos hablan de ello y quiz\u00e1 sea tambi\u00e9n el deseo leg\u00edtimo de Nico, para un chico que se ha formado en ese contexto. No puedo hablar por \u00e9l, pero imagino que es as\u00ed, aunque se encuentra muy bien aqu\u00ed\u00bb, a\u00f1adi\u00f3.<\/p>\n<p class=\"mb-4 text-lg md:leading-8 break-words\">Ludi desvel\u00f3, adem\u00e1s, que el Como tiene gran relaci\u00f3n con el Real Madrid: \u00abTenemos gran relaci\u00f3n con el Real Madrid, que sin duda nos agradece por haber trabajado bien con Nico Paz y tambi\u00e9n por Jacobo Ram\u00f3n\u00bb.<\/p>\n<p class=\"mb-4 text-lg md:leading-8 break-words\">El regreso de Paz, que costar\u00eda al Real Madrid unos 10 millones de euros por el acuerdo firmado entre las partes, depende tambi\u00e9n de lo que suceda en el mercado invernal, aunque el club madrile\u00f1o supervisa cada oferta que llega por el jugador, seg\u00fan apuntan medios locales.<\/p>\n<p class=\"mb-4 text-lg md:leading-8 break-words\">\u00abHay un contrato escrito. A menos que llegue un equipo incre\u00edble y haga una oferta m\u00e1s alta en enero&#8230; Su destino depende de \u00e9l, debe valorar su crecimiento en el Como\u00bb, sentenci\u00f3.<\/p>\n<p class=\"mb-4 text-lg md:leading-8 break-words\">El canterano del club blanco, en su segunda temporada bajo las \u00f3rdenes de Cesc en Italia, acumula un total de tres goles y tres asistencias, y ha sido protagonista en 6 de los 7 goles del equipo &#8216;lariano&#8217;.<\/p>\n<p class=\"mb-4 text-lg md:leading-8 break-words\">(c) Agencia EFE<\/p>\n","protected":false},"excerpt":{"rendered":"Roma, 18 oct (EFE).- El Como 1907, entrenado por el espa\u00f1ol Cesc F\u00e0bregas, desliz\u00f3 este s\u00e1bado la posibilidad&hellip;\n","protected":false},"author":2,"featured_media":186408,"comment_status":"","ping_status":"","sticky":false,"template":"","format":"standard","meta":{"footnotes":""},"categories":[93],"tags":[52455,168,995,25,24,96,52456,3048,6273,23,167],"class_list":{"0":"post-186407","1":"post","2":"type-post","3":"status-publish","4":"format-standard","5":"has-post-thumbnail","7":"category-deportes","8":"tag-cesc-fabregas","9":"tag-deportes","10":"tag-efe","11":"tag-es","12":"tag-espana","13":"tag-millones-de-euros","14":"tag-nico-paz","15":"tag-real-madrid","16":"tag-rueda-de-prensa","17":"tag-spain","18":"tag-sports"},"share_on_mastodon":{"url":"","error":""},"_links":{"self":[{"href":"https:\/\/www.europesays.com\/es\/wp-json\/wp\/v2\/posts\/186407","targetHints":{"allow":["GET"]}}],"collection":[{"href":"https:\/\/www.europesays.com\/es\/wp-json\/wp\/v2\/posts"}],"about":[{"href":"https:\/\/www.europesays.com\/es\/wp-json\/wp\/v2\/types\/post"}],"author":[{"embeddable":true,"href":"https:\/\/www.europesays.com\/es\/wp-json\/wp\/v2\/users\/2"}],"replies":[{"embeddable":true,"href":"https:\/\/www.europesays.com\/es\/wp-json\/wp\/v2\/comments?post=186407"}],"version-history":[{"count":0,"href":"https:\/\/www.europesays.com\/es\/wp-json\/wp\/v2\/posts\/186407\/revisions"}],"wp:featuredmedia":[{"embeddable":true,"href":"https:\/\/www.europesays.com\/es\/wp-json\/wp\/v2\/media\/186408"}],"wp:attachment":[{"href":"https:\/\/www.europesays.com\/es\/wp-json\/wp\/v2\/media?parent=186407"}],"wp:term":[{"taxonomy":"category","embeddable":true,"href":"https:\/\/www.europesays.com\/es\/wp-json\/wp\/v2\/categories?post=186407"},{"taxonomy":"post_tag","embeddable":true,"href":"https:\/\/www.europesays.com\/es\/wp-json\/wp\/v2\/tags?post=186407"}],"curies":[{"name":"wp","href":"https:\/\/api.w.org\/{rel}","templated":true}]}}