{"id":186412,"date":"2025-10-19T04:34:09","date_gmt":"2025-10-19T04:34:09","guid":{"rendered":"https:\/\/www.europesays.com\/es\/186412\/"},"modified":"2025-10-19T04:34:09","modified_gmt":"2025-10-19T04:34:09","slug":"ee-uu-deportara-a-los-supervivientes-del-ultimo-ataque-a-un-narcosubmarino-en-lugar-de-mantenerlos-detenidos","status":"publish","type":"post","link":"https:\/\/www.europesays.com\/es\/186412\/","title":{"rendered":"EE.UU. deportar\u00e1 a los supervivientes del \u00faltimo ataque a un narcosubmarino en lugar de mantenerlos detenidos"},"content":{"rendered":"<p style=\"\">La Administraci\u00f3n del presidente de Estados Unidos, <a href=\"https:\/\/www.abc.es\/noticias\/donald-trump\/\" title=\"www.abc.es\" data-voc-vtm-id=\"in-text-traffic\" data-mrf-link=\"www.abc.es\" rel=\"nofollow noopener\" target=\"_blank\">Donald Trump<\/a>, est\u00e1 tomando medidas para <strong>deportar a los dos supervivientes<\/strong> de un ataque perpetrado el jueves en el Caribe, en lugar de buscar su detenci\u00f3n militar prolongada al estilo de prisioneros de guerra, seg\u00fan informaron  &#8230; este s\u00e1bado a Reuters cuatro funcionarios estadounidenses y una fuente familiarizada con el tema.<\/p>\n<p class=\"voc-p\" style=\"\">Los dos supervivientes<strong> ser\u00e1n trasladados a Colombia y Ecuador<\/strong>, de acuerdo con la fuente, que, al igual que los funcionarios, pidi\u00f3 el anonimato.<\/p>\n<p class=\"voc-p\" style=\"\">El Ej\u00e9rcito de Estados Unidos llev\u00f3 a cabo <strong>un rescate en helic\u00f3ptero para evacuar a los supervivientes<\/strong> tras el ataque a su embarcaci\u00f3n semisumergible, sospechosa de transportar narc\u00f3ticos ilegales. El ataque result\u00f3 en la muerte de los otros dos tripulantes.<\/p>\n<p class=\"voc-p\" style=\"\">Los supervivientes fueron trasladados por v\u00eda a\u00e9rea a un buque de guerra de la Armada estadounidense en el Caribe, donde <strong>permanec\u00edan detenidos al menos hasta la noche del viernes<\/strong>. No estaba claro si ya hab\u00edan sido transportados fuera del barco durante la ma\u00f1ana del s\u00e1bado.<\/p>\n<p>\nPrimera vez con supervivientes\n<\/p>\n<p class=\"voc-p\" style=\"\">El incidente marca <strong>la primera vez que se reportan supervivientes<\/strong> tras una ofensiva militar que ha sido en gran parte letal desde su inicio. La respuesta estadounidense ha sido parte de un esfuerzo m\u00e1s amplio para frenar las rutas de narcotr\u00e1fico en el Caribe en medio de crecientes tensiones con Venezuela.<\/p>\n<p class=\"voc-p\" style=\"\">El presidente Trump ha supervisado un notable incremento de presencia militar en la regi\u00f3n, con alrededor de <strong>6.500 efectivos desplegados<\/strong> como parte de operaciones conjuntas de seguridad mar\u00edtima. Esto incluye buques de guerra, aviones de vigilancia y unidades de la Guardia Costera.<\/p>\n<p class=\"voc-p\" style=\"\">A pesar de la creciente actividad militar y del impacto regional, la Casa Blanca <strong>no ha emitido comentarios sobre el caso espec\u00edfico <\/strong>de los supervivientes ni sobre los detalles de su traslado.<\/p>\n<p class=\"voc-p\" style=\"\">Los funcionarios han se\u00f1alado que la decisi\u00f3n de no optar por una detenci\u00f3n prolongada responde en parte a <strong>preocupaciones legales y pol\u00edticas<\/strong> sobre el tratamiento de personas capturadas fuera de zonas de guerra tradicionales. Se busca evitar comparaciones con las pr\u00e1cticas pasadas de arrestos indefinidos.<\/p>\n<p class=\"voc-p\" style=\"\">Aunque los detalles sobre su paradero final son confidenciales, el traslado a pa\u00edses latinoamericanos aliados refleja <strong>un cambio en el enfoque estadounidense<\/strong> hacia operaciones m\u00e1s discretas y cooperaci\u00f3n regional.<\/p>\n","protected":false},"excerpt":{"rendered":"La Administraci\u00f3n del presidente de Estados Unidos, Donald Trump, est\u00e1 tomando medidas para deportar a los dos supervivientes&hellip;\n","protected":false},"author":2,"featured_media":186413,"comment_status":"","ping_status":"","sticky":false,"template":"","format":"standard","meta":{"footnotes":""},"categories":[42],"tags":[1422,17,18,52457,52458,115,13,14,11,61,62,63,64,19,20,2676,52418,9,10,15,16,3947,12,21,22,3667,65,66,67],"class_list":{"0":"post-186412","1":"post","2":"type-post","3":"status-publish","4":"format-standard","5":"has-post-thumbnail","7":"category-internacional","8":"tag-ataque","9":"tag-breaking-news","10":"tag-breakingnews","11":"tag-deportara","12":"tag-detenerlos","13":"tag-eeuu","14":"tag-featured-news","15":"tag-featurednews","16":"tag-headlines","17":"tag-internacional","18":"tag-international","19":"tag-international-news","20":"tag-internationalnews","21":"tag-latest-news","22":"tag-latestnews","23":"tag-lugar","24":"tag-narcosubmarino","25":"tag-news","26":"tag-noticias","27":"tag-noticias-destacadas","28":"tag-noticiasdestacadas","29":"tag-supervivientes","30":"tag-titulares","31":"tag-ultimas-noticias","32":"tag-ultimasnoticias","33":"tag-ultimo","34":"tag-world","35":"tag-world-news","36":"tag-worldnews"},"share_on_mastodon":{"url":"","error":""},"_links":{"self":[{"href":"https:\/\/www.europesays.com\/es\/wp-json\/wp\/v2\/posts\/186412","targetHints":{"allow":["GET"]}}],"collection":[{"href":"https:\/\/www.europesays.com\/es\/wp-json\/wp\/v2\/posts"}],"about":[{"href":"https:\/\/www.europesays.com\/es\/wp-json\/wp\/v2\/types\/post"}],"author":[{"embeddable":true,"href":"https:\/\/www.europesays.com\/es\/wp-json\/wp\/v2\/users\/2"}],"replies":[{"embeddable":true,"href":"https:\/\/www.europesays.com\/es\/wp-json\/wp\/v2\/comments?post=186412"}],"version-history":[{"count":0,"href":"https:\/\/www.europesays.com\/es\/wp-json\/wp\/v2\/posts\/186412\/revisions"}],"wp:featuredmedia":[{"embeddable":true,"href":"https:\/\/www.europesays.com\/es\/wp-json\/wp\/v2\/media\/186413"}],"wp:attachment":[{"href":"https:\/\/www.europesays.com\/es\/wp-json\/wp\/v2\/media?parent=186412"}],"wp:term":[{"taxonomy":"category","embeddable":true,"href":"https:\/\/www.europesays.com\/es\/wp-json\/wp\/v2\/categories?post=186412"},{"taxonomy":"post_tag","embeddable":true,"href":"https:\/\/www.europesays.com\/es\/wp-json\/wp\/v2\/tags?post=186412"}],"curies":[{"name":"wp","href":"https:\/\/api.w.org\/{rel}","templated":true}]}}