{"id":186431,"date":"2025-10-19T04:49:15","date_gmt":"2025-10-19T04:49:15","guid":{"rendered":"https:\/\/www.europesays.com\/es\/186431\/"},"modified":"2025-10-19T04:49:15","modified_gmt":"2025-10-19T04:49:15","slug":"television-publica-javier-ruiz-salta-a-la-tarde-de-tve-en-el-mejor-momento-de-mananeros-para-analizar-la-actualidad-en-directo-al-grano","status":"publish","type":"post","link":"https:\/\/www.europesays.com\/es\/186431\/","title":{"rendered":"TELEVISI\u00d3N P\u00daBLICA | Javier Ruiz salta a la tarde de TVE en el mejor momento de &#8216;Ma\u00f1aneros&#8217; para analizar la actualidad en &#8216;Directo al grano&#8217;"},"content":{"rendered":"<p class=\"ft-text\"><strong>Javier Ruiz<\/strong> saltar\u00e1 el pr\u00f3ximo lunes a la tarde de <a class=\"ft-link ft-link--decoration\" href=\"https:\/\/www.informacion.es\/tags\/tve\/\" rel=\"nofollow noopener\" target=\"_blank\">TVE <\/a>en el mejor momento de <strong>&#8216;Ma\u00f1aneros 360&#8217;. <\/strong>El periodista se sentar\u00e1 en <strong>&#8216;Directo al grano&#8217; <\/strong>para analizar la actualidad, aunque s\u00f3lo por una tarde.<\/p>\n<p class=\"ft-text\">Ruiz ser\u00e1 entrevistado por <a class=\"ft-link ft-link--decoration\" href=\"https:\/\/www.informacion.es\/tags\/marta-flich\/\" rel=\"nofollow noopener\" target=\"_blank\">Marta Flich<\/a> y <strong>Gonzalo Mir\u00f3<\/strong> para dar las claves de la actualidad, aunque seguro que tambi\u00e9n tendr\u00e1 tiempo de responder a las continuas cr\u00edticas que recibe de <a class=\"ft-link ft-link--decoration\" href=\"https:\/\/www.informacion.es\/tags\/pp\/\" rel=\"nofollow noopener\" target=\"_blank\">PP <\/a>y <a class=\"ft-link ft-link--decoration\" href=\"https:\/\/www.informacion.es\/tags\/vox\/\" rel=\"nofollow noopener\" target=\"_blank\">Vox<\/a>. Sin esquivar, por supuesto, las audiencias de &#8216;Ma\u00f1aneros&#8217;, que se han multiplicado desde su llegada.<\/p>\n<p class=\"ft-text\">\u00abAntes de irnos hay que recordarle a todo el mundo que se prepare porque el lunes viene a &#8216;Directo al grano&#8217; Javier Ruiz\u00bb, mencionaba Flich al t\u00e9rmino del programa en la tarde de ayer.<\/p>\n<p>&#8216;Directo al grano&#8217; un mes cumpliendo en la sobremesa <\/p>\n<p class=\"ft-text\">&#8216;Directo al grano&#8217; se estren\u00f3 el pasado 15 de septiembre y en su primer mes se ha afianzado en la sobremesa como segunda opci\u00f3n y superando en la mayor\u00eda de sus emisiones el doble d\u00edgito, mejorando los datos de<strong> &#8216;Malas lenguas&#8217;.<\/strong><\/p>\n","protected":false},"excerpt":{"rendered":"Javier Ruiz saltar\u00e1 el pr\u00f3ximo lunes a la tarde de TVE en el mejor momento de &#8216;Ma\u00f1aneros 360&#8217;.&hellip;\n","protected":false},"author":2,"featured_media":186432,"comment_status":"","ping_status":"","sticky":false,"template":"","format":"standard","meta":{"footnotes":""},"categories":[171],"tags":[146,147,25,24,5264,5106,950,23,11054,20222,214,3156],"class_list":{"0":"post-186431","1":"post","2":"type-post","3":"status-publish","4":"format-standard","5":"has-post-thumbnail","7":"category-tv","8":"tag-entertainment","9":"tag-entretenimiento","10":"tag-es","11":"tag-espana","12":"tag-javier","13":"tag-ruiz","14":"tag-salta","15":"tag-spain","16":"tag-tarde","17":"tag-television-publica","18":"tag-tv","19":"tag-tve"},"share_on_mastodon":{"url":"","error":""},"_links":{"self":[{"href":"https:\/\/www.europesays.com\/es\/wp-json\/wp\/v2\/posts\/186431","targetHints":{"allow":["GET"]}}],"collection":[{"href":"https:\/\/www.europesays.com\/es\/wp-json\/wp\/v2\/posts"}],"about":[{"href":"https:\/\/www.europesays.com\/es\/wp-json\/wp\/v2\/types\/post"}],"author":[{"embeddable":true,"href":"https:\/\/www.europesays.com\/es\/wp-json\/wp\/v2\/users\/2"}],"replies":[{"embeddable":true,"href":"https:\/\/www.europesays.com\/es\/wp-json\/wp\/v2\/comments?post=186431"}],"version-history":[{"count":0,"href":"https:\/\/www.europesays.com\/es\/wp-json\/wp\/v2\/posts\/186431\/revisions"}],"wp:featuredmedia":[{"embeddable":true,"href":"https:\/\/www.europesays.com\/es\/wp-json\/wp\/v2\/media\/186432"}],"wp:attachment":[{"href":"https:\/\/www.europesays.com\/es\/wp-json\/wp\/v2\/media?parent=186431"}],"wp:term":[{"taxonomy":"category","embeddable":true,"href":"https:\/\/www.europesays.com\/es\/wp-json\/wp\/v2\/categories?post=186431"},{"taxonomy":"post_tag","embeddable":true,"href":"https:\/\/www.europesays.com\/es\/wp-json\/wp\/v2\/tags?post=186431"}],"curies":[{"name":"wp","href":"https:\/\/api.w.org\/{rel}","templated":true}]}}