{"id":186433,"date":"2025-10-19T04:50:20","date_gmt":"2025-10-19T04:50:20","guid":{"rendered":"https:\/\/www.europesays.com\/es\/186433\/"},"modified":"2025-10-19T04:50:20","modified_gmt":"2025-10-19T04:50:20","slug":"asi-suena-la-colaboracion-de-bon-jovi-con-robbie-williams","status":"publish","type":"post","link":"https:\/\/www.europesays.com\/es\/186433\/","title":{"rendered":"As\u00ed suena la colaboraci\u00f3n de Bon Jovi con Robbie Williams"},"content":{"rendered":"<p class=\"left paragraph font__body-regular\"><a href=\"https:\/\/tn.com.ar\/musica\/noticias\/2024\/03\/15\/bon-jovi-publico-su-nueva-cancion-legendary-que-formara-parte-de-su-disco-forever\/\" target=\"_self\" rel=\"nofollow noopener\" title=\"https:\/\/tn.com.ar\/musica\/noticias\/2024\/03\/15\/bon-jovi-publico-su-nueva-cancion-legendary-que-formara-parte-de-su-disco-forever\/\">Bon Jovi<\/a> se uni\u00f3 a Robbie Williams para una nueva versi\u00f3n de \u201c<b>We Made It Look Easy\u201d. <\/b>La canci\u00f3n original form\u00f3 parte del disco Forever, que la banda estadounidense public\u00f3 en 2024, y que ahora formar\u00e1 parte de la edici\u00f3n Forever (Legendary Edition) con varios invitados.<\/p>\n<p class=\"left paragraph font__body-regular\"><b>Le\u00e9 tambi\u00e9n:<\/b><a href=\"https:\/\/tn.com.ar\/musica\/noticias\/2024\/03\/15\/bon-jovi-publico-su-nueva-cancion-legendary-que-formara-parte-de-su-disco-forever\/\" target=\"_self\" rel=\"nofollow noopener\" title=\"https:\/\/tn.com.ar\/musica\/noticias\/2024\/03\/15\/bon-jovi-publico-su-nueva-cancion-legendary-que-formara-parte-de-su-disco-forever\/\"> Bon Jovi public\u00f3 su nueva canci\u00f3n \u201cLegendary\u201d<\/a><\/p>\n<p class=\"left paragraph font__body-regular\">\u201cRobbie es uno de los artistas m\u00e1s grandes, y punto. Am\u00e9 su m\u00fasica durante a\u00f1os, y<b> es un honor para m\u00ed que se una a la banda para este tema<\/b>. Viv\u00ed esta letra. Sab\u00eda que lo lograr\u00eda\u201d, dijo el l\u00edder Jon Bon Jovi sobre la colaboraci\u00f3n que ya se puede escuchar en las plataformas. <\/p>\n<p class=\"left paragraph font__body-regular\">Este nuevo material<b> saldr\u00e1 el 24 de octubre <\/b>y tendr\u00e1 a Bruce Springsteen, Avril Lavigne, Jelly Roll, Lainey Wilson, Ryan Tedder, The War &amp; Treaty, Joe Elliott de Def Leppard y m\u00e1s. <a href=\"https:\/\/tn.com.ar\/musica\/noticias\/2024\/03\/15\/bon-jovi-publico-su-nueva-cancion-legendary-que-formara-parte-de-su-disco-forever\/\" target=\"_self\" rel=\"nofollow noopener\" title=\"https:\/\/tn.com.ar\/musica\/noticias\/2024\/03\/15\/bon-jovi-publico-su-nueva-cancion-legendary-que-formara-parte-de-su-disco-forever\/\">Forever sali\u00f3 el 7 de junio <\/a>del a\u00f1o pasado y fue el decimosexto de estudio. \u201cLegendary\u201d fue el primer adelanto. <\/p>\n<p class=\"left paragraph font__body-regular\">Tambi\u00e9n, como parte de la celebraci\u00f3n de sus 40 a\u00f1os de carrera, el grupo estren\u00f3 por streaming \u201c<b>Thank You, Goodnight: The Bon Jovi Story<\/b>\u201d, la primera serie documental donde repas\u00f3 su historia.<\/p>\n<p><img decoding=\"async\" loading=\"lazy\" fetchpriority=\"low\" data-testid=\"loading-testid\" class=\"image content-image image_placeholder\" alt=\"Jon Bon Jovi posando para la promoci\u00f3n de un disco en 2020 (Foto: Drew Gurian\/Invision\/AP).\" width=\"767\" height=\"431\" src=\"https:\/\/www.europesays.com\/es\/wp-content\/uploads\/2025\/10\/jon-bon-jovi-posando-para-la-promocion-de-un-disco-en-2020-foto-drew-gurianinvisionap-2MLVKLFY3NDJTK.jpeg\"\/><\/p>\n<p>Jon Bon Jovi posando para la promoci\u00f3n de un disco en 2020 (Foto: Drew Gurian\/Invision\/AP).<\/p>\n<p class=\"left paragraph font__body-regular\">La semana pasada, <a href=\"https:\/\/tn.com.ar\/musica\/noticias\/2025\/10\/10\/def-leppard-recibio-su-estrella-en-el-paseo-de-la-fama-con-el-homenaje-de-jon-bon-jovi\/\" target=\"_self\" rel=\"nofollow noopener\" title=\"https:\/\/tn.com.ar\/musica\/noticias\/2025\/10\/10\/def-leppard-recibio-su-estrella-en-el-paseo-de-la-fama-con-el-homenaje-de-jon-bon-jovi\/\">te contamos que Def Leppard <\/a>recibi\u00f3 una estrella en el Paseo de la Fama de Hollywood, en una ceremonia en la que Jon Bon Jovi estuvo presente. \u201c<b>Yo soy Jon Bon Jovi y soy un seguidor de Def Leppard\u201d<\/b>, dijo el cantante, quien dedic\u00f3 unas palabras a la banda conformada por Joe Elliott, Rick Allen, Vivian Campbell, Rick Savage y Phil Collen.<\/p>\n<p><img decoding=\"async\" loading=\"lazy\" fetchpriority=\"low\" data-testid=\"loading-testid\" class=\"image content-image image_placeholder\" alt=\"Def Leppard posando para la foto junto a Jon Bon Jovi (Foto: Reuters).\" width=\"767\" height=\"431\" src=\"https:\/\/www.europesays.com\/es\/wp-content\/uploads\/2025\/10\/def-leppard-posando-para-la-foto-junto-a-jon-bon-jovi-foto-reuters-AMQUOKJQMBGQDECKUY23VVSGMA.jpg\"\/><\/p>\n<p>Def Leppard posando para la foto junto a Jon Bon Jovi (Foto: Reuters).<\/p>\n<p class=\"left paragraph font__body-regular\">\u201cLa m\u00fasica de Def Leppard <b>naci\u00f3 y creci\u00f3 con nuestra generaci\u00f3n<\/b>, pero ha seguido conquistando a nuevas audiencias que la han hecho suya durante m\u00e1s de cuatro d\u00e9cadas. Su \u00e9tica de trabajo, su resiliencia, su capacidad para salir de gira a\u00f1o tras a\u00f1o y su influencia en algunos de los nombres m\u00e1s grandes de la m\u00fasica, incluida la actual reina del pop, Taylor Swift, son legendarias\u201d, destac\u00f3 Jovi.<\/p>\n","protected":false},"excerpt":{"rendered":"Bon Jovi se uni\u00f3 a Robbie Williams para una nueva versi\u00f3n de \u201cWe Made It Look Easy\u201d. La&hellip;\n","protected":false},"author":2,"featured_media":186434,"comment_status":"","ping_status":"","sticky":false,"template":"","format":"standard","meta":{"footnotes":""},"categories":[170],"tags":[17371,146,147,25,24,184,185,12426,23],"class_list":{"0":"post-186433","1":"post","2":"type-post","3":"status-publish","4":"format-standard","5":"has-post-thumbnail","7":"category-musica","8":"tag-bon-jovi","9":"tag-entertainment","10":"tag-entretenimiento","11":"tag-es","12":"tag-espana","13":"tag-music","14":"tag-musica","15":"tag-robbie-williams","16":"tag-spain"},"share_on_mastodon":{"url":"","error":""},"_links":{"self":[{"href":"https:\/\/www.europesays.com\/es\/wp-json\/wp\/v2\/posts\/186433","targetHints":{"allow":["GET"]}}],"collection":[{"href":"https:\/\/www.europesays.com\/es\/wp-json\/wp\/v2\/posts"}],"about":[{"href":"https:\/\/www.europesays.com\/es\/wp-json\/wp\/v2\/types\/post"}],"author":[{"embeddable":true,"href":"https:\/\/www.europesays.com\/es\/wp-json\/wp\/v2\/users\/2"}],"replies":[{"embeddable":true,"href":"https:\/\/www.europesays.com\/es\/wp-json\/wp\/v2\/comments?post=186433"}],"version-history":[{"count":0,"href":"https:\/\/www.europesays.com\/es\/wp-json\/wp\/v2\/posts\/186433\/revisions"}],"wp:featuredmedia":[{"embeddable":true,"href":"https:\/\/www.europesays.com\/es\/wp-json\/wp\/v2\/media\/186434"}],"wp:attachment":[{"href":"https:\/\/www.europesays.com\/es\/wp-json\/wp\/v2\/media?parent=186433"}],"wp:term":[{"taxonomy":"category","embeddable":true,"href":"https:\/\/www.europesays.com\/es\/wp-json\/wp\/v2\/categories?post=186433"},{"taxonomy":"post_tag","embeddable":true,"href":"https:\/\/www.europesays.com\/es\/wp-json\/wp\/v2\/tags?post=186433"}],"curies":[{"name":"wp","href":"https:\/\/api.w.org\/{rel}","templated":true}]}}