{"id":186442,"date":"2025-10-19T04:58:13","date_gmt":"2025-10-19T04:58:13","guid":{"rendered":"https:\/\/www.europesays.com\/es\/186442\/"},"modified":"2025-10-19T04:58:13","modified_gmt":"2025-10-19T04:58:13","slug":"unos-3-000-bomberos-forestales-de-toda-espana-exigen-mejoras-en-sus-condiciones-laborales","status":"publish","type":"post","link":"https:\/\/www.europesays.com\/es\/186442\/","title":{"rendered":"Unos 3.000 bomberos forestales de toda Espa\u00f1a exigen mejoras en sus condiciones laborales"},"content":{"rendered":"<p class=\"article-text\">\n        Unos 3.000 bomberos forestales y medioambientales de distintas regiones de Espa\u00f1a, seg\u00fan la Delegaci\u00f3n del Gobierno en Madrid, se han manifestado este s\u00e1bado en la capital espa\u00f1ola para reclamar la aplicaci\u00f3n efectiva de sus leyes b\u00e1sicas y exigir la consolidaci\u00f3n de los operativos de prevenci\u00f3n y extinci\u00f3n de incendios forestales en todas las comunidades aut\u00f3nomas.\n    <\/p>\n<p class=\"article-text\">\n        La marcha, convocada por la Plataforma de Asociaciones Profesionales y Sindicales de Bomberos Forestales (BASF) y a la que se han adherido CCOO y CGT, ha pasado por las sedes del PSOE y del PP, y por delante del Congreso de los Diputados.\n    <\/p>\n<p class=\"article-text\">\n        Durante la protesta, los bomberos han portado pancartas en las que se pod\u00eda leer &#8216;Por un operativo para incendios forestales p\u00fablico, profesional y digno ya&#8217; o &#8216;Por la aplicaci\u00f3n de Ley 5\/2024 en todo el Estado. Por el reconocimiento de las enfermedades profesionales. Bomberos forestales en lucha&#8217;.\n    <\/p>\n<p class=\"article-text\">\n        A lo largo del recorrido, los participantes, vestidos con sus uniformes de trabajo, han guardado, varias veces, un minuto de silencio en memoria de los fallecidos en los incendios forestales del \u00faltimo verano y han coreado consignas para reclamar la dignificaci\u00f3n y la profesionalizaci\u00f3n del sector.\n    <\/p>\n<p class=\"article-text\">\n        En un comunicado, CCOO muestra su rechazo \u201cal abandono del medio rural y a la falta de gesti\u00f3n forestal que, a\u00f1o tras a\u00f1o, agravan las cat\u00e1strofes naturales\u201d. El sindicato argumenta que las cat\u00e1strofes naturales son evitables con prevenci\u00f3n y, cuando esta falla, el operativo de extinci\u00f3n debe ser \u201cp\u00fablico, estable y seguro\u201d, como est\u00e1 establecido en las leyes, que se tienen que cumplir.\n    <\/p>\n<p class=\"article-text\">\n        Con esta acci\u00f3n, los convocantes quieren recordar el compromiso adquirido hace un a\u00f1o con la aprobaci\u00f3n de las leyes 4\/2024 y 5\/2024 b\u00e1sicas de bomberos y agentes forestales y medioambientales, que establecieron el marco legal para la estabilizaci\u00f3n, estructuraci\u00f3n y consolidaci\u00f3n de los dispositivos de prevenci\u00f3n de incendios, especialmente ante las necesidades actuales y el contexto de emergencia clim\u00e1tica.\n    <\/p>\n<p class=\"article-text\">\n        Comisiones Obreras reconoce los avances que se est\u00e1n dando en materias como la aplicaci\u00f3n de la edad anticipada de jubilaci\u00f3n; as\u00ed como el desarrollo y la esperada publicaci\u00f3n de normativas que regulen los tiempos de trabajo y condiciones laborales de seguridad y salud.\n    <\/p>\n<p class=\"article-text\">\n        Sin embargo, sostiene la organizaci\u00f3n, todav\u00eda quedan pendientes de desarrollar varias materias reconocidas en la norma, como la correcta aplicaci\u00f3n de la clasificaci\u00f3n profesional, el reconocimiento de enfermedades profesionales, los procedimientos de acreditaci\u00f3n formativa, y acreditaci\u00f3n de competencias, que, para el sindicato, son fundamentales en la consolidaci\u00f3n del operativo de prevenci\u00f3n y extinci\u00f3n de incendios forestales.\n    <\/p>\n<p class=\"article-text\">\n        CCOO subraya que estas medidas deben ser aplicadas por las administraciones auton\u00f3micas en sus respectivas empresas p\u00fablicas y privadas.\n    <\/p>\n<p class=\"article-text\">\n        Adem\u00e1s, el sindicato alerta sobre el riesgo que suponen \u201clos discursos negacionistas de algunos partidos pol\u00edticos en materia de cambio clim\u00e1tico y gesti\u00f3n forestal\u201d, y llama a los gobiernos auton\u00f3micos a desvincularse de quienes obstaculizan las labores de prevenci\u00f3n y extinci\u00f3n de incendios, ya que estas negligencias se pagan con vidas humanas y con la p\u00e9rdida del patrimonio natural.\n    <\/p>\n","protected":false},"excerpt":{"rendered":"Unos 3.000 bomberos forestales y medioambientales de distintas regiones de Espa\u00f1a, seg\u00fan la Delegaci\u00f3n del Gobierno en Madrid,&hellip;\n","protected":false},"author":2,"featured_media":186443,"comment_status":"","ping_status":"","sticky":false,"template":"","format":"standard","meta":{"footnotes":""},"categories":[8],"tags":[1609,1554,4343,17,18,14795,25,24,29455,13,14,21987,11,52465,19,20,26575,9,10,15,16,23,12,21,22],"class_list":{"0":"post-186442","1":"post","2":"type-post","3":"status-publish","4":"format-standard","5":"has-post-thumbnail","7":"category-espana","8":"tag-1609","9":"tag-1554","10":"tag-bomberos","11":"tag-breaking-news","12":"tag-breakingnews","13":"tag-condiciones","14":"tag-es","15":"tag-espana","16":"tag-exigen","17":"tag-featured-news","18":"tag-featurednews","19":"tag-forestales","20":"tag-headlines","21":"tag-laborales","22":"tag-latest-news","23":"tag-latestnews","24":"tag-mejoras","25":"tag-news","26":"tag-noticias","27":"tag-noticias-destacadas","28":"tag-noticiasdestacadas","29":"tag-spain","30":"tag-titulares","31":"tag-ultimas-noticias","32":"tag-ultimasnoticias"},"share_on_mastodon":{"url":"","error":""},"_links":{"self":[{"href":"https:\/\/www.europesays.com\/es\/wp-json\/wp\/v2\/posts\/186442","targetHints":{"allow":["GET"]}}],"collection":[{"href":"https:\/\/www.europesays.com\/es\/wp-json\/wp\/v2\/posts"}],"about":[{"href":"https:\/\/www.europesays.com\/es\/wp-json\/wp\/v2\/types\/post"}],"author":[{"embeddable":true,"href":"https:\/\/www.europesays.com\/es\/wp-json\/wp\/v2\/users\/2"}],"replies":[{"embeddable":true,"href":"https:\/\/www.europesays.com\/es\/wp-json\/wp\/v2\/comments?post=186442"}],"version-history":[{"count":0,"href":"https:\/\/www.europesays.com\/es\/wp-json\/wp\/v2\/posts\/186442\/revisions"}],"wp:featuredmedia":[{"embeddable":true,"href":"https:\/\/www.europesays.com\/es\/wp-json\/wp\/v2\/media\/186443"}],"wp:attachment":[{"href":"https:\/\/www.europesays.com\/es\/wp-json\/wp\/v2\/media?parent=186442"}],"wp:term":[{"taxonomy":"category","embeddable":true,"href":"https:\/\/www.europesays.com\/es\/wp-json\/wp\/v2\/categories?post=186442"},{"taxonomy":"post_tag","embeddable":true,"href":"https:\/\/www.europesays.com\/es\/wp-json\/wp\/v2\/tags?post=186442"}],"curies":[{"name":"wp","href":"https:\/\/api.w.org\/{rel}","templated":true}]}}