{"id":186454,"date":"2025-10-19T05:09:18","date_gmt":"2025-10-19T05:09:18","guid":{"rendered":"https:\/\/www.europesays.com\/es\/186454\/"},"modified":"2025-10-19T05:09:18","modified_gmt":"2025-10-19T05:09:18","slug":"alicia-alcocer-nieta-de-esther-koplowitz-invitada-estrella-a-nuestra-gran-noche-de-la-moda","status":"publish","type":"post","link":"https:\/\/www.europesays.com\/es\/186454\/","title":{"rendered":"Alicia Alcocer, nieta de Esther Koplowitz, invitada estrella a nuestra gran noche de la moda"},"content":{"rendered":"<p id=\"eHxHtwxysL\" data-wc=\"79\">El <strong>pasado 8 de octubre la capital se convirti\u00f3 en el centro de la moda<\/strong> al <a class=\"hm-link ho-link\" href=\"https:\/\/www.hola.com\/actualidad\/20251015861381\/sara-carbonero-rebecca-donaldson-imagenes-ineditas-premios-talento-fashion\/\" data-mrf-recirculation=\"article-body-link\" rel=\"nofollow noopener\" target=\"_blank\">reunir a dise\u00f1adores y grandes referentes de este mundo en la gala de los Premios Talento Fashion de \u00a1HOLA!\u00a0<\/a>Entre los galardones, figuran <strong>nombres como Sara Carbonero e Isabel Jim\u00e9nez, Jorge Redondo y Tamara Falc\u00f3<\/strong>, quienes fueron reconocidos no solo por su <strong>labor en el mundo de la moda<\/strong>, sino tambi\u00e9n por los valores que transmiten y sus <strong>dise\u00f1os \u00fanicos que marcan tendencias.<\/strong><\/p>\n<p>  <img src=\"https:\/\/www.europesays.com\/es\/wp-content\/uploads\/2025\/10\/ede9f5412d90-164c544d1db1-06e43f1dbdfd0b7140a73570c1e5efd1holafashion-fiesta-20251207.jpg\"   width=\"1080\" height=\"1080\" loading=\"lazy\" decoding=\"async\" alt=\"De izquierda a derecha, los premiados: de pie, Lady Eliza Spencer, con vestido gris de Er\u00admanno Scervino; Tamara Falc\u00f3; Alberta Ferre\u00adtti; Jorge Redondo; Sara Carbonero, de largo y plata por Ferretti; Lady Amelia Spencer, con un dise\u00f1o de encaje negro de Ermanno Scervino, y sentadas, Rebecca Donaldson, muy minimalista de Ala\u00efa, e Isabel Jim\u00e9nez, de Claro Couture, posan en el palacio de Santa Coloma\" fetchpriority=\"auto\" class=\"image ho-image\"\/>De izquierda a derecha, los premiados: de pie, Lady Eliza Spencer, con vestido gris de Er\u00admanno Scervino; Tamara Falc\u00f3; Alberta Ferre\u00adtti; Jorge Redondo; Sara Carbonero, de largo y plata por Ferretti; Lady Amelia Spencer, con un dise\u00f1o de encaje negro de Ermanno Scervino, y sentadas, Rebecca Donaldson, muy minimalista de Ala\u00efa, e Isabel Jim\u00e9nez, de Claro Couture, posan en el palacio de Santa Coloma<\/p>\n<p id=\"eZbmsNhi_rW\" data-wc=\"90\">Adem\u00e1s de con los premiados<strong>, tuvimos el honor de contar con otros invitados junto a los que vivimos una noche \u00fanica de reencuentros y momentazos.<\/strong> Entre ellos, <a class=\"hm-link ho-link\" href=\"https:\/\/www.hola.com\/actualidad\/20251003859543\/carmen-thyssen-alicia-ortiz-alcocer-nieta-esther-koplowitz-dos-sorpresas-semana-moda-milan\/\" data-mrf-recirculation=\"article-body-link\" rel=\"nofollow noopener\" target=\"_blank\">no quiso perderse la ocasi\u00f3n Alicia Ortiz Alcocer, quien se ha consolidado como una de las j\u00f3venes espa\u00f1olas m\u00e1s prometedoras en el \u00e1mbito de la moda y los negocios<\/a>. Hija de Alicia Alcocer Koplowitz y del economista Fernando Ortiz Bahamonde, y<strong>\u00a0nieta de Esther Koplowitz\u00a0<\/strong>y <strong>Alberto Alcocer,<\/strong> Alicia pertenece a <strong>una de las familias m\u00e1s reconocidas del mundo de las empresas espa\u00f1olas.<\/strong><\/p>\n<p>  <img src=\"https:\/\/www.europesays.com\/es\/wp-content\/uploads\/2025\/10\/035e775c8bca-hola-fashion-fiesta-20251253cut.jpg\"   width=\"1080\" height=\"1800\" loading=\"lazy\" decoding=\"async\" alt=\"La italiana Alberta Ferretti con Alicia Ortiz Alcocer, nieta de Esther Koplowitz\" fetchpriority=\"auto\" class=\"image ho-image\"\/>\u00a9 Jes\u00fas CorderoLa italiana Alberta Ferretti con Alicia Ortiz Alcocer, nieta de Esther Koplowitz<\/p>\n<p id=\"eqI8QZFWtot\" data-wc=\"88\">Graduada hace dos a\u00f1os en Administraci\u00f3n de Empresas y gracias a su esp\u00edritu creativo y emprendedor, <strong>a principios de a\u00f1o fund\u00f3 su propia empresa,\u00a0<\/strong><strong>AOA Studio,<\/strong> una agencia de marketing y dise\u00f1o de eventos, consolidando su proyecci\u00f3n profesional y demostrando que <strong>su talento trasciende el modelaje<\/strong>. Y es que<strong>\u00a0Alicia tambi\u00e9n ha trabajado como modelo, como cuando fue imagen de campa\u00f1a de la Joyer\u00eda Yanes a finales del a\u00f1o 2023.<\/strong> Esta faceta suya le hace marcar estilo y <strong>querer presenciar cada uno de los mejores eventos de moda.<\/strong><\/p>\n<p>  <img src=\"https:\/\/www.europesays.com\/es\/wp-content\/uploads\/2025\/10\/e66aa5a7a680-foto-3-1.jpg\"   width=\"1080\" height=\"1800\" loading=\"lazy\" decoding=\"async\" alt=\"Alicia Ortiz con su amiga Yasmine Meijer, en el desfile de Ermanno Scervino\" fetchpriority=\"auto\" class=\"image ho-image\"\/>\u00a9 RedesAlicia Ortiz con su amiga Yasmine Meijer, en el desfile de Ermanno Scervino<\/p>\n<p id=\"eT6hNJUOP0mk\" data-wc=\"56\">Imparable, <strong>con la ambici\u00f3n y las ganas de emprender que lleva en la sangre<\/strong>, Alicia est\u00e1 triunfando en todo el mundo. As\u00ed es como, recientemente <strong>acudi\u00f3 junto a su madre al desfile de Ermanno Scervino<\/strong> y a la a la presentaci\u00f3n de la nueva colecci\u00f3n de <strong>Elisabetta Franchi<\/strong> en la <strong>Semana de la Moda de Mil\u00e1n.<\/strong><\/p>\n<p>  <img src=\"https:\/\/www.europesays.com\/es\/wp-content\/uploads\/2025\/10\/b65d933acc97-foto-4-1.jpg\"   width=\"1920\" height=\"1080\" loading=\"lazy\" decoding=\"async\" alt=\"Yasmine Meijer, Alicia Ortiz Alcocer, Val\u00e9rie Meijer-Albada, Alicia Alcocer Koplowitz, y Linda Scaperotto\" fetchpriority=\"auto\" class=\"image ho-image\"\/>\u00a9 RedesYasmine Meijer, Alicia Ortiz Alcocer, Val\u00e9rie Meijer-Albada, Alicia Alcocer Koplowitz, y Linda Scaperotto<\/p>\n<p id=\"efXKuFR8fLbc\" data-wc=\"53\">A la fiesta acudi\u00f3 con <strong>un\u00a0look espectacular\u00a0<\/strong>pos\u00f3 con la<a class=\"hm-link ho-link\" href=\"https:\/\/www.hola.com\/fashion\/20251008860526\/alberta-ferreti-gemelas-spencer-tamara-falco-todos-invitados-premios-talento-fashion\/\" data-mrf-recirculation=\"article-body-link\" rel=\"nofollow noopener\" target=\"_blank\">\u00a0dise\u00f1adora Alberta Ferreti, que fue premio Fashion a la trayectoria internacional. \u00a0<\/a>Esta claro que pese a su corta edad, Alicia es una de las j\u00f3venes\u00a0it girls de la alta sociedad espa\u00f1ola, admirada tanto por su estilo como por<strong>\u00a0sus ambiciones profesionales.<\/strong><\/p>\n<p>  <img src=\"https:\/\/www.europesays.com\/es\/wp-content\/uploads\/2025\/10\/f9491c13e94e-alicia-ortiz-tamara-z.jpg\"   width=\"1080\" height=\"1800\" loading=\"lazy\" decoding=\"async\" alt=\"alicia ortiz tamara\" fetchpriority=\"auto\" class=\"image ho-image\"\/>\u00a9 Gtres<\/p>\n<p>  <img src=\"https:\/\/www.europesays.com\/es\/wp-content\/uploads\/2025\/10\/8d1417f6caf9-alicia-ortiz-3-z.jpg\"   width=\"1080\" height=\"1800\" loading=\"lazy\" decoding=\"async\" alt=\"alicia ortiz 3\" fetchpriority=\"auto\" class=\"image ho-image\"\/>\u00a9 ali.alcocer<\/p>\n<p id=\"eSLBbfAPw25W\" data-wc=\"76\">Apasionada de la <strong>moda, los animales y los viajes,\u00a0<\/strong>Alicia ha logrado<strong>\u00a0equilibrar su vida profesional con su faceta personal<\/strong> ya que mantiene una relaci\u00f3n con el empresario belga Edouard Rebilly, miembro de una importante familia de inversores. Con una combinaci\u00f3n de talento, ambici\u00f3n y estilo, <strong>Alicia Ortiz Alcocer se perfila como una figura clave en la nueva generaci\u00f3n de j\u00f3venes espa\u00f1olas\u00a0<\/strong>por su <strong>presencia en la moda y por su capacidad y valent\u00eda al emprender.<\/strong><\/p>\n","protected":false},"excerpt":{"rendered":"El pasado 8 de octubre la capital se convirti\u00f3 en el centro de la moda al reunir a&hellip;\n","protected":false},"author":2,"featured_media":186455,"comment_status":"","ping_status":"","sticky":false,"template":"","format":"standard","meta":{"footnotes":""},"categories":[174],"tags":[3900,517,255,3899,146,147,25,24,256,23],"class_list":{"0":"post-186454","1":"post","2":"type-post","3":"status-publish","4":"format-standard","5":"has-post-thumbnail","7":"category-famosos","8":"tag-hola","9":"tag-actualidad","10":"tag-celebrities","11":"tag-contenido-sensible","12":"tag-entertainment","13":"tag-entretenimiento","14":"tag-es","15":"tag-espana","16":"tag-famosos","17":"tag-spain"},"share_on_mastodon":{"url":"","error":""},"_links":{"self":[{"href":"https:\/\/www.europesays.com\/es\/wp-json\/wp\/v2\/posts\/186454","targetHints":{"allow":["GET"]}}],"collection":[{"href":"https:\/\/www.europesays.com\/es\/wp-json\/wp\/v2\/posts"}],"about":[{"href":"https:\/\/www.europesays.com\/es\/wp-json\/wp\/v2\/types\/post"}],"author":[{"embeddable":true,"href":"https:\/\/www.europesays.com\/es\/wp-json\/wp\/v2\/users\/2"}],"replies":[{"embeddable":true,"href":"https:\/\/www.europesays.com\/es\/wp-json\/wp\/v2\/comments?post=186454"}],"version-history":[{"count":0,"href":"https:\/\/www.europesays.com\/es\/wp-json\/wp\/v2\/posts\/186454\/revisions"}],"wp:featuredmedia":[{"embeddable":true,"href":"https:\/\/www.europesays.com\/es\/wp-json\/wp\/v2\/media\/186455"}],"wp:attachment":[{"href":"https:\/\/www.europesays.com\/es\/wp-json\/wp\/v2\/media?parent=186454"}],"wp:term":[{"taxonomy":"category","embeddable":true,"href":"https:\/\/www.europesays.com\/es\/wp-json\/wp\/v2\/categories?post=186454"},{"taxonomy":"post_tag","embeddable":true,"href":"https:\/\/www.europesays.com\/es\/wp-json\/wp\/v2\/tags?post=186454"}],"curies":[{"name":"wp","href":"https:\/\/api.w.org\/{rel}","templated":true}]}}