{"id":186464,"date":"2025-10-19T05:18:06","date_gmt":"2025-10-19T05:18:06","guid":{"rendered":"https:\/\/www.europesays.com\/es\/186464\/"},"modified":"2025-10-19T05:18:06","modified_gmt":"2025-10-19T05:18:06","slug":"probamos-el-iphone-17-pro-y-hay-mas-revolucion-de-la-que-parecia","status":"publish","type":"post","link":"https:\/\/www.europesays.com\/es\/186464\/","title":{"rendered":"Probamos el iPhone 17 Pro y hay m\u00e1s revoluci\u00f3n de la que parec\u00eda"},"content":{"rendered":"<p><b>Un iPhone Pro que tiene todav\u00eda m\u00e1s pinta de Ultra<\/b>. S\u00ed, ese podr\u00eda ser el resumen de lo que parece por <a href=\"https:\/\/www.huffingtonpost.es\/tecnologia\/apple-lanza-nuevos-iphone-17-air-pro-airpods.html\" rel=\"nofollow noopener\" target=\"_blank\">est\u00e9tica y potencia el nuevo iPhone 17 Pro<\/a>. Tras una semana de uso- m\u00e1s all\u00e1 de decir que me gusta el tono naranja c\u00f3smico, pese a ser arriesgado, y parece que algunas compa\u00f1\u00edas lo van a usar-, <a href=\"https:\/\/www.huffingtonpost.es\/tecnologia\/novedades-apple-lanza-sorpresa-nuevo-macbook-pro-ipad-pro-actualiza-apple-vision-pro.html\" rel=\"nofollow noopener\" target=\"_blank\">Apple<\/a> est\u00e1 haciendo lo que debe hacer cualquier <a href=\"https:\/\/www.huffingtonpost.es\/tecnologia\/como-continuas-filtraciones-apple-han-arruinado-efecto-sorpresa-nuevos-productos.html\" rel=\"nofollow noopener\" target=\"_blank\">gigante tecnol\u00f3gico<\/a> con su modelo m\u00e1s potente.<\/p>\n<p>Un mes despu\u00e9s desde que saliera a la venta, hay que confirmar que la compa\u00f1\u00eda de <a href=\"https:\/\/www.huffingtonpost.es\/tecnologia\/soplan-vientos-cambio-conocido-candidato-apple-coger-testigo-tim-cook.html\" rel=\"nofollow noopener\" target=\"_blank\">Tim Cook<\/a> lo ha hecho muy bien en muchos de los aspectos que m\u00e1s tarde pasaremos a desgranar. Pero s\u00ed, sigue habiendo alguna duda, sobre todo en algo que sigue siendo su <a href=\"https:\/\/www.huffingtonpost.es\/tecnologia\/apple-lanza-nuevos-iphone-17-air-pro-airpods.html\" rel=\"nofollow noopener\" target=\"_blank\">principal tal\u00f3n de Aquiles: la inteligencia artificial<\/a>.<\/p>\n<p>Pero si alguien dec\u00eda que <a href=\"https:\/\/www.huffingtonpost.es\/tecnologia\/los-aranceles-trump-notan-nuevos-iphone-apple-esquiva-presion-manteniendo-precios.html\" rel=\"nofollow noopener\" target=\"_blank\">Apple no arriesgaba<\/a> y que sus tel\u00e9fonos eran casi siempre igual, tras la keynote\u00a0del pasado mes de septiembre, <b>m\u00e1s de uno habr\u00e1 sido v\u00edctima de sus propias palabras<\/b>.\u00a0\u00a0<\/p>\n<p>Es cierto que la base sobre la que han ido a\u00f1adiendo mejoras a este iPhone 17 Pro es la de su antecesor. Pero los cambios son evidentes: empezando por <b>su nuevo dise\u00f1o trasero, su nueva disposici\u00f3n del sistema de c\u00e1maras, los materiales utilizados<\/b>, una mejora en pantalla y tambi\u00e9n en la bater\u00eda.<\/p>\n<p>Adi\u00f3s calor, hola c\u00e1mara de vapor<\/p>\n<p>Apple decidi\u00f3 dar un paso atr\u00e1s, pero que en realidad es un paso adelante. Aunque sigue habiendo gente a la que le gusta est\u00e9ticamente m\u00e1s el titanio que el aluminio, cosa en la que coincidimos, consideran que volviendo a este material- al aluminio- y una nueva c\u00e1mara de vapor se distribuye mucho mejor el calor.<\/p>\n<p>Y en mano, durante un uso exigente, se nota mucho esa mejora. La temperatura es menor que en el 16 Pro. Parece ser que ah\u00ed han acertado, pero est\u00e9ticamente tambi\u00e9n hay un cambio.<\/p>\n<p>Aunque el tama\u00f1o sigue siendo el mismo, 6,3 pulgadas, la distribuci\u00f3n es algo diferente. Ahora, el logo de Apple no est\u00e1 tan centrado. El\u00a0cuerpo unibody con el que la firma de Tim Cook ha creado este 17 Pro es perfecto para esa disipaci\u00f3n del calor, pero a m\u00ed no me termina de convencer la placa de cristal. <b>Ese tono naranja tan claro hace que, en ocasiones, no se perciba bien el logo de la marca<\/b>.<\/p>\n<p>En el apartado de la pantalla, es verdad que no hay un cambio brutal ni mucho menos. Las caracter\u00edsticas son las que son, pero en el d\u00eda a d\u00eda hay una peque\u00f1a variaci\u00f3n, <b>el brillo de la pantalla en exteriores que alcanza los 3.000 nits<\/b>, frente a los 2.000 del modelo anterior.\u00a0Gracias a\u00a0<b>Ceramic Shield 2, que es tres veces m\u00e1s resistente a ara\u00f1azos<\/b>, tiene un tratamiento de antirreflejos que es perfecto para cualquier hora del d\u00eda. Se agradece no tener que volverse loco una y otra vez con bajar o subir el brillo.<\/p>\n<p>Luces, c\u00e1maras y acci\u00f3n<\/p>\n<p>Sin duda, el apartado de las c\u00e1maras es uno de los que m\u00e1s me ha sorprendido. Esperaba encontrarme pocas novedades en v\u00eddeo e imagen. Pese a que es verdad que en el modo noche sigue flaqueando en algunas situaciones, <b>el v\u00eddeo y, sobre todo, su c\u00e1mara selfie\u00a0cuenta con avances reales<\/b>.<\/p>\n<p>Gracias a su nuevo sistema de selfie, el llamado Center Stage, ahora nadie se queda fuera de la foto. Y s\u00ed, nos vamos olvidando ya de tener que apretujarnos para sacar la foto o girar el tel\u00e9fono.<\/p>\n<p>Los nuevos 18 megap\u00edxeles de la c\u00e1mara frontal tambi\u00e9n se notan. Adem\u00e1s de ampliar el plano, se pueden tomar im\u00e1genes con todav\u00eda m\u00e1s calidad que los 12 megap\u00edxeles de su predecesor. Sin duda, uno de los mejores selfies\u00a0del mercado sin necesidad de a\u00f1adir un sensor de 30, 40 o 50 megap\u00edxeles.<\/p>\n<p>Y eso es s\u00f3lo en la parte delantera. Porque si se hace bien, se dice. Pero en\u00a0el nuevo sistema de c\u00e1maras Pro Fusion, el trasero, <b>sus sensores logran ir un poco m\u00e1s all\u00e1 de lo que nos ten\u00edan acostumbrados<\/b>. Aunque hay que tener en cuenta una cosa. Por defecto, las c\u00e1maras nos ofrecen una calidad de 24 megap\u00edxeles. Mal aqu\u00ed por parte de Apple, ya que toca ir a configuraci\u00f3n y guardar como preferencia que queremos capturar im\u00e1genes con los 48 megap\u00edxeles.<\/p>\n<p>La c\u00e1mara principal, su ultra angular y el teleobjetivo fusi\u00f3n son de 48 megap\u00edxeles cada uno. Pero gracias a su nuevo zoom x8 se logra captar con mucho mejor detalle escenas lejanas. <b>Es, sin ninguna duda, la mejor c\u00e1mara de Apple hasta la fecha<\/b>.<\/p>\n<p>Mejora en la fotograf\u00eda, pero no se queda atr\u00e1s en el v\u00eddeo. Sigue apostando por la grabaci\u00f3n ProRes y le a\u00f1ade un formato mejorado RAW. Pero eso ser\u00eda para profesionales, para cualquier usuario capta escenas a una calidad asombrosa. <b>Poni\u00e9ndolo a prueba, tanto de d\u00eda como de noche, se ve y se escucha bastante bien<\/b>.<\/p>\n<p>Potencia, que no potencIA<\/p>\n<p>El iPhone 17 Pro llega con el chip A19 Pro, el m\u00e1s potente hasta la fecha en un tel\u00e9fono de Apple. Y cuando hablamos de potencia, decimos potencia. E<b>l ritmo de su nuevo smartphone\u00a0es imparable<\/b>.<\/p>\n<p>Su nuevo chip est\u00e1 pensado para exprimir al m\u00e1ximo todas las funciones de las grandes c\u00e1maras. Ah\u00ed cumple. Entre la regulaci\u00f3n de la temperatura y la ca\u00f1a que se le puede dar durante un uso exigente, en una semana, no ha dado ninguna muestra de debilidad.<\/p>\n<p>Pero hay algo que s\u00ed se le puede echar un poco en cara a Apple. <b>Se trata de Apple Intelligence<\/b>. Aunque se sigue trabajando en ello, los peque\u00f1os pasos adelante s\u00f3lo sirven para confirmar que todav\u00eda siguen estando varios escalones por debajo de la competencia.<\/p>\n<p>A la IA de la compa\u00f1\u00eda de Tim Cook <b>le sigue faltando soltura<\/b>, si le pides algo de una forma no tan clara se pierde y hace falta darle las cosas muy detalladas, sin mezclar peticiones, para obtener aunque sea una respuesta- buena o no-.\u00a0Sea como fuere, <b>Apple Intelligence sigue siendo el tal\u00f3n de Aquiles de Apple<\/b>.<\/p>\n<p>Aunque para un usuario medio quiz\u00e1 la opci\u00f3n del iPhone 17 sea m\u00e1s que suficiente y tenga una mejor relaci\u00f3n calidad precio, el cambio de dise\u00f1o, de materiales, la c\u00e1mara de vapor, avances en c\u00e1maras, v\u00eddeo y selfie, su bater\u00eda- la m\u00e1s grande hasta la fecha de la firma y que, en mi caso con un uso intensivo me ha durado cerca de un d\u00eda y medio-, <b>hacen del iPhone 17 Pro uno de los mejores m\u00f3viles <\/b>y quien sabe si la antesala de un hipot\u00e9tico y futurible iPhone Ultra.<\/p>\n","protected":false},"excerpt":{"rendered":"Un iPhone Pro que tiene todav\u00eda m\u00e1s pinta de Ultra. S\u00ed, ese podr\u00eda ser el resumen de lo&hellip;\n","protected":false},"author":2,"featured_media":186465,"comment_status":"","ping_status":"","sticky":false,"template":"","format":"standard","meta":{"footnotes":""},"categories":[81],"tags":[2823,119,123,124,25,24,2822,13368,117,121,122,23,118,120],"class_list":{"0":"post-186464","1":"post","2":"type-post","3":"status-publish","4":"format-standard","5":"has-post-thumbnail","7":"category-ciencia-y-tecnologia","8":"tag-apple","9":"tag-ciencia","10":"tag-ciencia-y-tecnologia","11":"tag-cienciaytecnologia","12":"tag-es","13":"tag-espana","14":"tag-iphone","15":"tag-moviles","16":"tag-science","17":"tag-science-and-technology","18":"tag-scienceandtechnology","19":"tag-spain","20":"tag-technology","21":"tag-tecnologia"},"share_on_mastodon":{"url":"","error":""},"_links":{"self":[{"href":"https:\/\/www.europesays.com\/es\/wp-json\/wp\/v2\/posts\/186464","targetHints":{"allow":["GET"]}}],"collection":[{"href":"https:\/\/www.europesays.com\/es\/wp-json\/wp\/v2\/posts"}],"about":[{"href":"https:\/\/www.europesays.com\/es\/wp-json\/wp\/v2\/types\/post"}],"author":[{"embeddable":true,"href":"https:\/\/www.europesays.com\/es\/wp-json\/wp\/v2\/users\/2"}],"replies":[{"embeddable":true,"href":"https:\/\/www.europesays.com\/es\/wp-json\/wp\/v2\/comments?post=186464"}],"version-history":[{"count":0,"href":"https:\/\/www.europesays.com\/es\/wp-json\/wp\/v2\/posts\/186464\/revisions"}],"wp:featuredmedia":[{"embeddable":true,"href":"https:\/\/www.europesays.com\/es\/wp-json\/wp\/v2\/media\/186465"}],"wp:attachment":[{"href":"https:\/\/www.europesays.com\/es\/wp-json\/wp\/v2\/media?parent=186464"}],"wp:term":[{"taxonomy":"category","embeddable":true,"href":"https:\/\/www.europesays.com\/es\/wp-json\/wp\/v2\/categories?post=186464"},{"taxonomy":"post_tag","embeddable":true,"href":"https:\/\/www.europesays.com\/es\/wp-json\/wp\/v2\/tags?post=186464"}],"curies":[{"name":"wp","href":"https:\/\/api.w.org\/{rel}","templated":true}]}}