{"id":186469,"date":"2025-10-19T05:21:11","date_gmt":"2025-10-19T05:21:11","guid":{"rendered":"https:\/\/www.europesays.com\/es\/186469\/"},"modified":"2025-10-19T05:21:11","modified_gmt":"2025-10-19T05:21:11","slug":"dia-del-cancer-de-mama-2025-por-que-se-celebra-hoy-19-de-octubre-y-cual-es-el-origen-de-los-lazos-rosas-el-mundo","status":"publish","type":"post","link":"https:\/\/www.europesays.com\/es\/186469\/","title":{"rendered":"D\u00eda del C\u00e1ncer de Mama 2025: por qu\u00e9 se celebra hoy, 19 de octubre, y cu\u00e1l es el origen de los lazos rosas &#8211; El Mundo"},"content":{"rendered":"<ol>\n<li><a href=\"https:\/\/news.google.com\/rss\/articles\/CBMid0FVX3lxTE1NYXM2a2h3NTVwOGg4T0FfbmUteXZMcTJ0WXBZakFyNmRPQnRnMHo5UFctTDU4RzZmcE1UTnNybk1BNzhwcmVYWHZfM05KREhlVkc0TkVlX0xEZjVEdzIzYVBDSHF5aHE0NGk5SDVOdVJzb3V2MFJN0gF3QVVfeXFMUERvY3VlZnM4UFctQWNYc256X2N6Z0ZtbVRjSVlxUlJNV01EWWY2YXRuNTl4U3BzcmN0d2hwQ2JkNHpuWGtHX0V3T19uem56OVpOSDNYMDJldkVhMjNRTGF6RFJxUXFpTmxRR0lLbXZ5TmZwUUlwZlE?oc=5\" target=\"_blank\" rel=\"nofollow noopener\">D\u00eda del C\u00e1ncer de Mama 2025: por qu\u00e9 se celebra hoy, 19 de octubre, y cu\u00e1l es el origen de los lazos rosas<\/a>&nbsp;&nbsp;El Mundo<\/li>\n<li><a href=\"https:\/\/news.google.com\/rss\/articles\/CBMi2gFBVV95cUxOSHMtLUtoZURrczBmMFRYaVQ0WW4yV2JjU0pqZU5UV1c1N3dVZ2JBek8tUHpMMWZGNGFISl80dVpnazY2a3piNWZuX2Fjd0NTdXZoN1V4dk9USEpoeXF6MVdfT3VsMy1vdjlIVTJQZlRVRFp1MnBFc1M5OHZmMGRaTlBUb0pzS3kyVXJTZV84T0JlQlJ0UTVUVTk0MlFocUxjWjl0dW5GT0hHYTZyYXYtcXZJN1ZKMGhrbWx6S2V2Y0cyUTkzdWxLeHAyTGJGeDFIZTlXUmxkcmREQdIB3wFBVV95cUxPd2pUN3ItRFFrdm5rNFN1N3ZkWXNSU1RIdTZIeVlCcC12NlhlSjI0QktXdGpXVFRqcmoyNHBoSEdVX0NfX3NremYyVGRYU0hFT1hxZVpqTzFQU1hGRExURWV3bHNPUVhIQ0xYX3k4M1JkYmJXcVpOQ2VmcFBzelVOSU1tZnUtYmJxSWRNRzVKak9ERV85WWVLeHdRdzZxV1hrbUQzRlg0ajlwbXplYkNhMmRIM2hBNHNMVEtpQlkyTTgxNUZrenZlQ1F2ZVRzYjVsSkNBREhkekhDYW9qc19Z?oc=5\" target=\"_blank\" rel=\"nofollow noopener\">Madrid y Barcelona se ti\u00f1en de rosa junto a otras grandes ciudades del mundo por el c\u00e1ncer de mama<\/a>&nbsp;&nbsp;La Vanguardia<\/li>\n<li><a href=\"https:\/\/news.google.com\/rss\/articles\/CBMiZEFVX3lxTE92UzBNZWhnbG9KSDA1b1h6YXNGU0VTZWhKSFdiR0lWakxfNl9mZGVabkVzeE1ZMUhZVU1Ka3Bhd3VBeDk5SWJfVlR3cEZDV1paQVptYWl5ZWIwc3RYMTN3c3kxTm8?oc=5\" target=\"_blank\" rel=\"nofollow noopener\">Cartagena se ti\u00f1e de rosa en apoyo a la lucha contra el c\u00e1ncer de mama<\/a>&nbsp;&nbsp;Ayuntamiento de Cartagena<\/li>\n<li><a href=\"https:\/\/news.google.com\/rss\/articles\/CBMitwFBVV95cUxNTmQ1X09MSTc1emU2UHc0TEFQT090ZFhmR2lhblpLamR6ZkwyaG8zU2NVMGc2NW5SOV9rU25tYXdPNkI2ZGxlZTVuYlJBZU4xZXpPUUhmV1NwdjRsWkxiUk56REU2eW9MVUdRSGoyN2FjN2p4V2JjTTVtUkhNMlZlSFJIdDBzS2pQbmtGRlVDb1RBM204SHJzYVFDVUtFTEJjWnhtMHJWb1NFVWVaLUVOM2VwX3MyMnM?oc=5\" target=\"_blank\" rel=\"nofollow noopener\">Actos con motivo del D\u00eda Internacional contra el c\u00e1ncer de mama<\/a>&nbsp;&nbsp;El Diario Vasco<\/li>\n<li><a href=\"https:\/\/news.google.com\/rss\/articles\/CBMiogFBVV95cUxQRHhrQklDSGY2Y25GeWY5U2V4NU92ZVlabjBwaVE4SXdMd0t1bDBVNWhZSS1QUkpXX3BDaUVibEhtbEtzYkJITGtpMW5nY2ZaVE9IWjVCcE83WXQ1cXZxcmNzU1JWWEMxcDdiTW15OHFHWXNnT1Q3c3FsYkVoeFNvMHk4M2ZheHRDY19PZlJSdlptUVJTR2hMWE9yM2F3NXQ4b1HSAacBQVVfeXFMTWMwYWpmeXVxZVBkU1RhdWhXSDFyLW52S1hBZEtNVnV1c010Rm1zSUFscTVXUmhjWkg4QnZ6RUJrRTcxN1g1OFE2bEFnY1RPM0taYk41SElPb3BfQVlGNmdlb19INTZ1VVU2Rll3M1phMHhHdU10SzJpWW5rVTlkc0ViMXlKbW9UZ0tGX1dmdHoyRERrVFVhU3llYlBlZzBId3FaeXZITDQ?oc=5\" target=\"_blank\" rel=\"nofollow noopener\">M\u00e1s de 75 comercios participan en el Concurso de Escaparates organizado por la Asociaci\u00f3n Espa\u00f1ola contra el C\u00e1ncer en El Puerto<\/a>&nbsp;&nbsp;Diario de C\u00e1diz<\/li>\n<\/ol>\n","protected":false},"excerpt":{"rendered":"D\u00eda del C\u00e1ncer de Mama 2025: por qu\u00e9 se celebra hoy, 19 de octubre, y cu\u00e1l es el&hellip;\n","protected":false},"author":2,"featured_media":186470,"comment_status":"","ping_status":"","sticky":false,"template":"","format":"standard","meta":{"footnotes":""},"categories":[8],"tags":[17,18,8106,2170,729,25,24,13,14,11,19,20,9,10,15,16,166,23,12,21,22],"class_list":{"0":"post-186469","1":"post","2":"type-post","3":"status-publish","4":"format-standard","5":"has-post-thumbnail","7":"category-espana","8":"tag-breaking-news","9":"tag-breakingnews","10":"tag-cancer-de-mama","11":"tag-como","12":"tag-dda","13":"tag-es","14":"tag-espana","15":"tag-featured-news","16":"tag-featurednews","17":"tag-headlines","18":"tag-latest-news","19":"tag-latestnews","20":"tag-news","21":"tag-noticias","22":"tag-noticias-destacadas","23":"tag-noticiasdestacadas","24":"tag-salud","25":"tag-spain","26":"tag-titulares","27":"tag-ultimas-noticias","28":"tag-ultimasnoticias"},"share_on_mastodon":{"url":"","error":""},"_links":{"self":[{"href":"https:\/\/www.europesays.com\/es\/wp-json\/wp\/v2\/posts\/186469","targetHints":{"allow":["GET"]}}],"collection":[{"href":"https:\/\/www.europesays.com\/es\/wp-json\/wp\/v2\/posts"}],"about":[{"href":"https:\/\/www.europesays.com\/es\/wp-json\/wp\/v2\/types\/post"}],"author":[{"embeddable":true,"href":"https:\/\/www.europesays.com\/es\/wp-json\/wp\/v2\/users\/2"}],"replies":[{"embeddable":true,"href":"https:\/\/www.europesays.com\/es\/wp-json\/wp\/v2\/comments?post=186469"}],"version-history":[{"count":0,"href":"https:\/\/www.europesays.com\/es\/wp-json\/wp\/v2\/posts\/186469\/revisions"}],"wp:featuredmedia":[{"embeddable":true,"href":"https:\/\/www.europesays.com\/es\/wp-json\/wp\/v2\/media\/186470"}],"wp:attachment":[{"href":"https:\/\/www.europesays.com\/es\/wp-json\/wp\/v2\/media?parent=186469"}],"wp:term":[{"taxonomy":"category","embeddable":true,"href":"https:\/\/www.europesays.com\/es\/wp-json\/wp\/v2\/categories?post=186469"},{"taxonomy":"post_tag","embeddable":true,"href":"https:\/\/www.europesays.com\/es\/wp-json\/wp\/v2\/tags?post=186469"}],"curies":[{"name":"wp","href":"https:\/\/api.w.org\/{rel}","templated":true}]}}