{"id":186500,"date":"2025-10-19T05:45:21","date_gmt":"2025-10-19T05:45:21","guid":{"rendered":"https:\/\/www.europesays.com\/es\/186500\/"},"modified":"2025-10-19T05:45:21","modified_gmt":"2025-10-19T05:45:21","slug":"el-1x1-del-racing-de-ferrol-frente-al-arenas-club-de-getxo","status":"publish","type":"post","link":"https:\/\/www.europesays.com\/es\/186500\/","title":{"rendered":"El \u00ab1&#215;1\u00bb del Racing de Ferrol frente al Arenas Club de Getxo"},"content":{"rendered":"<p>\t\t\t\t\t\tPascu hizo el partido perfecto en el equipo ferrolano<br \/>\n\t\t\t\t\t\t\t\t\t\t\t\t<strong>18 oct 2025<\/strong> . Actualizado a las 18:25 h.\t\t\t\t\t\t<\/p>\n<p class=\"first-paragraph txt\"><strong>EL MEJOR<\/strong><\/p>\n<p>Pascu | 10<\/p>\n<p class=\"txt\">Partido perfecto por parte del racinguista. Anoto dos goles, dio pases filtrados y trabaj\u00f3 a destajo para el equipo.<\/p>\n<p class=\"txt\"><strong>UNO A UNO<\/strong><\/p>\n<p>Miquel Parera | 7<\/p>\n<p class=\"txt\">No tuvo mucho trabajo, aunque meti\u00f3 alguna buena mano y estuvo siempre atento al juego.<\/p>\n<p>\t\t\t\t\t\t \t\t\t\t\t\t\t\t\t\t\t\t\t\t\t\t\t\t\t\t\t\t\tMigue Leal | 7<\/p>\n<p class=\"txt\">Gran partido del lateral. Defendi\u00f3 bien, sin errores y se sum\u00f3 con acierto al ataque.<\/p>\n<p>Edgar Pujol | 7<\/p>\n<p class=\"txt\">Muy atento en la marca a los delanteros del Arena. Muy r\u00e1pido a la hora de ir al corte y en las ayudas.<\/p>\n<p>\t\t\t\t           \t\t\t\t\t\t\t\t\t\t\t\t\t\t\t\t\t\t\t\t\tSa\u00fal Garc\u00eda | 7<\/p>\n<p class=\"txt\">Volvi\u00f3 a jugar de central y cumpli\u00f3 en la posici\u00f3n con creces. Acab\u00f3 supliendo a \u00c1lvaro Ram\u00f3n en el lateral izquierdo.<\/p>\n<p>\t\t\t\t\t\t \t\t\t\t\t\t\t\t\t\t\t\t\t\t\t\t\t\t\t\t\t\t\t\u00c1lvaro Ram\u00f3n | 8<\/p>\n<p class=\"txt\">Firme en defensa y tambi\u00e9n ayud\u00f3 a la hora de irse al ataque. Anot\u00f3 un gran gol, con el que se estren\u00f3 como goleador.\u00a0<\/p>\n<p>\t\t\t\t           \t\t\t\t\t\t\t\t\t\t\t\t\t\t\t\t\t\t\t\t\tGelardo | 7<\/p>\n<p class=\"txt\">Trabaj\u00f3 duro en el medio campo. Aporta trabajo y ayuda a jugar el bal\u00f3n desde atr\u00e1s.<\/p>\n<p>Sergio Tejera | 8<\/p>\n<p class=\"txt\">Hizo un gran trabajo en la medular. Cort\u00f3 muchos balones y ayud\u00f3 a la hora de combinar.<\/p>\n<p>\t\t\t\t\t\t \t\t\t\t\t\t\t\t\t\t\t\t\t\t\t\t\t\t\t\t\t\t\tJairo Noriega | 7<\/p>\n<p class=\"txt\">Es un jugador fundamental en el juego de ataque, aunque le falta mirar a porter\u00eda.<\/p>\n<p>David Concha | 7<\/p>\n<p class=\"txt\">Trat\u00f3 de desbordar en su banda y combin\u00f3 bien en ataque. Es un buen extremo y que mira a porter\u00eda.<\/p>\n<p>\t\t\t\t           \t\t\t\t\t\t\t\t\t\t\t\t\t\t\t\t\t\t\t\t\tAnt\u00f3n Escobar | 6<\/p>\n<p class=\"txt\">Tuvo alguna buena ocasi\u00f3n, aunque las desaprovech\u00f3.<\/p>\n<p>Gorostidi | 6<\/p>\n<p class=\"txt\">Trat\u00f3 de ayudar al equipo en el trabajo en el medio campo.<\/p>\n<p>\t\t\t\t\t\t \t\t\t\t\t\t\t\t\t\t\t\t\t\t\t\t\t\t\t\t\t\t\tArtetxe | 6<\/p>\n<p class=\"txt\">Firme en defensa.<\/p>\n<p>\u00c1lvaro Gim\u00e9nez | 6<\/p>\n<p class=\"txt\">Fall\u00f3 ocasiones muy claras. Le falta finalizar.<\/p>\n<p>\u00c1lvaro Pe\u00f1a | 6<\/p>\n<p class=\"txt\">Ech\u00f3 una mano al medio campo en un momento en el que el rival apret\u00f3 mucho.<\/p>\n<p>\t\t\t\t           \t\t\t\t\t\t\t\t\t\t\t\t\t\t\t\t\t\t\t\t\tRa\u00fal Dacosta | 6<\/p>\n<p class=\"txt\">Estuvo pocos minutos en el campo, por lo que apenas pudo jugar el bal\u00f3n.<\/p>\n<p>&#13;<br \/>\n\tArchivado en:&#13;<br \/>\n\t\t\t\t\t<a href=\"https:\/\/www.lavozdegalicia.es\/temas\/racing-de-ferrol\/\" target=\"_blank\" class=\"mg-l\" rel=\"nofollow noopener\">Racing de Ferrol<\/a>&#13;<br \/>\n\t\t\t\t\t<a href=\"https:\/\/www.lavozdegalicia.es\/temas\/ferrol-ciudad\/\" target=\"_blank\" class=\"mg-l\" rel=\"nofollow noopener\">Ferrol ciudad<\/a>&#13;<br \/>\n\t\t\t\t\t<a href=\"https:\/\/www.lavozdegalicia.es\/temas\/futbol-gallego\/\" target=\"_blank\" class=\"mg-l\" rel=\"nofollow noopener\">F\u00fatbol gallego<\/a>&#13;<br \/>\n\t&#13;<\/p>\n","protected":false},"excerpt":{"rendered":"Pascu hizo el partido perfecto en el equipo ferrolano 18 oct 2025 . Actualizado a las 18:25 h.&hellip;\n","protected":false},"author":2,"featured_media":186501,"comment_status":"","ping_status":"","sticky":false,"template":"","format":"standard","meta":{"footnotes":""},"categories":[5],"tags":[17,18,25,24,13,14,7859,11,19,20,9,10,15,16,12815,23,12,21,22],"class_list":{"0":"post-186500","1":"post","2":"type-post","3":"status-publish","4":"format-standard","5":"has-post-thumbnail","7":"category-titulares","8":"tag-breaking-news","9":"tag-breakingnews","10":"tag-es","11":"tag-espana","12":"tag-featured-news","13":"tag-featurednews","14":"tag-ferrol-ciudad","15":"tag-headlines","16":"tag-latest-news","17":"tag-latestnews","18":"tag-news","19":"tag-noticias","20":"tag-noticias-destacadas","21":"tag-noticiasdestacadas","22":"tag-racing-de-ferrol","23":"tag-spain","24":"tag-titulares","25":"tag-ultimas-noticias","26":"tag-ultimasnoticias"},"share_on_mastodon":{"url":"","error":""},"_links":{"self":[{"href":"https:\/\/www.europesays.com\/es\/wp-json\/wp\/v2\/posts\/186500","targetHints":{"allow":["GET"]}}],"collection":[{"href":"https:\/\/www.europesays.com\/es\/wp-json\/wp\/v2\/posts"}],"about":[{"href":"https:\/\/www.europesays.com\/es\/wp-json\/wp\/v2\/types\/post"}],"author":[{"embeddable":true,"href":"https:\/\/www.europesays.com\/es\/wp-json\/wp\/v2\/users\/2"}],"replies":[{"embeddable":true,"href":"https:\/\/www.europesays.com\/es\/wp-json\/wp\/v2\/comments?post=186500"}],"version-history":[{"count":0,"href":"https:\/\/www.europesays.com\/es\/wp-json\/wp\/v2\/posts\/186500\/revisions"}],"wp:featuredmedia":[{"embeddable":true,"href":"https:\/\/www.europesays.com\/es\/wp-json\/wp\/v2\/media\/186501"}],"wp:attachment":[{"href":"https:\/\/www.europesays.com\/es\/wp-json\/wp\/v2\/media?parent=186500"}],"wp:term":[{"taxonomy":"category","embeddable":true,"href":"https:\/\/www.europesays.com\/es\/wp-json\/wp\/v2\/categories?post=186500"},{"taxonomy":"post_tag","embeddable":true,"href":"https:\/\/www.europesays.com\/es\/wp-json\/wp\/v2\/tags?post=186500"}],"curies":[{"name":"wp","href":"https:\/\/api.w.org\/{rel}","templated":true}]}}