{"id":186521,"date":"2025-10-19T05:58:24","date_gmt":"2025-10-19T05:58:24","guid":{"rendered":"https:\/\/www.europesays.com\/es\/186521\/"},"modified":"2025-10-19T05:58:24","modified_gmt":"2025-10-19T05:58:24","slug":"television-en-canarias-rtve-apuesta-por-universo-drag-y-por-maspalomas-para-la-nueva-temporada-de-make-up-stars","status":"publish","type":"post","link":"https:\/\/www.europesays.com\/es\/186521\/","title":{"rendered":"TELEVISION EN CANARIAS | RTVE apuesta por Universo Drag y por Maspalomas para la nueva temporada de \u2018Make up stars\u2019"},"content":{"rendered":"<p class=\"ft-text\">El concurso revelaci\u00f3n de la pasada temporada, que presenta <strong>Pilar Rubio<\/strong>, regresar\u00e1 con nuevos episodios, nuevos aspirantes y nuevo jurado para elegir al gran referente del maquillaje. En esta ocasi\u00f3n,<strong> estar\u00e1 centrado en el universo drag y en Maspalomas, en el municipio de San Bartolom\u00e9 de Tirajana <\/strong>(<a class=\"ft-link ft-link--decoration\" href=\"https:\/\/www.laprovincia.es\/gran-canaria\/\" rel=\"nofollow noopener\" target=\"_blank\">Gran Canaria<\/a>), escogido en esta ocasi\u00f3n como escenario central del programa, con localizaciones como las dunas y el Faro.<\/p>\n<p class=\"ft-text\">En talent, que produce RTVE Play en colaboraci\u00f3n con la productora Mega TV, ir\u00e1 en esta edici\u00f3n mucho m\u00e1s all\u00e1. No solo se tratar\u00e1 de buscar al maquillador 360\u00ba sino tambi\u00e9n de reivindicar la libertad y la diversidad a trav\u00e9s de los pinceles y las paletas de maquillaje.<\/p>\n<p class=\"ft-text\">La primera edici\u00f3n, en RTVE Play<\/p>\n<p class=\"ft-text\">Mar\u00eda se coron\u00f3 como la ganadora de la primera edici\u00f3n. La catalana se impuso en una emocionante final frente al canario Tamito y a la asturiana Lola. Los seis episodios completos pueden volver a disfrutarse de manera gratuita en RTVE Play.<\/p>\n","protected":false},"excerpt":{"rendered":"El concurso revelaci\u00f3n de la pasada temporada, que presenta Pilar Rubio, regresar\u00e1 con nuevos episodios, nuevos aspirantes y&hellip;\n","protected":false},"author":2,"featured_media":186522,"comment_status":"","ping_status":"","sticky":false,"template":"","format":"standard","meta":{"footnotes":""},"categories":[171],"tags":[304,42143,146,147,25,24,5517,2202,518,23,807,214,9911],"class_list":{"0":"post-186521","1":"post","2":"type-post","3":"status-publish","4":"format-standard","5":"has-post-thumbnail","7":"category-tv","8":"tag-apuesta","9":"tag-drag","10":"tag-entertainment","11":"tag-entretenimiento","12":"tag-es","13":"tag-espana","14":"tag-maquillaje","15":"tag-maspalomas","16":"tag-rtve","17":"tag-spain","18":"tag-television","19":"tag-tv","20":"tag-universo"},"share_on_mastodon":{"url":"","error":""},"_links":{"self":[{"href":"https:\/\/www.europesays.com\/es\/wp-json\/wp\/v2\/posts\/186521","targetHints":{"allow":["GET"]}}],"collection":[{"href":"https:\/\/www.europesays.com\/es\/wp-json\/wp\/v2\/posts"}],"about":[{"href":"https:\/\/www.europesays.com\/es\/wp-json\/wp\/v2\/types\/post"}],"author":[{"embeddable":true,"href":"https:\/\/www.europesays.com\/es\/wp-json\/wp\/v2\/users\/2"}],"replies":[{"embeddable":true,"href":"https:\/\/www.europesays.com\/es\/wp-json\/wp\/v2\/comments?post=186521"}],"version-history":[{"count":0,"href":"https:\/\/www.europesays.com\/es\/wp-json\/wp\/v2\/posts\/186521\/revisions"}],"wp:featuredmedia":[{"embeddable":true,"href":"https:\/\/www.europesays.com\/es\/wp-json\/wp\/v2\/media\/186522"}],"wp:attachment":[{"href":"https:\/\/www.europesays.com\/es\/wp-json\/wp\/v2\/media?parent=186521"}],"wp:term":[{"taxonomy":"category","embeddable":true,"href":"https:\/\/www.europesays.com\/es\/wp-json\/wp\/v2\/categories?post=186521"},{"taxonomy":"post_tag","embeddable":true,"href":"https:\/\/www.europesays.com\/es\/wp-json\/wp\/v2\/tags?post=186521"}],"curies":[{"name":"wp","href":"https:\/\/api.w.org\/{rel}","templated":true}]}}