{"id":186551,"date":"2025-10-19T06:20:39","date_gmt":"2025-10-19T06:20:39","guid":{"rendered":"https:\/\/www.europesays.com\/es\/186551\/"},"modified":"2025-10-19T06:20:39","modified_gmt":"2025-10-19T06:20:39","slug":"santa-fe-albergara-el-museo-de-arte-contemporaneo-y-de-diseno","status":"publish","type":"post","link":"https:\/\/www.europesays.com\/es\/186551\/","title":{"rendered":"Santa Fe albergar\u00e1 el Museo de Arte Contempor\u00e1neo y de Dise\u00f1o"},"content":{"rendered":"<p>El presidente de Castilla-La Mancha, Emiliano Garc\u00eda-Page, anunci\u00f3 este jueves en las Cortes regionales que el antiguo Convento de San Fe de Toledo va a albergar el Museo de Arte Contempor\u00e1neo y de Dise\u00f1o de Castilla-La Mancha, dot\u00e1ndole de nuevo contenido y dando as\u00ed salida al cambio que se va a operar con la salida de la Colecci\u00f3n Roberto Polo.\u00a0<\/p>\n<p>Lo dio a conocer durante su intervenci\u00f3n en la apertura del Debate sobre el Estado de la Regi\u00f3n, en la que ha concretado nuevos proyectos en materia de sanidad, educaci\u00f3n, bienestar social y transportes que ver\u00e1n la luz a lo largo del pr\u00f3ximo a\u00f1o 2026.<\/p>\n<p>El proyecto de Museo de Arte Contempor\u00e1neo y de Dise\u00f1o, seg\u00fan valor\u00f3 el presidente regional, \u00abva a hacer contar a la capital de la regi\u00f3n con un centro que, adem\u00e1s, nos haga vibrar en este sentido con todos los autores contempor\u00e1neos de la comunidad aut\u00f3noma\u00bb.<\/p>\n<p>Entre los anuncios que el presidente de Castilla-La Mancha realizaba en materia de transporte est\u00e1 un nuevo Astra en la provincia que incluir\u00e1 las localidades de Velada, San Rom\u00e1n de los Montes, Hinojosa de San Vicente y Talavera de la Reina, que se desarrollar\u00e1 en 2026.<\/p>\n<p>El transporte sensible a la demanda, tan importante para poblaciones rurales en una provincia como la de Toledo, protagoniz\u00f3 otro de los anuncios de Garc\u00eda-Page, como es la puesta en funcionamiento en 2026 del servicio en la Comarca de la Jara. Una medida que el presidente regional asegur\u00f3 que va a incidir de forma importante, junto a las y los beneficiarios, \u00aben las expectativas sociales y econ\u00f3micas que van detr\u00e1s del transporte\u00bb.<\/p>\n<p>En materia sanitaria, Garc\u00eda-Page se refiri\u00f3 a las nuevas zonas de salud en la regi\u00f3n, que en el caso de la provincia de Toledo ser\u00e1n para Illescas, Yuncos y Sese\u00f1a-Qui\u00f1on. As\u00ed mismo, anunci\u00f3 la incorporaci\u00f3n al Hospital Universitario de Toledo de un PET-Resonancia, la tecnolog\u00eda m\u00e1s avanzada que existe en el mercado dedicada al diagn\u00f3stico del c\u00e1ncer, y que supone una inversi\u00f3n que supera los 11 millones de euros. Adem\u00e1s, la provincia de Toledo contar\u00e1 con medicina nuclear.<\/p>\n<p>Respecto a las nuevas infraestructuras sanitarias, Garc\u00eda-Page habl\u00f3 del nuevo centro de salud de Bargas, que abrir\u00e1 pr\u00f3ximamente, y anunci\u00f3 que se van a realizar obras de modernizaci\u00f3n en el Instituto de Ciencias de la Salud de Talavera.<\/p>\n<p>En materia de Bienestar Social, el presidente regional destac\u00f3 la ampliaci\u00f3n de compromisos en materia de atenci\u00f3n a personas con discapacidad, con la apertura de 200 nuevas plazas en viviendas y centros de d\u00eda en varias localidades de la regi\u00f3n, una de ellas en Torrijos.<\/p>\n<p>As\u00ed mismo, la puesta en marcha el pr\u00f3ximo a\u00f1o del nuevo Centro Regional del Autismo en Orgaz.<\/p>\n<p>Emiliano Garc\u00eda-Page, en su repaso a los proyectos educativos, anunci\u00f3 para 2026 dos nuevas residencias universitarias que estar\u00e1n ubicadas en Toledo y Talavera de la Reina. Infraestructuras que en Toledo capital podr\u00eda tratarse de la proyectada en el paseo de San Eugenio o de la anunciada para la Escuela de Enfermer\u00eda, a\u00fan propiedad de la Tesorer\u00eda General de la Seguridad Social. En cualquier caso, el presidente manifest\u00f3 que la Junta ha preparado ya la partida presupuestaria para el pr\u00f3ximo a\u00f1o.<\/p>\n<p>Misma fecha en la que estar\u00e1n en ejecuci\u00f3n los nuevos centros de Infantil y Primaria de Cedillo del Condado y de Cardiel de los Montes, as\u00ed como los nuevos institutos de Illescas y Oca\u00f1a, junto al nuevo Centro de Educaci\u00f3n Especial de Illescas.<\/p>\n<p>Tambi\u00e9n el nuevo centro de Infantil y Primaria en Ol\u00edas del Rey, la ampliaci\u00f3n del colegio en Velada y el nuevo centro de Santa Cruz de Retamar, si cuentan con la colaboraci\u00f3n del Ayuntamiento.<\/p>\n<p>No olvid\u00f3 el presidente regional una efem\u00e9ride importante para la ciudad de Toledo como es el Centenario de la Catedral de Toledo en cuya celebraci\u00f3n el pr\u00f3ximo a\u00f1o colabora la comunidad aut\u00f3noma asumiendo el principal gasto \u00abaportando 1,4 millones de euros\u00bb.\u00a0<\/p>\n<p>Ya se est\u00e1 materializando este apoyo en diversos arreglos, reformas y acondicionamientos de la propia Catedral, algunas centradas en obras que Garc\u00eda-Page calific\u00f3 de \u00abmaravillosas\u00bb, y que van a ser recuperadas.<\/p>\n","protected":false},"excerpt":{"rendered":"El presidente de Castilla-La Mancha, Emiliano Garc\u00eda-Page, anunci\u00f3 este jueves en las Cortes regionales que el antiguo Convento&hellip;\n","protected":false},"author":2,"featured_media":186552,"comment_status":"","ping_status":"","sticky":false,"template":"","format":"standard","meta":{"footnotes":""},"categories":[173],"tags":[229,233,231,230,4091,52483,52482,232,234,2026,52481,146,147,25,24,36852,32470,4320,52485,166,22119,1811,11755,23,20825,120,1952,5535,2352,52484,50961],"class_list":{"0":"post-186551","1":"post","2":"type-post","3":"status-publish","4":"format-standard","5":"has-post-thumbnail","7":"category-arte-y-diseno","8":"tag-arte","9":"tag-arte-y-diseno","10":"tag-arts","11":"tag-arts-and-design","12":"tag-castilla-la-mancha","13":"tag-catedral-de-toledo","14":"tag-coleccion-roberto-polo","15":"tag-design","16":"tag-diseno","17":"tag-educacion","18":"tag-emiliano-garcia-page","19":"tag-entertainment","20":"tag-entretenimiento","21":"tag-es","22":"tag-espana","23":"tag-hospital-universitario-de-toledo","24":"tag-illescas","25":"tag-inversiones","26":"tag-la-jara","27":"tag-salud","28":"tag-san-roman-de-los-montes","29":"tag-sanidad","30":"tag-seguridad-social","31":"tag-spain","32":"tag-talavera-de-la-reina","33":"tag-tecnologia","34":"tag-toledo","35":"tag-transporte","36":"tag-velada","37":"tag-viii-centenario-de-la-catedral","38":"tag-yuncos"},"share_on_mastodon":{"url":"","error":""},"_links":{"self":[{"href":"https:\/\/www.europesays.com\/es\/wp-json\/wp\/v2\/posts\/186551","targetHints":{"allow":["GET"]}}],"collection":[{"href":"https:\/\/www.europesays.com\/es\/wp-json\/wp\/v2\/posts"}],"about":[{"href":"https:\/\/www.europesays.com\/es\/wp-json\/wp\/v2\/types\/post"}],"author":[{"embeddable":true,"href":"https:\/\/www.europesays.com\/es\/wp-json\/wp\/v2\/users\/2"}],"replies":[{"embeddable":true,"href":"https:\/\/www.europesays.com\/es\/wp-json\/wp\/v2\/comments?post=186551"}],"version-history":[{"count":0,"href":"https:\/\/www.europesays.com\/es\/wp-json\/wp\/v2\/posts\/186551\/revisions"}],"wp:featuredmedia":[{"embeddable":true,"href":"https:\/\/www.europesays.com\/es\/wp-json\/wp\/v2\/media\/186552"}],"wp:attachment":[{"href":"https:\/\/www.europesays.com\/es\/wp-json\/wp\/v2\/media?parent=186551"}],"wp:term":[{"taxonomy":"category","embeddable":true,"href":"https:\/\/www.europesays.com\/es\/wp-json\/wp\/v2\/categories?post=186551"},{"taxonomy":"post_tag","embeddable":true,"href":"https:\/\/www.europesays.com\/es\/wp-json\/wp\/v2\/tags?post=186551"}],"curies":[{"name":"wp","href":"https:\/\/api.w.org\/{rel}","templated":true}]}}