{"id":186553,"date":"2025-10-19T06:21:14","date_gmt":"2025-10-19T06:21:14","guid":{"rendered":"https:\/\/www.europesays.com\/es\/186553\/"},"modified":"2025-10-19T06:21:14","modified_gmt":"2025-10-19T06:21:14","slug":"a-mi-me-han-llegado-a-asegurar-premios-comerciales-y-me-he-negado-a-presentarme","status":"publish","type":"post","link":"https:\/\/www.europesays.com\/es\/186553\/","title":{"rendered":"\u00abA m\u00ed me han llegado a asegurar premios comerciales y me he negado a presentarme\u00bb"},"content":{"rendered":"<p class=\"voc-p\" style=\"\">La <strong>Feria del Libro de Huelva<\/strong> ha contado este a\u00f1o con uno de los escritores m\u00e1s reconocidos del panorama literario actual en castellano,<strong> Lorenzo Silva (Madrid, 1966).<\/strong> Es un autor con un amplio bagaje, con decenas de publicaciones y destacados premios, que tambi\u00e9n se expresa en medios de comunicaci\u00f3n. Su prosa culta y entretenida ha insuflado mucha vida a la <strong>novela negra,<\/strong> especialmente a sus personajes <strong>Bevilacqua y Chamorro,<\/strong> protagonistas de una saga de 14 entregas que el p\u00fablico ha hecho suyos. La \u00faltima es &#8216;<strong>Las fuerzas contrarias&#8217; (2025, Destino),<\/strong> que se desarrolla en un ambiente tan cercano en el recuerdo, aunque tratemos de distanciarnos de \u00e9l, como el de la pandemia de Covid-19. Despu\u00e9s de este doloroso acontecimiento estuvo en Huelva para hablar de literatura y este viernes volvi\u00f3 a usar este veh\u00edculo que conduce a tantos lugares desde la capital onubense. En las siguientes l\u00edneas charla con Huelva24 de variados temas con sinceridad, como sus motivaciones como escritor y sus variadas facetas, los premios literarios, las redes sociales y preocupantes problemas como la vivienda, la corrupci\u00f3n o la esclavitud en pleno siglo XXI.<\/p>\n<p class=\"voc-p\" style=\"\"><strong>-En la Feria del Libro de Huelva ha tenido la ocasi\u00f3n de encontrarse con sus lectores \u00bfQu\u00e9 es lo que m\u00e1s le gusta de este contacto directo?<\/strong><\/p>\n<p class=\"voc-p\" style=\"\"><strong>&#8211;<\/strong>Creo que es muy dif\u00edcil para un escritor no disfrutar del encuentro con la gente que te lee. Tienes que ser una persona muy hura\u00f1a o antisocial, que los hay. Creo que hay pocas cosas que te gratifiquen tanto de este trabajo, que adem\u00e1s es bastante solitario, que comprobar que hay alguien al otro lado, que esos ratos largos de soledad tienen un fin, un destinatario. Ya llevo muchos a\u00f1os publicando y yendo a ferias. La primera fue en la Feria de Madrid hace 30 a\u00f1os. Es una experiencia muy larga y de hablar con mucha gente. La vida me ha hecho el regalo de ver que lo que t\u00fa has escrito le ha enriquecido y mejorado la vida a otro. Eso es lo que m\u00e1s me recompensa, que venga alguien y te diga \u00abme has hecho pasar buenos ratos\u00bb o al rev\u00e9s \u00abme has hecho pasar mejor ratos mal\u00edsimos\u00bb y lo segundo me impacta y me gratifica todav\u00eda m\u00e1s. Es curioso, mucha gente me ha dicho c\u00f3mo mis libros les han ayudado durante periodos largos de enfermedad, con adversidades familiares\u2026 uno a veces se pregunta \u00bfpara qu\u00e9 demonios hago esto? y mira, s\u00ed sirve de algo. Ah\u00ed tienes la clara conciencia de que sirve. Eso te proporciona una certidumbre de que merece la pena el esfuerzo.<\/p>\n<p class=\"voc-p\" style=\"\"><strong>-\u00bfEntiende a las personas que dicen que no tienen tiempo para leer? \u00bfLe dar\u00eda alg\u00fan truco para motivarles? <\/strong><\/p>\n<p class=\"voc-p\" style=\"\"><strong>&#8211;<\/strong>Pues las entiendo porque hay gente para todo, como dec\u00eda el torero. Desde mi experiencia lo entiendo poco porque para m\u00ed la lectura ha sido una gratificaci\u00f3n permanente desde que la descubr\u00ed en mi ni\u00f1ez y tambi\u00e9n ha sido lo que me dicen algunos lectores, un paliativo para las adversidades de la vida. Renunciar a eso, cuando adem\u00e1s es uno de los pocos bienes que en la sociedad que vivimos podemos disfrutar de manera gratuita, porque existen las bibliotecas p\u00fablicas y porque existe el dominio p\u00fablico, porque hay much\u00edsimos autores que murieron hace m\u00e1s de ocho d\u00e9cadas y puedes disfrutar ya gratuitamente de sus obras. Entonces renunciar a una medicina tan eficaz y tan econ\u00f3mica, pues no lo consigo entender. Pero lo digo desde el punto de vista personal. Cada uno tiene sus inquietudes y hay que respetarlas.<\/p>\n<p class=\"voc-title\">\u00abLas ferias del libro, en los \u00faltimos a\u00f1os, me las tomo como una celebraci\u00f3n de la supervivencia de ese objeto cuya acta de defunci\u00f3n han extendido tantas veces tantos agoreros\u00bb<\/p>\n<p class=\"voc-p\" style=\"\"><strong>-\u00bfQu\u00e9 cree que hace que los libros no se conviertan en objetos obsoletos en una era tan tecnol\u00f3gica y por qu\u00e9 son necesarias las ferias del libro?<\/strong><\/p>\n<p class=\"voc-p\" style=\"\"><strong>&#8211;<\/strong>Creo que est\u00e1n muy bien pensados. La lectura, dec\u00eda Proust, es una comunicaci\u00f3n en el seno de la soledad. El que escribe est\u00e1 solo y el que lee tambi\u00e9n. El libro, que se invent\u00f3 hace ya bastante tiempo, es un objeto que realiza muy bien esa mediaci\u00f3n entre esos dos solitarios que se encuentran en la lectura. Soluciones tecnol\u00f3gicas tambi\u00e9n realizan esa mediaci\u00f3n, pero lo hacen peor, porque no tienen la tangibilidad, la corporeidad y la belleza que tiene un libro bien impreso. Cuando tienes el libro en las manos, en cierto modo tienes al autor encarnado en ese objeto que sostienes. En cuanto a las ferias del libro, en los \u00faltimos a\u00f1os, me las tomo como una celebraci\u00f3n de la supervivencia de ese objeto cuya acta de defunci\u00f3n han extendido tantas veces tantos agoreros. <\/p>\n<p class=\"voc-p\" style=\"\"><strong>-Recuerdo que en su \u00faltima visita a Huelva, en el Muelle de la Compa\u00f1\u00eda Rio Tinto, habl\u00f3 de la importancia de la suerte que tuvo en su caso para poder dedicarse a la literatura. \u00bfQu\u00e9 es m\u00e1s complicado entrar en el circuito literario de \u00e9lite o mantenerse en \u00e9l tantos a\u00f1os? <\/strong><\/p>\n<p class=\"voc-p\" style=\"\"><strong>&#8211;<\/strong>Creo que las dos cosas son dif\u00edciles, pero que la primera s\u00ed que depende m\u00e1s de la suerte. Esto es muy evidente, porque algunos de los escritores m\u00e1s importantes de la historia no entraron en ese circuito en vida y lo hicieron despu\u00e9s. No fue por falta de talento, sino que la fortuna no les acompa\u00f1\u00f3. Yo creo que ah\u00ed la suerte es m\u00e1s determinante que en mantenerse. Para eso creo que depende mucho de no relajarse, de mantener el esfuerzo, la devoci\u00f3n por el oficio y el respeto al lector. Creo que mantenerte est\u00e1 m\u00e1s en tu mano que entrar, aunque tambi\u00e9n est\u00e1s al albur de que cambien los gustos o de que la moda imponga algo distinto de lo que t\u00fa haces y esto tampoco lo puedes controlar. Pero s\u00ed est\u00e1s activo y has conseguido mantener una conversaci\u00f3n con los lectores, digamos que puedes cuidarla y que depende de ti parte para que esa conversaci\u00f3n se mantenga. Entrar es m\u00e1s azaroso.<\/p>\n<p class=\"voc-title\">\u00abPara m\u00ed la primera mitad del libro siempre es mucho m\u00e1s dif\u00edcil de escribir que la segunda. Esa parte es cuesta abajo\u00bb<\/p>\n<p class=\"voc-p\" style=\"\"><strong>-\u00bfEn qu\u00e9 momento de la creaci\u00f3n de una novela siente m\u00e1s placer o satisfacci\u00f3n? \u00bfCu\u00e1ndo la acaba o en otro paso del proceso?<\/strong><\/p>\n<p class=\"voc-p\" style=\"\"><strong>&#8211;<\/strong>A m\u00ed me resulta muy gratificante cuando descubro una idea y veo que esa idea encierra un libro y a veces faltan muchos meses e incluso a\u00f1os para empezar a escribirla. Ves que tiene una potencialidad para crecer. Ideas tienes muchas, pero la mayor\u00eda se te deshacen entre los dedos y cuando tienes eso, tienes algo a lo que vas a poder dedicar fruct\u00edferamente muchos meses de tu vida y es gratificante, pero tambi\u00e9n lo es durante todo el libro cuando llego al momento de que lo que he ideado, puedo ejecutarlo, darle forma y convertirlo en texto. Lo dif\u00edcil es empezar a hacer existir algo que no existe. Siempre hay algo de parto. Para m\u00ed la primera mitad del libro siempre es mucho m\u00e1s dif\u00edcil de escribir que la segunda. Esa parte es cuesta abajo. Los libros son como una colina que coronas y desciendes y hasta la mitad est\u00e1s intentando coronarla y a partir de ah\u00ed ya el libro tiene que suceder, porque lo hace en funci\u00f3n de lo que has hecho en la primera parte.<\/p>\n<p><img decoding=\"async\" loading=\"lazy\" src=\"https:\/\/www.europesays.com\/es\/wp-content\/uploads\/2025\/10\/FERIA_DEL_LIBRO_19-U46108258104cDK-760x427@huelva24.jpg\" class=\"voc-img\" width=\"760\" height=\"427\" alt=\"Lorenzo Silva, con su \u00faltima obra junto a uno de los dibujos del cartel de la Feria del Libro de Huelva de este a\u00f1o\" data-voc-vtm-id=\"in-text-traffic\"\/><\/p>\n<p>Lorenzo Silva, con su \u00faltima obra junto a uno de los dibujos del cartel de la Feria del Libro de Huelva de este a\u00f1o<\/p>\n<p>aLBERTO D\u00cdAZ<\/p>\n<p class=\"voc-p\" style=\"\"><strong>-Hablando de ideas que se convierten en libro, ha dado para 14 entregas la relaci\u00f3n entre sus ya famosos guardia civiles Rub\u00e9n Bevilacqua y Virginia Chamorro. \u00bfPor qu\u00e9 cree que ha tenido tanto \u00e9xito la serie y qu\u00e9 le ha motivado para que haya tenido esta continuidad?<\/strong><\/p>\n<p class=\"voc-p\" style=\"\"><strong>&#8211;<\/strong>Se ha dado una conjunci\u00f3n de varias circunstancias. Primero que el g\u00e9nero en el que se pueden insertar las novelas, con todas sus peculiaridades y todas las excepcionalidades que le quieras buscar, la novela policiaca o negra, la ficci\u00f3n criminal o como cada uno lo quiera llamar, es un g\u00e9nero que tiene un potencial de llegar a muchos lectores. Ese potencial estaba ah\u00ed y siempre lo he identificado. Cuando te acercas a \u00e9l buscas tu manera de acceder a ese potencial. Otra cosa que les ha ayudado a estos personajes es que eran inesperados, no consabidos, incluso con los que a priori no se contaba. <\/p>\n<p class=\"voc-title\">\u00abComo me dijo una vez una lectora, son dos tipos -Bevilacqua y Chamorro-que sientes que podr\u00edas estar en el mismo coche con ellos\u00bb<\/p>\n<p class=\"voc-p\" style=\"\">En Espa\u00f1a en 1990 postular a un par de guardias civiles como h\u00e9roes literarios era algo muy poco veros\u00edmil, muy poco acorde a lo predecible. Creo que a la literatura le beneficia no ser predecible. Y en tercer lugar, meditando a partir de lo que me dice la gente, que al final es la \u00fanica informaci\u00f3n en la que te puedes basar, no en tu intuici\u00f3n personal, la forma en la que est\u00e1n construido estos dos personajes. A diferencia de otros h\u00e9roes del g\u00e9nero, no pretenden apabullar a nadie. Como me dijo una vez una lectora, son dos tipos que sientes que podr\u00edas estar en el mismo coche con ellos y creo que eso les ha ayudado a construir un v\u00ednculo afectivo con los lectores. Al final la lectura se basa en v\u00ednculos afectivos. Creo m\u00e1s en eso que en el deslumbramiento intelectual o de cualquier otra \u00edndole. Al final el v\u00ednculo a largo plazo se basa en cuestiones afectivas. <\/p>\n<p class=\"voc-p\" style=\"\"><strong>-En su \u00faltima entrega estos personajes se adentran en la pandemia. <\/strong><\/p>\n<p class=\"voc-p\" style=\"\"><strong>&#8211;<\/strong>Es una historia a la que ten\u00eda que llegar. Me preguntaban que por qu\u00e9 ambientar una novela en la pandemia, que todo el mundo la quiere olvidar. Tambi\u00e9n es igualmente cierto que yo con Bevilacqua y Chamorro no puedo rehuir nada de lo que ha sido relevante en la realidad espa\u00f1ola de su tiempo. Para cosas relevantes, la conmoci\u00f3n que supuso la pandemia. He intentado explorar, a trav\u00e9s de la herramienta que me da la ficci\u00f3n criminal, e ir un poco a las capas profundas del impacto que produjo esto en la sociedad y las personas. Era el momento de ahondar un poco en el relato de esa situaci\u00f3n tan excepcional y tambi\u00e9n con una vocaci\u00f3n de apartarte de las reacciones m\u00e1s inmediatas y de las m\u00e1s elementales. A los cinco a\u00f1os ha empezado a surgir una pulsi\u00f3n en muchos de a ver c\u00f3mo utilizo esto para mi beneficio. Creo que una experiencia en la que vimos nuestra vida tan alterada, que perdimos a 150.000 conciudadanos, actu\u00f3 en detrimento de todos y no puede operar en beneficio de nadie. <\/p>\n<p class=\"voc-p\" style=\"\"><strong>-Ha ganado el Premio Nadal y el Premio Planeta, entre otros. \u00bfQu\u00e9 le parece las opiniones que siempre proyectan sombras de sospecha sobre los cert\u00e1menes literarios m\u00e1s conocidos? Ha pasado ahora con Juan del Val.<\/strong><\/p>\n<p class=\"voc-p\" style=\"\"><strong>&#8211;<\/strong>Creo a veces pecamos de una cierta ingenuidad o m\u00e1s bien incoherencia. Los premios siempre los da alguien y son de tres tipos: completamente altruistas, gubernamentales o comerciales. Los completamente altruistas, que existen, yo he sido jurado y hasta impulsor de alguno de ellos, tienen un c\u00f3digo, el intentar buscar la calidad literaria. Adem\u00e1s suelen tener una vocaci\u00f3n de apostar por lo desconocido. Ese es un modelo v\u00e1lido y muy loable. Los premios comerciales intentan tambi\u00e9n buscar la calidad literaria, pero tambi\u00e9n intentan que la inversi\u00f3n que va a hacer quien organiza ese premio se recupere. Es una aspiraci\u00f3n leg\u00edtima de quien arriesga su dinero. A partir de ah\u00ed, \u00e9se es el marco de referencia y yo no puedo reprender a nadie por c\u00f3mo gasta su dinero. Lo que s\u00ed es verdad es que cuando me he presentado a un premio comercial, lo he hecho con mis condiciones. A m\u00ed me han llegado a asegurar premios comerciales y me he negado a presentarme. Me he presentado a los que en alguna ocasi\u00f3n me han indicado que hab\u00eda inter\u00e9s en que lo hiciera, cosa que es muy comprensible que alguien que se va a jugar una cantidad importante de dinero, pues intente estimular la participaci\u00f3n de autores que crea que le pueden ayudar a recuperar esa inversi\u00f3n. A m\u00ed eso no me parece nada reprobable. Yo siempre me he presentado bajo el principio de incertidumbre y tambi\u00e9n en alguna ocasi\u00f3n s\u00ed he dicho que me interesaba presentarme si ganaba el premio, pero que si quedaba finalista no concurr\u00eda. <\/p>\n<p class=\"voc-title\">\u00abLos premios gubernamentales que se supone que deber\u00edan responder al inter\u00e9s general pero que todos sabemos que acaban mediatizados\u00bb<\/p>\n<p class=\"voc-p\" style=\"\">Eso son cosas que puedes hacer y algunos los he ganado y otros premios comerciales a los que me han invitado a presentarme no lo he ganado. Esto es algo que casi nadie suele contar, pero es as\u00ed. En su momento no lo hice porque no quer\u00eda perjudicar a esa novela que despu\u00e9s pude vender a otra editorial y que ha tenido una trayectoria bastante exitosa. Me he presentado a premios comerciales que no he ganado con novelas que luego han tenido reconocimiento de cr\u00edtica y p\u00fablico. Esto puede pasar. Forma parte de las reglas del negocio. Luego est\u00e1n los premios gubernamentales que se supone que deber\u00edan responder al inter\u00e9s general pero que todos sabemos que acaban mediatizados, en mayor o menor medida, por intereses de quien en ese momento ostentan responsabilidades gubernamentales. A m\u00ed eso s\u00ed que me parece censurable, porque est\u00e1 jugando el dinero de todos. Que se d\u00e9 un premio gubernalmental que no sea por la estricta calidad literaria es lo que me parece realmente censurable. Y por cierto, contra esto se protesta poco. <\/p>\n<p class=\"voc-p\" style=\"\"><strong>-No es muy activo en redes sociales \u00bfEs porque ha encontrado mucho &#8216;hater&#8217;?<\/strong><\/p>\n<p class=\"voc-p\" style=\"\"><strong>&#8211;<\/strong>S\u00f3lo tengo una que abr\u00ed hace 15 a\u00f1os, cuando se llamaba Twitter y la he mantenido pese a mis muchas tentaciones de cerrarla. En su d\u00eda abr\u00ed un Facebook, porque me lo recomendaron, y eso s\u00ed que muri\u00f3 r\u00e1pido porque esa red social s\u00ed que me parece un desprop\u00f3sito. Sal\u00ed de ah\u00ed como alma que lleva el diablo. En esta he permanecido porque de entrada me requer\u00eda poco desgaste. Luego cuando tuve m\u00e1s audiencia me pidi\u00f3 m\u00e1s y comenz\u00f3 a generar consecuencias que no me interesan. He tenido mucho &#8216;hater&#8217; y gente que busca reyerta contigo y a mi no me interesa eso. Para dejarlo claro, en mi perfil de &#8216;X&#8217; hay una frase de Curro Romero, que, aunque no soy nada taurino, me pareci\u00f3 muy buena y es que cuando le rega\u00f1aban porque o se arrimaba a algunos toros, \u00e9l dec\u00eda que miraba al toro y que cuando ven\u00eda torcido en reyerta no entraba jam\u00e1s y es lo que tengo en mi Twitter: \u00aben reyerta no entro jam\u00e1s\u00bb. Y como es as\u00ed, pues mi presencia cada vez es m\u00e1s limitada. No respondo a las provocaciones ni a los insultos ni a las impertinencias. Lo utilizo b\u00e1sicamente para hacer anuncios y dar las gracias. Ya no tengo inter\u00e9s en relacionarme con la gente que no es amable. <\/p>\n<p class=\"voc-title\">\u00abTienes que pagar ese peaje, que a lo mejor personas maleducadas intenten ofenderte\u00bb<\/p>\n<p class=\"voc-p\" style=\"\"><strong>-Un compa\u00f1ero de profesi\u00f3n como P\u00e9rez Reverte entra a todo en las redes. La \u00faltima pol\u00e9mica ha sido por criticar al Instituto Cervantes y acusar al Gobierno de querer controlar la RAE. \u00bfEstamos en un momento dif\u00edcil para que los escritores expresen abiertamente su opini\u00f3n y hagan cr\u00edtica pol\u00edtica?<\/strong><\/p>\n<p class=\"voc-p\" style=\"\"><strong>&#8211;<\/strong>Es su decisi\u00f3n y a \u00e9l le compensar\u00e1. A m\u00ed no me compensa. Yo sigo expresando mis ideas y sigo haciendo cr\u00edtica pol\u00edtica. Como intento mantener la independencia, he hecho cr\u00edtica pol\u00edtica con este gobierno, con el anterior y con los auton\u00f3micos. Te cuesta que sus partidarios, que cada vez son menos tolerantes, arremetan contra ti, pero no siento que haya podido de dejar de hacerlo. Tienes que pagar ese peaje, que a lo mejor personas maleducadas intenten ofenderte de palabra y algunos que se ven criticados cuenten menos contigo, pero yo es que los cuartos me los llevo jugando desde hace 30 a\u00f1os con los lectores, no con los pol\u00edticos. <\/p>\n<p class=\"voc-p\" style=\"\"><strong>-Al hilo de esto. Es un gran analista de la actualidad. \u00bfCu\u00e1les de los temas que son candentes ahora mismo le interesa m\u00e1s y cu\u00e1les le asquean? <\/strong><\/p>\n<p class=\"voc-p\" style=\"\"><strong>&#8211;<\/strong>Hay muchos temas que te pueden interpelar de conflictos, de injusticias y desigualdades, de atropellos, cosas que no son como deber\u00edan ser. La oferta es infinita y elegir uno ser\u00eda como hacer de menos a los dem\u00e1s. Por elegirlo por alg\u00fan criterio, tengo cuatro hijos y a m\u00ed me preocupa mucho que Espa\u00f1a no tenga resuelto el problema de la vivienda y de un proyecto digno de vida para nuestros j\u00f3venes. Me parece un grav\u00edsimo problema y que tengo muy cerca. Hay much\u00edsimos m\u00e1s y muy graves, pero este tengo la impresi\u00f3n de que quienes nos gobiernan, en cualquier \u00e1mbito y de cualquier ideolog\u00eda, pese a sus protestas de lo terrible que es este problema, no tienen una verdadera voluntad de arreglarlo, porque si lo tuvieran, alg\u00fan avance habr\u00edamos visto y s\u00f3lo estamos retrocediendo. Cada uno toma medidas orientadas a su direcci\u00f3n ideol\u00f3gica y que contentan a su parroquia, pero no con la esperanza de que solucionen nada, porque no parece importarles tanto. La eficacia que estamos viendo es cero de unos y de otro. Aqu\u00ed hay un gran problema que los que deber\u00edan afrontarlo no se est\u00e1n tomando en serio. <\/p>\n<p class=\"voc-title\">\u00abMe asquea que a la gesti\u00f3n del inter\u00e9s general accedan una y otra vez personas cuya \u00fanica pulsi\u00f3n es satisfacer su inter\u00e9s particular y a veces adem\u00e1s de manera tan mugrienta\u00bb<\/p>\n<p class=\"voc-p\" style=\"\">Con el mismo criterio de cercan\u00eda, en cuanto a lo que me asquea, y el asco creo que es un grado extremo de desagrado, a m\u00ed tengo que decir que me asquea que a la gesti\u00f3n del inter\u00e9s general accedan una y otra vez personas cuya \u00fanica pulsi\u00f3n es satisfacer su inter\u00e9s particular y a veces adem\u00e1s de manera tan mugrienta. Es una lacra que no conseguimos erradicar. Otra cosa que me asquea que en nuestro pa\u00eds, en pleno siglo XXI, convivamos con la esclavitud que representa la explotaci\u00f3n de personas, ya sea con fines de utilizaci\u00f3n sexual o laboral y eso lamentablemente la sociedad espa\u00f1ola no s\u00f3lo no lo tiene erradicado, sino normalizado. <\/p>\n<p class=\"voc-p\" style=\"\"><strong>-Tambi\u00e9n le quer\u00eda preguntar sobre sus escritos en prensa. Este a\u00f1o ha ganado el Premio Ciudad de C\u00e1ceres por el art\u00edculo &#8216;Los secretos de C\u00e1ceres&#8217; en ABC. \u00bfQu\u00e9 le aporta este medio? \u00bfSe atrever\u00eda a escribir sobre los secretos de Huelva?<\/strong><\/p>\n<p class=\"voc-p\" style=\"\"><strong>&#8211;<\/strong>(Risas). Me aporta muchas cosas. Le estoy muy agradecido a la prensa, porque realmente conmigo ha sido muy generosa. No soy periodista, soy licenciado en Derecho y no tengo ninguna cualificaci\u00f3n para ejercer el periodismo y se me ha dado una oportunidad de hacerlo de manera para m\u00ed muy interesante y enriquecedora. Quiz\u00e1s lo que menos es la opini\u00f3n, que puede interesar m\u00e1s o menos, pero he podido hacer mucho reportaje y mucha cr\u00f3nica e incluso alguna labor peculiar, como la que hago en el XL Semanal, que es como tener una especie de antena puesta para lo que late en la sociedad. Eso me ha dado una informaci\u00f3n muy valiosa para m\u00ed como escritor. Al margen de eso, escribir regularmente, aunque lo hago, y probar algo como la pieza period\u00edstica de vez en cuando est\u00e1 bien, ya sea en forma de reportaje o art\u00edculo. <\/p>\n<p class=\"voc-title\">\u00abA veces pienso que el periodismo da mejores oportunidades a quien no es periodista\u00bb<\/p>\n<p class=\"voc-p\" style=\"\">Yo he reducido ya bastante mi trabajo ah\u00ed, entre otras, porque tengo labor literaria y me he procurado concentrar en lo que m\u00e1s me enriquece. Pero lo sigo haciendo con gusto. Escribo cada 15 d\u00edas para vosotros en Vocento, b\u00e1sicamente de libros que es lo que m\u00e1s me interesa y es una labor enriquecedora y en la que he tenido muy buenas oportunidades. A veces pienso que el periodismo da mejores oportunidades a quien no es periodista, lo que me hace sentir un poco culpable.<\/p>\n<p class=\"voc-p\" style=\"\"><strong>-Otra faceta que ha tenido es la puesta en marcha del sello editorial Playa de Akaba con Noem\u00ed Trujillo \u00bfC\u00f3mo fue esa experiencia?<\/strong><\/p>\n<p class=\"voc-p\" style=\"\"><strong>&#8211;<\/strong>La mantuvimos abierta durante una d\u00e9cada, m\u00e1s o menos. Mantener abierta una peque\u00f1a editorial en condiciones de supervivencia requiere mucho trabajo por parte de los editores. Durante un tiempo Noem\u00ed le pudo dedicar su tiempo completo, pero ella empez\u00f3 a tener otras responsabilidades y labores, entre ellas su propia creaci\u00f3n literaria. A partir de ah\u00ed entramos en una crisis y pensamos en la opci\u00f3n de contratar a gente para mantenerla o cerrarla y decidimos no continuar. Cre\u00edamos que en esos 10 a\u00f1os hab\u00eda cumplido su funci\u00f3n y algunos autores que nosotros descubrimos han acabado publicando en grandes sellos y han ganado premios como el Biblioteca Breve. Para eso sirve una editorial peque\u00f1a, para sacar esa antena al talento. No sirve para ganar dinero y nunca me lo plante\u00e9 como una inversi\u00f3n lucrativa. La editorial la abrimos cuando gan\u00e9 el Premio Planeta y una parte de esos recursos los apost\u00e9 ah\u00ed y durante esos a\u00f1os hicimos algo muy gratificante. Recuerdo con mucho cari\u00f1o una de las primeras novelas que publicamos, &#8216;Enemigo Innumero&#8217;, una obra muy peculiar de Carlos Soto, que pienso que a lo mejor no existir\u00eda de no estar nosotros ah\u00ed. Se vendi\u00f3 bien, aunque no fue un \u00e9xito de ventas, y tuvo cr\u00edticas muy buenas de rese\u00f1istas tan exigentes como Andr\u00e9s Ib\u00e1\u00f1ez. As\u00ed que algo aportamos y esa era la finalidad. Fue una experiencia buena y ah\u00ed qued\u00f3.<\/p>\n<p>Reportar un error<\/p>\n","protected":false},"excerpt":{"rendered":"La Feria del Libro de Huelva ha contado este a\u00f1o con uno de los escritores m\u00e1s reconocidos del&hellip;\n","protected":false},"author":2,"featured_media":186554,"comment_status":"","ping_status":"","sticky":false,"template":"","format":"standard","meta":{"footnotes":""},"categories":[172],"tags":[14415,224,10153,146,147,25,24,225,5136,1494,52486,532,52487,2469,23],"class_list":{"0":"post-186553","1":"post","2":"type-post","3":"status-publish","4":"format-standard","5":"has-post-thumbnail","7":"category-libros","8":"tag-asegurar","9":"tag-books","10":"tag-comerciales","11":"tag-entertainment","12":"tag-entretenimiento","13":"tag-es","14":"tag-espana","15":"tag-libros","16":"tag-llegado","17":"tag-lorenzo","18":"tag-negado","19":"tag-premios","20":"tag-presentarme","21":"tag-silva","22":"tag-spain"},"share_on_mastodon":{"url":"","error":""},"_links":{"self":[{"href":"https:\/\/www.europesays.com\/es\/wp-json\/wp\/v2\/posts\/186553","targetHints":{"allow":["GET"]}}],"collection":[{"href":"https:\/\/www.europesays.com\/es\/wp-json\/wp\/v2\/posts"}],"about":[{"href":"https:\/\/www.europesays.com\/es\/wp-json\/wp\/v2\/types\/post"}],"author":[{"embeddable":true,"href":"https:\/\/www.europesays.com\/es\/wp-json\/wp\/v2\/users\/2"}],"replies":[{"embeddable":true,"href":"https:\/\/www.europesays.com\/es\/wp-json\/wp\/v2\/comments?post=186553"}],"version-history":[{"count":0,"href":"https:\/\/www.europesays.com\/es\/wp-json\/wp\/v2\/posts\/186553\/revisions"}],"wp:featuredmedia":[{"embeddable":true,"href":"https:\/\/www.europesays.com\/es\/wp-json\/wp\/v2\/media\/186554"}],"wp:attachment":[{"href":"https:\/\/www.europesays.com\/es\/wp-json\/wp\/v2\/media?parent=186553"}],"wp:term":[{"taxonomy":"category","embeddable":true,"href":"https:\/\/www.europesays.com\/es\/wp-json\/wp\/v2\/categories?post=186553"},{"taxonomy":"post_tag","embeddable":true,"href":"https:\/\/www.europesays.com\/es\/wp-json\/wp\/v2\/tags?post=186553"}],"curies":[{"name":"wp","href":"https:\/\/api.w.org\/{rel}","templated":true}]}}