{"id":186564,"date":"2025-10-19T06:29:09","date_gmt":"2025-10-19T06:29:09","guid":{"rendered":"https:\/\/www.europesays.com\/es\/186564\/"},"modified":"2025-10-19T06:29:09","modified_gmt":"2025-10-19T06:29:09","slug":"historia-de-un-fracaso-bancario-asi-ha-sido-el-periplo-del-bbva-para-intentar-absorber-al-sabadell-el-pais-expres","status":"publish","type":"post","link":"https:\/\/www.europesays.com\/es\/186564\/","title":{"rendered":"Historia de un fracaso bancario: as\u00ed ha sido el periplo del BBVA para intentar absorber al Sabadell | El PA\u00cdS Expr\u00e9s"},"content":{"rendered":"<p><img fetchpriority=\"high\" decoding=\"auto\" class=\"_re  a_m-h\" height=\"414\"  width=\"414\"  src=\"https:\/\/www.europesays.com\/es\/wp-content\/uploads\/2025\/10\/7GVN6G3BPJBG3L5K2MZGUYMPE4.jpg\" loading=\"eager\"\/>GRAFCAT3027. BARCELONA, 10\/10\/2025.- Vista de una oficina del Banco Sabadell junto a otra del BBVA en una calle de Barcelona este viernes cuando los accionistas del Banco Sabadell tienen de plazo hasta esta medianoche para decidir si aceptan el canje de acciones planteado por el BBVA en su intento de tomar el control de la entidad catalana. EFE\/Alberto Est\u00e9vez&#13;<br \/>\nfoto: Alberto Est\u00e9vez (EFE)<\/p>\n<p class=\"\">Tras 17 meses de idas y venidas, el intento de absorci\u00f3n del BBVA al Sabadell ha terminado.<\/p>\n<ul>\n<li>La opa del banco vasco solo convenci\u00f3 al 25% de los accionistas de la entidad catalana, muy por debajo del umbral del 30% marcado para que la operaci\u00f3n saliera adelante.<\/li>\n<\/ul>\n<p class=\"\"><b>Se pone fin a un largo camino:<\/b><\/p>\n<ul>\n<li>Todo comenz\u00f3 en 2020, con el primer intento de fusi\u00f3n por parte del BBVA con el objetivo de crear el segundo mayor banco de Espa\u00f1a, solo por detr\u00e1s de CaixaBank.<\/li>\n<li>El Sabadell rechaz\u00f3 la propuesta al considerarla \u201cinsuficiente\u201d y \u201chostil\u201d y en 2024 el BBVA decidi\u00f3 tomar la iniciativa de forma unilateral y lanzar una opa para hacerse con el control del banco catal\u00e1n.<\/li>\n<li>Despu\u00e9s se sucedieron 17 meses de \u201cguerra\u201d bancaria a la que el Sabadell ha logrado resistir con \u00e9xito. <\/li>\n<\/ul>\n<p class=\"\"><b>\u00bfY ahora qu\u00e9?<\/b> La opa queda sin efecto, y ambos bancos continuar\u00e1n sus andaduras por separado.<\/p>\n<ul>\n<li>El BBVA no podr\u00e1 volver a intentarlo durante al menos un a\u00f1o y su presidente, Carlos Torres, descarta dimitir por el fracaso.<\/li>\n<\/ul>\n<p class=\"\">\u00a9Foto: Alberto Est\u00e9vez (EFE)<\/p>\n<p class=\"\"><a href=\"https:\/\/elpais.com\/economia\/2025-10-19\/torres-a-oliu-enhorabuena-josep-ha-sido-una-sorpresa-el-resultado-tambien-para-mi.html\" target=\"_self\" rel=\"nofollow noopener\" title=\"https:\/\/elpais.com\/economia\/2025-10-19\/torres-a-oliu-enhorabuena-josep-ha-sido-una-sorpresa-el-resultado-tambien-para-mi.html\">Si quieres saber m\u00e1s, puedes leer aqu\u00ed<\/a>.<\/p>\n","protected":false},"excerpt":{"rendered":"GRAFCAT3027. BARCELONA, 10\/10\/2025.- Vista de una oficina del Banco Sabadell junto a otra del BBVA en una calle&hellip;\n","protected":false},"author":2,"featured_media":186565,"comment_status":"","ping_status":"","sticky":false,"template":"","format":"standard","meta":{"footnotes":""},"categories":[80],"tags":[3288,3285,82,95,94,25,24,2731,6558,41112,23],"class_list":{"0":"post-186564","1":"post","2":"type-post","3":"status-publish","4":"format-standard","5":"has-post-thumbnail","7":"category-economia","8":"tag-bancos","9":"tag-bbva","10":"tag-business","11":"tag-economia","12":"tag-economy","13":"tag-es","14":"tag-espana","15":"tag-finanzas","16":"tag-opa-hostil","17":"tag-sabadell-multibanca","18":"tag-spain"},"share_on_mastodon":{"url":"","error":""},"_links":{"self":[{"href":"https:\/\/www.europesays.com\/es\/wp-json\/wp\/v2\/posts\/186564","targetHints":{"allow":["GET"]}}],"collection":[{"href":"https:\/\/www.europesays.com\/es\/wp-json\/wp\/v2\/posts"}],"about":[{"href":"https:\/\/www.europesays.com\/es\/wp-json\/wp\/v2\/types\/post"}],"author":[{"embeddable":true,"href":"https:\/\/www.europesays.com\/es\/wp-json\/wp\/v2\/users\/2"}],"replies":[{"embeddable":true,"href":"https:\/\/www.europesays.com\/es\/wp-json\/wp\/v2\/comments?post=186564"}],"version-history":[{"count":0,"href":"https:\/\/www.europesays.com\/es\/wp-json\/wp\/v2\/posts\/186564\/revisions"}],"wp:featuredmedia":[{"embeddable":true,"href":"https:\/\/www.europesays.com\/es\/wp-json\/wp\/v2\/media\/186565"}],"wp:attachment":[{"href":"https:\/\/www.europesays.com\/es\/wp-json\/wp\/v2\/media?parent=186564"}],"wp:term":[{"taxonomy":"category","embeddable":true,"href":"https:\/\/www.europesays.com\/es\/wp-json\/wp\/v2\/categories?post=186564"},{"taxonomy":"post_tag","embeddable":true,"href":"https:\/\/www.europesays.com\/es\/wp-json\/wp\/v2\/tags?post=186564"}],"curies":[{"name":"wp","href":"https:\/\/api.w.org\/{rel}","templated":true}]}}