{"id":186577,"date":"2025-10-19T06:38:11","date_gmt":"2025-10-19T06:38:11","guid":{"rendered":"https:\/\/www.europesays.com\/es\/186577\/"},"modified":"2025-10-19T06:38:11","modified_gmt":"2025-10-19T06:38:11","slug":"llegar-en-forma-a-las-carreras-me-implicaba-una-locura-previa-con-la-que-no-podia-seguir","status":"publish","type":"post","link":"https:\/\/www.europesays.com\/es\/186577\/","title":{"rendered":"Llegar en forma a las carreras me implicaba una locura previa con la que no pod\u00eda seguir"},"content":{"rendered":"<p>Te dir\u00eda que todav\u00eda <strong>no he empezado a vivir mi nueva realidad<\/strong>. Est\u00e1n siendo d\u00edas repletos de eventos, balances, entrevistas&#8230; Y la vida que me espera es otra. S\u00ed que es cierto que, transcurrido ya un tiempo desde<strong> mi \u00faltima carrera<\/strong>, poco a poco voy adquiriendo consciencia de que he dejado de ser ciclista profesional y de que no volver\u00e9 a ponerme un dorsal.<\/p>\n<p>\u00bfQuiz\u00e1s el gusanillo le entre m\u00e1s adelante, cuando arranque la competici\u00f3n en 2026?<\/p>\n<p>Es lo que me han comentado varios y varias ex ciclistas. Dicen que <strong>tendr\u00e9 momentos en los que echar\u00e9 de menos el pelot\u00f3n y la adrenalina<\/strong> de las carreras. Conoci\u00e9ndome, seguro que habr\u00e1 d\u00edas en los que sienta esas dudas y esas ganas de correr. Pero tengo igualmente claro que <strong>la decisi\u00f3n de retirarme ha resultado muy meditada<\/strong>. No la he tomado de un d\u00eda para otro, as\u00ed que tampoco creo que esas fases de a\u00f1oranza se me vayan a hacer demasiado duras.<\/p>\n<p>Todo el mundo me lo pregunta, y te aseguro que no miento si respondo que <strong>a\u00fan no hay nada cerrado<\/strong>. Est\u00e1 claro que me gustar\u00eda seguir conectada al ciclismo, porque la bicicleta es mi vida. Pero todav\u00eda no s\u00e9 muy bien por d\u00f3nde tirar&#8230;<\/p>\n<blockquote class=\"twitter-tweet\" data-lang=\"es\" wp_automatic_readability=\"11.375\">\n<p lang=\"es\" dir=\"ltr\">Ane Santesteban Gonz\u00e1lez se despide del ciclismo profesional. <\/p>\n<p>Lo hace con la<br \/>emoci\u00f3n de quien ha vivido intensamente cada etapa, con la honestidad que siempre la ha caracterizado, y con el orgullo de haber recorrido un camino que,aunque no lleno de victorias, s\u00ed est\u00e1 repleto de\u2026 <a href=\"https:\/\/t.co\/wVr8dqnPIK\" rel=\"nofollow\">pic.twitter.com\/wVr8dqnPIK<\/a><\/p>\n<p>\u2014 LABORALKutxaTeam (@LABORALkTeam) <a href=\"https:\/\/twitter.com\/LABORALkTeam\/status\/1974038347690483751?ref_src=twsrc%5Etfw\" rel=\"nofollow noopener\" target=\"_blank\">3 de octubre de 2025<\/a><\/p><\/blockquote>\n<p class=\"article-body__text question-answers__question\">Tiene estudios universitarios y esta semana se le ve\u00eda en las redes sociales repasando unos apuntes.<\/p>\n<p class=\"article-body__text question-answers__answer\">Me estoy sacando<strong> el t\u00edtulo nacional de directora, el de nivel 3<\/strong>. Pero esto no significa que vaya a ser directora s\u00ed o s\u00ed, \u00bfeh? Que quede claro. Ya te digo que quiero seguir vinculada al mundillo. Y al mismo tiempo quiero estar lo mejor preparada posible para cuando tenga que decidir sobre el futuro, dentro de unas semanas.<\/p>\n<p class=\"article-body__text question-answers__question\">Desea continuar en el ciclismo. \u00bfY montando en bicicleta tambi\u00e9n?<\/p>\n<p class=\"article-body__text question-answers__answer\">Con esto me est\u00e1 pasando una cosa un poco rara. Durante los \u00faltimos a\u00f1os,<strong> siempre he terminado algo saturada las temporadas<\/strong>, dici\u00e9ndome a m\u00ed misma que no iba a tocar la bici en un mes. Esta vez, sin embargo, he acabado con otra mentalidad, seguramente porque se trataba de mi \u00faltima campa\u00f1a. Tras la carrera de Eibar pas\u00e9 unos d\u00edas en autocaravana con mi pareja, <strong>saliendo todas las ma\u00f1anas en bicicleta<\/strong>. De momento la sigo disfrutando mucho, desde otra mentalidad menos exigente.<\/p>\n<p>  Los motivos del adi\u00f3s<\/p>\n<p class=\"article-body__text question-answers__question\">H\u00e1bleme de esa \u201cmeditada decisi\u00f3n\u201d de retirarse.<\/p>\n<p class=\"article-body__text question-answers__answer\">Los dos \u00faltimos a\u00f1os, <strong>sobre todo el pasado, el 2024<\/strong>, han sido muy dif\u00edciles para m\u00ed. Y en esto el ciclismo es como cualquier otro trabajo: cuando lo est\u00e1s pasando mal, siempre se te pasa por la cabeza dejarlo y empezar a vivir la vida de otra manera. Tambi\u00e9n es verdad que <strong>durante este 2025 he tenido d\u00edas buenos sobre la bici<\/strong>, sobre todo a partir de la Vuelta a Espa\u00f1a en mayo. Ah\u00ed las sensaciones fueron buenas, llegu\u00e9 a disfrutar un mont\u00f3n e incluso ped\u00ed al equipo que me programara m\u00e1s carreras. Pero lleg\u00f3 luego un momento en el que<strong> empec\u00e9\u00a0a sentir que la bici ya no me llenaba del todo<\/strong>. \u00bfCu\u00e1ndo ocurri\u00f3? No sabr\u00eda situarte ese instante en el calendario. El caso es que vi que no ten\u00eda ganas de competir un a\u00f1o m\u00e1s y de seguir luchando as\u00ed.<\/p>\n<p class=\"article-body__text question-answers__question\">\u00bfSus sufrimientos de 2024 han significado en 2025 una mochila dif\u00edcil de arrastrar?<\/p>\n<p class=\"article-body__text question-answers__answer\">Como ya expliqu\u00e9 en su d\u00eda, en 2024 yo <strong>sent\u00eda que algo me pasaba y me mermaba<\/strong>. Saber hace justo un a\u00f1o que todo se deb\u00eda a una endometriosis (una afecci\u00f3n en el \u00fatero) fue una especie de alivio, porque pude poner nombre y causa a lo que me ocurr\u00eda. Ya te he comentado que este curso he tenido momentos muy buenos. Pero, respondiendo a tu pregunta, est\u00e1 claro tambi\u00e9n que lo de<strong> la temporada anterior me ha pasado factura<\/strong>. Estoy segura.<\/p>\n<p class=\"article-body__text question-answers__question\">\u00bfY c\u00f3mo lo ha acusado?<\/p>\n<p class=\"article-body__text question-answers__answer\">La gente no se puede imaginar todo lo que he tenido que hacer <strong>para recuperar mi nivel anterior<\/strong>. Tener un diagn\u00f3stico siempre ayuda: ahora, cuando siento s\u00edntomas, s\u00e9 lo que hacer y a d\u00f3nde acudir. Pero, al mismo tiempo, <strong>me he tenido que volver loca cada vez que se acercaba una carrera<\/strong> en la que deb\u00eda rendir: fisioterapeuta de suelo p\u00e9lvico, oste\u00f3pata visceral, oste\u00f3pata a secas, masajista&#8230; As\u00ed he andado casi todo el a\u00f1o, de un lado para otro.<\/p>\n<p class=\"article-body__text question-answers__question\">\u00bfEs esta la principal raz\u00f3n de su adi\u00f3s al ciclismo en activo?<\/p>\n<p class=\"article-body__text question-answers__answer\">Pienso sinceramente que<strong> ha sido un c\u00famulo de factores<\/strong>. Pero, respecto a esto \u00faltimo que te explicaba, s\u00ed lleg\u00f3 un momento hace un par de meses en el que vi que <strong>no pod\u00eda seguir un a\u00f1o m\u00e1s as\u00ed<\/strong>, forz\u00e1ndome de semejante manera para poder resultar competitiva. Ah\u00ed me escuch\u00e9 a m\u00ed misma y, por mucho que tuviese un contrato en vigor (<a href=\"https:\/\/www.noticiasdegipuzkoa.eus\/ciclismo\/2023\/08\/17\/ane-santesteban-sera-lider-laboral-7156798.html\" title=\"con el Laboral Kutxa para 2026\" rel=\"nofollow noopener\" target=\"_blank\">con el Laboral Kutxa para 2026<\/a>), decid\u00ed retirarme. Lo hice pensando en que<strong> quer\u00eda dejarlo bien<\/strong>, disfrutando, y no alargando algo que ya me estaba empezando a pasar factura.<\/p>\n<p class=\"article-body__text question-answers__question\">\u00bfQu\u00e9 habr\u00eda pensado en 2009 si le dicen entonces que iba a ser ciclista profesional durante 17 a\u00f1os?<\/p>\n<p class=\"article-body__text question-answers__answer\">\u00a1Ni muerta me lo habr\u00eda cre\u00eddo! Cuando empec\u00e9 aquella temporada en el Debabarrena<strong> s\u00f3lo sab\u00eda que me gustaba mucho la bici<\/strong>, sin m\u00e1s, pero tampoco era muy consciente de lo que significaba para m\u00ed ni de lo que pod\u00eda aguardarme en el futuro. Durante todo este tiempo he conseguido cosas que nunca me habr\u00eda planteado ni imaginado&#8230;<\/p>\n<p class=\"article-body__text question-answers__question\">\u00bfPor qu\u00e9 se hizo ciclista?<\/p>\n<p class=\"article-body__text question-answers__answer\">Bueno, mi caso es <strong>el t\u00edpico de alguien a quien su pasi\u00f3n le viene de familia<\/strong>. Mi aita siempre ha andado en bicicleta, compiti\u00f3 en su d\u00eda, se meti\u00f3 en el club Laguntasuna (de Errenteria) y tengo el recuerdo de ir con \u00e9l todos los fines de semana a ver carreras de aficionados y de juveniles. \u00a1Si hasta\u00a0aprend\u00ed a montar en bici con s\u00f3lo dos a\u00f1os! Pero f\u00edjate, <strong>tampoco es que el ciclismo me volviese loca en un principio<\/strong>. Lo compaginaba con otros muchos deportes: f\u00fatbol, balonmano, gimnasia r\u00edtmica, ballet, iba un mont\u00f3n a andar por el monte&#8230; Y al final segu\u00eda con la bicicleta porque en el equipo \u00e9ramos una cuadrilla de amigos. Qued\u00e1bamos para entrenar y luego hac\u00edamos nuestros planes juntos. Lo pas\u00e1bamos muy bien.<\/p>\n<p class=\"article-body__text question-answers__question\">\u00bfIban a carreras?<\/p>\n<p class=\"article-body__text question-answers__answer\">Claro. Y yo corr\u00eda con los chicos, porque por aquel entonces&#8230; Recuerdo que en mi zona \u00fanicamente compet\u00edamos cuatro chicas. Pero eso en categor\u00edas inferiores, porque <strong>en cadetes ya me qued\u00e9 yo sola<\/strong>.<\/p>\n<p>  Una disciplina en crecimiento<\/p>\n<p class=\"article-body__text question-answers__question\">Es que el ciclismo femenino estaba como estaba por aquel entonces.<\/p>\n<p class=\"article-body__text question-answers__answer\">No exist\u00eda ese efecto contagio. Porque s\u00ed, yo escuchaba hablar de <strong>Joane Somarriba<\/strong>, pero ya me dir\u00e1s c\u00f3mo pod\u00eda seguirle, si las carreras no se televisaban. Si acaso, aparec\u00eda media columna en el peri\u00f3dico con los resultados&#8230; Somarriba s\u00ed pudo suponer una inspiraci\u00f3n, pero recuerdo que mi verdadera referente fue <strong>Leire Olaberria<\/strong>, que estuvo en el equipo de mi padre y consigui\u00f3 lo que consigui\u00f3 como corredora, trat\u00e1ndose adem\u00e1s de una gran persona.<\/p>\n<p class=\"article-body__text question-answers__question\">Ane, <a href=\"https:\/\/www.noticiasdegipuzkoa.eus\/deportes\/2019\/08\/11\/terminado-chicas-subir-jaizkibel-3828642.html\" title=\"le entrevist\u00e9 hace seis a\u00f1os\" rel=\"nofollow noopener\" target=\"_blank\">le entrevist\u00e9 hace seis a\u00f1os<\/a> despu\u00e9s de la primera Cl\u00e1sica San Sebasti\u00e1n femenina: \u201cSe ha acabado eso de que las chicas no podemos subir Jaizkibel\u201d, me dijo. \u00bfCu\u00e1ntas veces lo escuch\u00f3 de ni\u00f1a?<\/p>\n<p class=\"article-body__text question-answers__answer\">Much\u00edsimas. En todas partes. Siento que, <strong>por ser mujer, he tenido que superar muchos obst\u00e1culos durante mi carrera<\/strong>. \u201cLas chicas hac\u00e9is carreras llanas porque no sois capaces de pasar este o aquel puerto\u201d, nos repet\u00edan. Pero, por suerte, las cosas han cambiado y ha quedado plenamente demostrado que<strong> quienes dec\u00edan eso no ten\u00edan raz\u00f3n<\/strong>. Mira todo lo que hemos terminado logrando&#8230;<\/p>\n<p class=\"article-body__text question-answers__question\">Seguro que en 2009 tampoco esperaba semejante crecimiento de su disciplina.<\/p>\n<p class=\"article-body__text question-answers__answer\">Qu\u00e9 va. Yo sab\u00eda entonces que el ciclismo femenino ir\u00eda hacia arriba. Era ley de vida que evolucionara, de forma paralela al modo en que lo estaba haciendo la propia sociedad. Pero<strong> no me imaginaba llegar a vivir una situaci\u00f3n como la actual<\/strong>, con estructuras 100% profesionales y un calendario tan amplio y variado.<\/p>\n<p class=\"article-photo__footer\">\n            Los seis equipos como pofesional de Ane Santesteban.                    <\/p>\n<p class=\"article-body__text question-answers__question\">Entre 2014 y 2023 corri\u00f3 durante diez temporadas en equipos extranjeros. \u00bfQu\u00e9 se encontr\u00f3 ah\u00ed afuera?<\/p>\n<p class=\"article-body__text question-answers__answer\">Mira, ya s\u00f3lo en el primer a\u00f1o<strong> se march\u00f3 a Italia una Ane y regres\u00f3 luego otra distinta<\/strong>. Estas experiencias cunden un mo<strong>nt\u00f3n. Irte fuera supone un aprendizaje brutal. Piensa que yo nunca hab\u00eda salido de casa, y que hasta entonces corr\u00eda en <\/strong>un equipo considerado profesional pero que en realidad no lo era. Pas\u00e9 de integrar un grupo de amigas a convivir con gente que se dedicaba al ciclismo de pleno.<\/p>\n<p class=\"article-body__text question-answers__question\">Fueron cinco a\u00f1os en el Ale-Cipollini, dos en el WNT y tres en Jayco.<\/p>\n<p class=\"article-body__text question-answers__answer\">En esos equipos fui viviendo toda esa transici\u00f3n del ciclismo femenino hacia su buen momento actual. Corr\u00ed en plantillas cada vez mejores, en condiciones cada vez m\u00e1s dignas,<strong> hasta que llegu\u00e9 al World Tour con el propio Jayco y todo entr\u00f3 como en otra dimensi\u00f3n<\/strong>. Ah\u00ed s\u00f3lo ten\u00eda que ocuparme de montarme en la bicicleta e ir lo m\u00e1s r\u00e1pido posible. Del resto se encargaba la gente del staff: directores, mec\u00e1nicos, auxiliares, fisios&#8230;<\/p>\n<p class=\"article-body__text question-answers__question\">Perm\u00edtame rebobinar un poco en su \u2018d\u00e9cada extranjera\u2019 y detenerme en el accidente que sufri\u00f3 entrenando en 2017. \u00bfCu\u00e1nto le ha terminado pesando?<\/p>\n<p class=\"article-body__text question-answers__answer\">Una barbaridad. Nunca he hablado abiertamente al respecto, pero <strong>me marc\u00f3 durante much\u00edsimo tiempo<\/strong>, no s\u00f3lo en los meses posteriores. Pas\u00e9 a\u00f1os con <strong>dolores de cabeza, visi\u00f3n borrosa&#8230;<\/strong> Hasta que fui poco a poco recuper\u00e1ndome y quit\u00e1ndome ese miedo que tanto te lastra: al salir a entrenar rodeada de coches, al ir en el pelot\u00f3n rodeada de bicis&#8230; Se hizo duro.<\/p>\n<p class=\"article-body__text question-answers__question\">\u00bfEn qu\u00e9 quedaron las investigaciones abiertas?<\/p>\n<p class=\"article-body__text question-answers__answer\">En nada, porque en esa zona de <strong>Errenteria<\/strong> (en la carretera junto a Larzabal) no hab\u00eda c\u00e1maras y <a href=\"https:\/\/www.noticiasdenavarra.com\/deportes\/2017\/03\/17\/ane-santesteban-ingresada-sufrir-accidente-2666465.html\" title=\"nadie vio lo que sucedi\u00f3\" rel=\"nofollow noopener\" target=\"_blank\">nadie vio lo que sucedi\u00f3<\/a>. A m\u00ed ya me encontraron inconsciente. Result\u00f3 complicado seguir adelante una vez que se cerr\u00f3 el caso, porque yo quer\u00eda saber qu\u00e9 hab\u00eda pasado, ve\u00eda que no se iba a lograr y <strong>entraba en una especie de c\u00edrculo vicioso<\/strong>.<\/p>\n<p class=\"article-body__text question-answers__question\">De cualquier modo, usted recuperar\u00eda luego un nivel propio del \u2018top 10\u2019 mundial. \u00bfLamenta que el calendario femenino no le terminara de ofrecer buenas oportunidades para alzar los brazos?<\/p>\n<p class=\"article-body__text question-answers__answer\">Est\u00e1 claro que antes no se disputaban todas las carreras que hay hoy en d\u00eda. <strong>El calendario actual resulta s\u00faper amplio<\/strong>. Y puedes ir amold\u00e1ndolo t\u00fa a tus caracter\u00edsticas, ya no al rev\u00e9s. Antes, \u00edbamos siempre las mismas corredoras a las mismas pruebas, a\u00f1o tras a\u00f1o. Y por mucho que durante varias temporadas ofreciera un nivel alto y constante, <strong>no pude traducirlo en palmar\u00e9s<\/strong>. Apenas hab\u00eda competiciones con final en alto. Y aunque yo lograba a menudo terminar con las mejores, en los esprints lo ten\u00eda casi imposible para ganar. Creo que, trasladando aquel rendimiento al ciclismo del presente,<strong> se me habr\u00edan presentado m\u00e1s y mejores opciones<\/strong>.<\/p>\n<p class=\"article-body__text question-answers__question\">Es decir, que le habr\u00eda gustado nacer diez a\u00f1os m\u00e1s tarde.<\/p>\n<p class=\"article-body__text question-answers__answer\">Es algo que me comentan a menudo<strong> y yo siempre replico que no<\/strong>. Es cierto que en el ciclismo que me toc\u00f3 vivir en su d\u00eda hab\u00eda menos oportunidades para lograr victorias. Pero mira ahora<strong> toda la presi\u00f3n que tienen las juveniles<\/strong> para rendir a tope y centrarse exclusivamente en la bicicleta. No s\u00e9 si yo habr\u00eda querido eso para m\u00ed cuando ten\u00eda 18 a\u00f1os.<\/p>\n<p class=\"article-photo__footer\">\n            Santesteban, en el pasillo previo del pelot\u00f3n, antes de comenzar el Gran Premio Ciudad de Eibar el d\u00eda de su retirada.            SprintCyclingAgency \/ Laboral Kutxa Team        <\/p>\n<p class=\"article-body__text question-answers__question\">Ha acumulado participaciones en grandes cl\u00e1sicas, Tours, Giros, Vueltas, Itzulias, dos Juegos Ol\u00edmpicos&#8230; Pero abri\u00f3 su carta de despedida con un \u201cno he ganado muchas carreras\u201d. \u00bfSe marcha con el palmar\u00e9s como espina clavada?<\/p>\n<p class=\"article-body__text question-answers__answer\">En absoluto. Est\u00e1 claro que <strong>me hubiese gustado lograr m\u00e1s triunfo<\/strong>s. Pero me retiro s\u00f3lo con ese Campeonato de Espa\u00f1a (2013) y ya est\u00e1. No hay espinas clavadas. <strong>Estoy satisfecha con lo conseguido<\/strong> y con haber dado mi 100% en cada carrera, para despu\u00e9s pensar en la siguiente. Cuando eres ciclista andas permanentemente metida en esa din\u00e1mica: una competici\u00f3n, luego otra, luego otra&#8230; Ni piensas en el palmar\u00e9s. Y, adem\u00e1s, ahora echo la vista atr\u00e1s y me digo: \u201cOye, pues lo que he logrado tampoco es poca cosa\u201d.<\/p>\n<p class=\"article-body__text question-answers__question\">Este junio se cay\u00f3 en Granada cuando parec\u00eda lanzada hacia un segundo t\u00edtulo estatal. \u00bfAquello tampoco le duele a posteriori?<\/p>\n<p class=\"article-body__text question-answers__answer\">Aquello s\u00ed, aquello s\u00ed. Aquello s\u00ed que es <strong>una espinita<\/strong> (risas).<\/p>\n<p class=\"article-body__text question-answers__question\">\u00bfY sus problemas en carrera durante la despedida en Eibar?<\/p>\n<p class=\"article-body__text question-answers__answer\">No, eso no. Yo sab\u00eda desde un principio que ese d\u00eda no iba a poder rendir, visto c\u00f3mo hab\u00eda transcurrido la semana previa. Tras el Mundial de Ruanda y el anuncio de mi retirada pas\u00e9 d\u00edas enteros con las l\u00e1grimas en los ojos, <strong>sin terminar de llorar pero con las emociones a flor de piel<\/strong>. En Eibar la carrera era secundaria, as\u00ed que me centr\u00e9 en disfrutar de la retirada, corriendo adem\u00e1s en el equipo de casa, un sue\u00f1o que siempre hab\u00eda tenido cuando estaba en el extranjero y que cumpl\u00ed al fichar por el<strong> Laboral Kutxa<\/strong>.<\/p>\n<p class=\"article-body__text question-answers__question\">Veo que le queda buen recuerdo de ese 5 de octubre&#8230;<\/p>\n<p class=\"article-body__text question-answers__answer\">Buen\u00edsimo. Es cierto que tuve que cambiar de bici y perseguir, despu\u00e9s de una especie de montonera. Pero ya te digo que <a href=\"https:\/\/www.noticiasdegipuzkoa.eus\/ciclismo\/2025\/10\/05\/silvestri-regala-ultima-sonrisa-ane-10171224.html\" title=\"no contaba con estar delante\" rel=\"nofollow noopener\" target=\"_blank\">no contaba con estar delante<\/a>&#8230; Me quedo con todas las sorpresas que se fueron dando. <strong>No esperaba sentirme as\u00ed de querida<\/strong>. <\/p>\n<p>            <script async src=\"https:\/\/platform.twitter.com\/widgets.js\" charset=\"utf-8\"><\/script><\/p>\n","protected":false},"excerpt":{"rendered":"Te dir\u00eda que todav\u00eda no he empezado a vivir mi nueva realidad. Est\u00e1n siendo d\u00edas repletos de eventos,&hellip;\n","protected":false},"author":2,"featured_media":186578,"comment_status":"","ping_status":"","sticky":false,"template":"","format":"standard","meta":{"footnotes":""},"categories":[273],"tags":[16813,197,4860,313,312,168,3141,25,24,10824,9416,2032,1367,25883,23,167],"class_list":{"0":"post-186577","1":"post","2":"type-post","3":"status-publish","4":"format-standard","5":"has-post-thumbnail","7":"category-ciclismo","8":"tag-ane","9":"tag-balance","10":"tag-carrera","11":"tag-ciclismo","12":"tag-cycling","13":"tag-deportes","14":"tag-entrevista","15":"tag-es","16":"tag-espana","17":"tag-kutxa","18":"tag-laboral","19":"tag-profesional","20":"tag-retirada","21":"tag-santesteban","22":"tag-spain","23":"tag-sports"},"share_on_mastodon":{"url":"","error":""},"_links":{"self":[{"href":"https:\/\/www.europesays.com\/es\/wp-json\/wp\/v2\/posts\/186577","targetHints":{"allow":["GET"]}}],"collection":[{"href":"https:\/\/www.europesays.com\/es\/wp-json\/wp\/v2\/posts"}],"about":[{"href":"https:\/\/www.europesays.com\/es\/wp-json\/wp\/v2\/types\/post"}],"author":[{"embeddable":true,"href":"https:\/\/www.europesays.com\/es\/wp-json\/wp\/v2\/users\/2"}],"replies":[{"embeddable":true,"href":"https:\/\/www.europesays.com\/es\/wp-json\/wp\/v2\/comments?post=186577"}],"version-history":[{"count":0,"href":"https:\/\/www.europesays.com\/es\/wp-json\/wp\/v2\/posts\/186577\/revisions"}],"wp:featuredmedia":[{"embeddable":true,"href":"https:\/\/www.europesays.com\/es\/wp-json\/wp\/v2\/media\/186578"}],"wp:attachment":[{"href":"https:\/\/www.europesays.com\/es\/wp-json\/wp\/v2\/media?parent=186577"}],"wp:term":[{"taxonomy":"category","embeddable":true,"href":"https:\/\/www.europesays.com\/es\/wp-json\/wp\/v2\/categories?post=186577"},{"taxonomy":"post_tag","embeddable":true,"href":"https:\/\/www.europesays.com\/es\/wp-json\/wp\/v2\/tags?post=186577"}],"curies":[{"name":"wp","href":"https:\/\/api.w.org\/{rel}","templated":true}]}}