{"id":186586,"date":"2025-10-19T06:44:09","date_gmt":"2025-10-19T06:44:09","guid":{"rendered":"https:\/\/www.europesays.com\/es\/186586\/"},"modified":"2025-10-19T06:44:09","modified_gmt":"2025-10-19T06:44:09","slug":"la-columna-de-rosa-montero-arte-y-platanos-el-pais-semanal","status":"publish","type":"post","link":"https:\/\/www.europesays.com\/es\/186586\/","title":{"rendered":"La columna de Rosa Montero: Arte y pl\u00e1tanos | EL PA\u00cdS Semanal"},"content":{"rendered":"<p class=\"\">Estoy leyendo un libro formidable de <a href=\"\" rel=\"\" title=\"\">Laura Revuelta, Arte parece, pl\u00e1tano es (Taurus)<\/a>, cuyo t\u00edtulo, como muchos habr\u00e9is deducido al instante, hace referencia a una famosa patochada perpetrada por el italiano Maurizio Cattelan, que, en la feria Art Basel Miami 2019, present\u00f3 una obra consistente en un pl\u00e1tano aut\u00e9ntico pegado a la pared con un pedazo de cinta adhesiva gris. Un d\u00eda lleg\u00f3 a la sala otro artista, <a href=\"https:\/\/elpais.com\/cultura\/2019\/12\/10\/babelia\/1575979216_252638.html\" target=\"_self\" rel=\"nofollow noopener\" title=\"https:\/\/elpais.com\/cultura\/2019\/12\/10\/babelia\/1575979216_252638.html\">David Datuna, que despeg\u00f3 la fruta y se la comi\u00f3, redondeando la bober\u00eda<\/a>. Como es obvio, sustituyeron la banana enseguida. En Art Basel se vendieron tres copias de la obra a unos precios que oscilaron entre 103.000 y 130.000 d\u00f3lares, pero, si esto os parece chocante, esperad a saber que en octubre de 2024 el pl\u00e1tano <a href=\"https:\/\/elpais.com\/cultura\/2024-11-21\/la-banana-mas-cara-del-mundo-se-vende-por-62-millones-de-dolares.html\" target=\"_self\" rel=\"nofollow noopener\" title=\"https:\/\/elpais.com\/cultura\/2024-11-21\/la-banana-mas-cara-del-mundo-se-vende-por-62-millones-de-dolares.html\">fue subastado en Sotheby\u2019s Nueva York por 6,2 millones de d\u00f3lares<\/a>. Lo adquiri\u00f3, esto ya no lo cuenta Laura, un millonario chino del negocio de las criptomonedas, Justin Sun, que tambi\u00e9n se zamp\u00f3 la banana en una rueda de prensa (en realidad lo que hizo Sun fue costearse una ruidosa campa\u00f1a publicitaria sobre su negocio). Lo de devorar la fruta es una supuesta genialidad que se ha repetido hasta el aburrimiento; el pasado julio otro tipo se comi\u00f3 la obra de Cattelan, que formaba parte de una exposici\u00f3n en el museo Pompidou Metz. Ya sab\u00e9is, todos los d\u00edas un pl\u00e1tano, como dec\u00eda la famosa campa\u00f1a canaria.<\/p>\n<p class=\"\">El ensayo de Laura Revuelta se subtitula 21 claves para entender el arte del siglo XXI y ofrece lo que promete, una profunda, amena y documentad\u00edsima visi\u00f3n del arte actual. Trata temas muy importantes, como la descolonizaci\u00f3n, la reivindicaci\u00f3n de las mujeres artistas o la correcci\u00f3n e incorrecci\u00f3n pol\u00edtica, pero sobre todo reflexiona sobre <a href=\"https:\/\/elpais.com\/cultura\/2020\/01\/09\/actualidad\/1578585325_165215.html\" target=\"_self\" rel=\"nofollow noopener\" title=\"https:\/\/elpais.com\/cultura\/2020\/01\/09\/actualidad\/1578585325_165215.html\">el sentido del arte en nuestro mundo<\/a>. Un asunto que me parece crucial. Hay una frase luminosa que se ha convertido para m\u00ed desde hace a\u00f1os en un lema vital, hasta el punto de que me la he tatuado en una pierna, y es esa aguda idea que atrap\u00f3 <a href=\"https:\/\/elpais.com\/cultura\/2013\/09\/20\/album\/1379686899_047090.html\" target=\"_self\" rel=\"nofollow noopener\" title=\"https:\/\/elpais.com\/cultura\/2013\/09\/20\/album\/1379686899_047090.html\">el franc\u00e9s Georges Braque<\/a>; y digo atrap\u00f3 porque tengo la sensaci\u00f3n de que todos los pensamientos humanos, pasados, presentes y futuros, revolotean a nuestro alrededor como aves transparentes, y que tan s\u00f3lo necesitamos ser capaces de verlos y materializarlos. Pues bien, Braque dijo: \u201cEl arte es una herida hecha luz\u201d. Y, en efecto, qu\u00e9 vamos a hacer con las innumerables heridas de la vida sino intentar convertirlas en luz, para que no nos destruyan. El arte, todo arte, es en primer lugar comunicaci\u00f3n, es un esfuerzo com\u00fan para darle un sentido al sinsentido, para hacer del caos un lugar habitable, para intentar domesticar a los monstruos del Mal y del Dolor. Para poder, simplemente, sobrevivir.<\/p>\n<p class=\"\">El problema es que sobre las artes pl\u00e1sticas, quiz\u00e1 por su condici\u00f3n casi siempre mat\u00e9rica, es decir, por tratarse en general de objetos dentro de una sociedad enloquecida por el deseo de poseer cosas; o porque los soportes a veces ya son caros (esos bronces, esos m\u00e1rmoles); por alguna raz\u00f3n, en fin, que se me escapa, sobre ese tipo de arte ha ca\u00eddo como una trituradora la fiebre del dinero y del mercado. De los polvos de ese envilecimiento vienen muchos lodos. Me parece especialmente elocuente, por ejemplo, <a href=\"https:\/\/elpais.com\/cultura\/2023-09-18\/un-artista-danes-que-envio-dos-lienzos-en-blanco-a-un-museo-debera-devolver-el-dinero-recibido-por-el-encargo.html\" target=\"_self\" rel=\"nofollow noopener\" title=\"https:\/\/elpais.com\/cultura\/2023-09-18\/un-artista-danes-que-envio-dos-lienzos-en-blanco-a-un-museo-debera-devolver-el-dinero-recibido-por-el-encargo.html\">la gamberrada (o tal vez deber\u00eda decir estafa) del artista dan\u00e9s Jens Haaning<\/a>, que tampoco recoge Laura porque, como es natural, en su libro no caben todas las necedades. Haaning recibi\u00f3 71.500 euros en billetes de un museo dan\u00e9s para pegarlos en dos de sus cuadros representando el sueldo anual medio en Dinamarca y Austria, pero lo que hizo fue quedarse con la pasta y enviar dos lienzos en blanco enmarcados y titulados Coge el dinero y corre. En 2023, Haaning fue condenado judicialmente a devolver lo mangado.<\/p>\n<p class=\"\">El arte, claro, es otra cosa. Algo tan esencial y natural como el ox\u00edgeno. Tambi\u00e9n es arte colocar bellamente una flor en un vaso, y que su humilde contemplaci\u00f3n apacig\u00fce tu d\u00eda. Respeto a todo creador que necesite perentoriamente hacer lo que hace, me gusten sus obras o no. \u201cSi no fuera por el arte, yo me habr\u00eda quitado la vida hace mucho tiempo\u201d, confiesa <a href=\"https:\/\/elpais.com\/babelia\/2023-06-25\/lunares-calabazas-lujo-y-selfis-infinitos-yayoi-kusama-la-artista-que-nos-merecemos.html\" target=\"_self\" rel=\"nofollow noopener\" title=\"https:\/\/elpais.com\/babelia\/2023-06-25\/lunares-calabazas-lujo-y-selfis-infinitos-yayoi-kusama-la-artista-que-nos-merecemos.html\">la genial artista japonesa Yayoi Kusama<\/a>, que vive desde hace d\u00e9cadas por su propia voluntad en un psiqui\u00e1trico (Laura habla mucho de ella: fascinante). O, como dec\u00eda Clarice Lispector: \u201cEscribo como si fuera a salvar la vida de alguien. Probablemente mi propia vida\u201d. Exacto. Por eso leemos, y escuchamos m\u00fasica, y vemos cuadros. Ah\u00ed estamos todos. Viva el arte. <\/p>\n","protected":false},"excerpt":{"rendered":"Estoy leyendo un libro formidable de Laura Revuelta, Arte parece, pl\u00e1tano es (Taurus), cuyo t\u00edtulo, como muchos habr\u00e9is&hellip;\n","protected":false},"author":2,"featured_media":186587,"comment_status":"","ping_status":"","sticky":false,"template":"","format":"standard","meta":{"footnotes":""},"categories":[173],"tags":[229,1799,2875,233,231,230,52494,4754,209,232,234,146,147,25,24,18495,52492,4909,4018,23,52493],"class_list":{"0":"post-186586","1":"post","2":"type-post","3":"status-publish","4":"format-standard","5":"has-post-thumbnail","7":"category-arte-y-diseno","8":"tag-arte","9":"tag-arte-conceptual","10":"tag-arte-contemporaneo","11":"tag-arte-y-diseno","12":"tag-arts","13":"tag-arts-and-design","14":"tag-bromas-aparte","15":"tag-clarice-lispector","16":"tag-cultura","17":"tag-design","18":"tag-diseno","19":"tag-entertainment","20":"tag-entretenimiento","21":"tag-es","22":"tag-espana","23":"tag-estafas","24":"tag-happening","25":"tag-maurizio-cattelan","26":"tag-performance","27":"tag-spain","28":"tag-yayoi-kusama"},"share_on_mastodon":{"url":"","error":""},"_links":{"self":[{"href":"https:\/\/www.europesays.com\/es\/wp-json\/wp\/v2\/posts\/186586","targetHints":{"allow":["GET"]}}],"collection":[{"href":"https:\/\/www.europesays.com\/es\/wp-json\/wp\/v2\/posts"}],"about":[{"href":"https:\/\/www.europesays.com\/es\/wp-json\/wp\/v2\/types\/post"}],"author":[{"embeddable":true,"href":"https:\/\/www.europesays.com\/es\/wp-json\/wp\/v2\/users\/2"}],"replies":[{"embeddable":true,"href":"https:\/\/www.europesays.com\/es\/wp-json\/wp\/v2\/comments?post=186586"}],"version-history":[{"count":0,"href":"https:\/\/www.europesays.com\/es\/wp-json\/wp\/v2\/posts\/186586\/revisions"}],"wp:featuredmedia":[{"embeddable":true,"href":"https:\/\/www.europesays.com\/es\/wp-json\/wp\/v2\/media\/186587"}],"wp:attachment":[{"href":"https:\/\/www.europesays.com\/es\/wp-json\/wp\/v2\/media?parent=186586"}],"wp:term":[{"taxonomy":"category","embeddable":true,"href":"https:\/\/www.europesays.com\/es\/wp-json\/wp\/v2\/categories?post=186586"},{"taxonomy":"post_tag","embeddable":true,"href":"https:\/\/www.europesays.com\/es\/wp-json\/wp\/v2\/tags?post=186586"}],"curies":[{"name":"wp","href":"https:\/\/api.w.org\/{rel}","templated":true}]}}