{"id":186588,"date":"2025-10-19T06:45:56","date_gmt":"2025-10-19T06:45:56","guid":{"rendered":"https:\/\/www.europesays.com\/es\/186588\/"},"modified":"2025-10-19T06:45:56","modified_gmt":"2025-10-19T06:45:56","slug":"nito-sin-apellido","status":"publish","type":"post","link":"https:\/\/www.europesays.com\/es\/186588\/","title":{"rendered":"Nito, sin apellido"},"content":{"rendered":"<p class=\"ft-text ft-helper-closenews\">Se ve\u00eda venir que las sillas no iban a ser suficientes y as\u00ed fue. M\u00e1s de cincuenta personas se quedaron en pie. Pero no les import\u00f3. La ocasi\u00f3n lo merec\u00eda. Se presentaba el libro \u201cMis momentos con Nito\u201d. Sin apellido, porque no hace falta. <strong>Mart\u00edn Sanz<\/strong> es el autor de este homenaje a una mujer que s\u00f3lo atesora halagos.<\/p>\n<p class=\"ft-text\">No se pudo elegir un espacio m\u00e1s emblem\u00e1tico que la terraza del Club de Regatas de Alicante, con el castillo de Santa B\u00e1rbara al fondo, para la presentaci\u00f3n. Y con muchos de los que han colaborado en el libro, como <strong>Eva Ribelles<\/strong>, <strong>Manuel Espuch<\/strong>, <strong>Asunci\u00f3n Vald\u00e9s<\/strong>, <strong>Carlos Giner<\/strong>, <strong>Carmen Robles<\/strong>, <strong>Mar\u00eda Luis Rivera<\/strong>, <strong>Mar\u00eda Jos\u00e9 Juan<\/strong>, <strong>Maribel Peralta<\/strong>, <strong>Carmina Matarredona<\/strong>, <strong>Luisa Mart\u00ednez<\/strong>, <strong>Mario Flores<\/strong>, <strong>Ana Poquet<\/strong>, <strong>Pilar Caturla<\/strong> o <strong>To\u00f1i Mart\u00edn-Zarco<\/strong>.<\/p>\n<p><img decoding=\"async\" src=\"https:\/\/www.europesays.com\/es\/wp-content\/uploads\/2025\/10\/0b3e9932-9356-44bc-8bdd-1bf184ea11c7_alta-libre-aspect-ratio_default_0.jpg\" width=\"1200\" height=\"800\" alt=\"Eva Ribelles, Adelina Ripoll, Charo Egea, Maribel Peralta, Mayte Belmonte y Manuel Espuch.\" class=\"ft-helper-img-rd\" loading=\"lazy\" hasdataaida=\"true\"\/><\/p>\n<p class=\"ft-helper-fontColor-quaternary ft-helper-fontSize-body-S ft-helper-spacer-t-xxs\">Eva Ribelles, Adelina Ripoll, Charo Egea, Maribel Peralta, Mayte Belmonte y Manuel Espuch.  \/  PILAR CORTES<\/p>\n<p class=\"ft-text\">En la presentaci\u00f3n, las concejalas <strong>Bego\u00f1a Le\u00f3n<\/strong> y Ana Poquet, pronunciaron unas palabras en las que se notaba el profundo cari\u00f1o que les une a Nito y destacaron que ella consigue transformar lo dif\u00edcil en f\u00e1cil porque pone el coraz\u00f3n y el alma en todo lo que hace. Por su parte, <strong>Quico Gim\u00e9nez<\/strong>, gerente de APSA y amigo de Nito desde su juventud, coment\u00f3 que APSA cumplir\u00e1 65 a\u00f1os en 2026 y Nito lleva involucrada en esta asociaci\u00f3n 55 a\u00f1os, toda una vida.<\/p>\n<p><img decoding=\"async\" src=\"https:\/\/www.europesays.com\/es\/wp-content\/uploads\/2025\/10\/30ffe238-5768-4883-96bd-c33ff9a7cc1d_alta-libre-aspect-ratio_default_0.jpg\" width=\"1200\" height=\"800\" alt=\"Fernando Romero, Ar\u00e1nzazu Mart\u00ednez, Mar\u00eda Jos\u00e9 Garc\u00eda Alonso, Ruth Mart\u00ednez Aparici, Nuria Gilaber, distintos responsables de APSA.\" class=\"ft-helper-img-rd\" loading=\"lazy\" hasdataaida=\"true\"\/><\/p>\n<p class=\"ft-helper-fontColor-quaternary ft-helper-fontSize-body-S ft-helper-spacer-t-xxs\">Fernando Romero, Ar\u00e1nzazu Mart\u00ednez, Mar\u00eda Jos\u00e9 Garc\u00eda Alonso, Ruth Mart\u00ednez Aparici, Nuria Gilaber, distintos responsables de APSA.  \/ Pilar Cort\u00e9s \/ PILAR CORTES<\/p>\n<p class=\"ft-text\">Mart\u00edn Sanz nos cont\u00f3 los intr\u00edngulis del libro, \u201cun proyecto que viene de antiguo, porque las primeras conversaciones empezaron con Carlos Giner y Mar\u00eda Jos\u00e9 Juan hace una d\u00e9cada, cuando me dec\u00edan que hab\u00eda que hacerle algo a Nito. Hace tres a\u00f1os ya se propuso en serio. Y yo lo he escrito, pero con la colaboraci\u00f3n de <strong>Noelia Garc\u00eda<\/strong>, que se ocup\u00f3 de la log\u00edstica y la edici\u00f3n, y <strong>Queru Blanco<\/strong>, que se encarg\u00f3 de la selecci\u00f3n, porque con la gente que ha tenido relaci\u00f3n Nito, pod\u00eda haber salido una enciclopedia por entregas\u201d.<\/p>\n<p><img decoding=\"async\" src=\"https:\/\/www.europesays.com\/es\/wp-content\/uploads\/2025\/10\/d1d01295-c48c-4812-86b0-2358b01a6cae_alta-libre-aspect-ratio_default_0.jpg\" width=\"1200\" height=\"800\" alt=\"Carlos Giner, Raquel Alarc\u00f3n, Mar\u00eda Jos\u00e9 Juan, Quico Gim\u00e9nez, Noelia Garc\u00eda y Juan Lorenzo.\" class=\"ft-helper-img-rd\" loading=\"lazy\" hasdataaida=\"true\"\/><\/p>\n<p class=\"ft-helper-fontColor-quaternary ft-helper-fontSize-body-S ft-helper-spacer-t-xxs\">Carlos Giner, Raquel Alarc\u00f3n, Mar\u00eda Jos\u00e9 Juan, Quico Gim\u00e9nez, Noelia Garc\u00eda y Juan Lorenzo.  \/ Pilar Cort\u00e9s \/ PILAR CORTES<\/p>\n<p class=\"ft-text\">Aunque no participaran en el libro, all\u00ed estaban, entre otros much\u00edsimos, <strong>Carmen C\u00e1rceles<\/strong>, <strong>Vicente Mas<\/strong>, <strong>\u00c1gueda Pastor<\/strong>, <strong>Pepe Garc\u00eda Hurtado<\/strong>, <strong>Evaristo Manero<\/strong>, <strong>Montse Madrona<\/strong>, <strong>Mar\u00eda Gilabert<\/strong>, <strong>Juan Carlos Soler<\/strong><strong>Ignacio Larramendi<\/strong><strong>Emiliano Sanz<\/strong><strong>Toni Cabot<\/strong><strong>Manuel Navarro<\/strong><strong>Mari Carmen Rom\u00e1n<\/strong><strong>Blas de Pe\u00f1as<\/strong><strong>Queru Blanco<\/strong><strong>Sergio S\u00e1nchez<\/strong><strong>Oti Garc\u00eda Pertusa<\/strong>,<strong> Berta Navarro<\/strong><strong>Mar\u00eda Angustias Oliveras<\/strong> o <strong>H\u00e9ctor Fern\u00e1ndez<\/strong>.<\/p>\n<p><img decoding=\"async\" src=\"https:\/\/www.europesays.com\/es\/wp-content\/uploads\/2025\/10\/079d73a1-6ea5-442b-b820-9dac767ceaa3_alta-libre-aspect-ratio_default_0.jpg\" width=\"1200\" height=\"900\" alt=\"Ruth Mart\u00ednez, Mari Carmen Rom\u00e1n, Ana Poquet y Bego\u00f1a Le\u00f3n.\" class=\"ft-helper-img-rd\" loading=\"lazy\" hasdataaida=\"true\"\/><\/p>\n<p class=\"ft-helper-fontColor-quaternary ft-helper-fontSize-body-S ft-helper-spacer-t-xxs\">Ruth Mart\u00ednez, Mari Carmen Rom\u00e1n, Ana Poquet y Bego\u00f1a Le\u00f3n.  \/ Pilar Cort\u00e9s \/ \u00a1<\/p>\n<p class=\"ft-text\">El libro estaba terminado hace dos a\u00f1os, pero la presentaci\u00f3n se retras\u00f3 por los problemas de salud de <strong>Sergio Campos<\/strong> (el compa\u00f1ero de vida de Nito) y su posterior fallecimiento. \u201cTuve que releerlo -confes\u00f3 Sanz- y realic\u00e9 una \u2018nube de palabras\u2019, una selecci\u00f3n de los comentarios y frases m\u00e1s importantes de la protagonista: con vocaci\u00f3n de servicio, un valor seguro, con paso firme, valerosa, predispuesta, capaz de priorizar lo ajeno, respetuosa, capaz de conjugar voluntades, emocionalmente inteligente, sencilla, cercana, comprometida, solidaria, resolutiva, imprescindible, accesible, sincera, transparente, carism\u00e1tica, vitalista, incombustible, cari\u00f1osa, discreta, elegante, entregada, disfrutona (risas entre el respetable), constante, inquieta, emprendedora, divertida, solidaria, emp\u00e1tica. Pero la que m\u00e1s se repite es generosa\u201d.<\/p>\n<p class=\"ft-text\">Sanz tambi\u00e9n quiso compartir algunas de las frases que m\u00e1s le hab\u00edan llamado la atenci\u00f3n: \u201cA de admirable, Apsa y Alicante. La mamma mediterr\u00e1nea. La \u00fanica imprescindible. Nunca arroja la toalla. La Dama de Hierro en su versi\u00f3n mejorada. La Preysler alicantina\u201d. Pero no todo puede ser bueno. En el libro se destaca un defecto importante de la protagonista: no sabe decir que no.<\/p>\n<p class=\"ft-text\">Mart\u00edn Sanz termin\u00f3 su intervenci\u00f3n con tres frases de personas que ya no est\u00e1n con nosotros. \u201cUn punto de luz\u201d (<strong>Manchi Bono<\/strong>). \u201cLa modestia personificada\u201d (<strong>Adri\u00e1n Dupuy<\/strong>) y la \u00faltima, de su marido <strong>Sergio Campos<\/strong>, una de las letan\u00edas del Santo Rosario, \u201cConsoladora de los afligidos\u201d.<\/p>\n<p class=\"ft-text\">Y lleg\u00f3 el turno de la protagonista. Nito asegur\u00f3 emocionada que \u201clo del libro no me lo pod\u00eda imaginar en la vida. He participado en otros encantada, pero que te lo hagan a ti te provoca un nudo en el est\u00f3mago\u201d. Palabras tambi\u00e9n de agradecimiento al alcalde (en tierras lejanas) que escribe las primeras palabras del libro; a Miguel L\u00f3pez, presidente del Club de Regatas \u201cporque el club me trae innumerables recuerdos; fue mi segunda casa cuando era joven. \u00a1Como pasa el tiempo\u2026!\u201d Y por supuesto a los que han participado con sus relatos y los que no han podido hacerlo por falta de espacio.<\/p>\n<p><img decoding=\"async\" src=\"https:\/\/www.europesays.com\/es\/wp-content\/uploads\/2025\/10\/343a38c6-ab47-4679-a0df-ed250022c657_alta-libre-aspect-ratio_default_0.jpg\" width=\"1200\" height=\"800\" alt=\"La terraza del Club de Regatas acogi\u00f3 la presentaci\u00f3n del libro.\" class=\"ft-helper-img-rd\" loading=\"lazy\" hasdataaida=\"true\"\/><\/p>\n<p class=\"ft-helper-fontColor-quaternary ft-helper-fontSize-body-S ft-helper-spacer-t-xxs\">La terraza del Club de Regatas acogi\u00f3 la presentaci\u00f3n del libro.  \/ Pilar Cort\u00e9s \/ PILAR CORTES<\/p>\n<p class=\"ft-text\">Sobre el libro, asegur\u00f3 que no sab\u00eda nada de nada. \u201cCosa rar\u00edsima que fuera un secreto. No me enter\u00e9 \u00a1y ya es dif\u00edcil en Alicante! S\u00f3lo en una ocasi\u00f3n Adri\u00e1n Dupuy llam\u00f3 a casa para preguntar por la salud de Sergio y me pregunt\u00f3 que c\u00f3mo iba mi libro. Cuando colg\u00f3 se lo coment\u00e9 a mi marido (que estaba en el secreto) y los dos coincidimos en que estaba empezando a perder la cabeza\u201d. Hace dos a\u00f1os, y con Sergio como gancho y para que estuviera presente en la sorpresa, se organiz\u00f3 un encuentro para entregarle el libro. \u201cCuando lo vi, fue de los d\u00edas m\u00e1s bonitos de mi vida. Sergio estaba feliz de haber participado en esto\u201d.<\/p>\n<p><img decoding=\"async\" src=\"https:\/\/www.europesays.com\/es\/wp-content\/uploads\/2025\/10\/5428ed53-b4a2-460e-ab25-b75ce482a681_alta-libre-aspect-ratio_default_0.jpg\" width=\"1200\" height=\"800\" alt=\"Asunci\u00f3n Vald\u00e9s y Emiliano Sanz, esperando la firma del libro.\" class=\"ft-helper-img-rd\" loading=\"lazy\" hasdataaida=\"true\"\/><\/p>\n<p class=\"ft-helper-fontColor-quaternary ft-helper-fontSize-body-S ft-helper-spacer-t-xxs\">Asunci\u00f3n Vald\u00e9s y Emiliano Sanz, esperando la firma del libro.  \/ Pilar Cort\u00e9s \/ PILAR CORTES<\/p>\n<p class=\"ft-text\">Dedic\u00f3 tambi\u00e9n unas palabras a Mart\u00edn Sanz. \u201cS\u00e9 la ilusi\u00f3n y cari\u00f1o que has puesto en este trabajo y todo el mundo est\u00e1 encantado de haber tratado contigo y, para que lo sepas, todas las mujeres me comentaban que \u00a1qu\u00e9 guapo!\u201d<\/p>\n<p class=\"ft-text\">Y, especialmente, quiso hablar de la asociaci\u00f3n que ha sido uno de los ejes de su vida. \u201cSi yo he dado algo a APSA, me lo ha devuelto con creces. Sab\u00e9is que sois mi segunda familia\u201d. Ya algunos hab\u00edan sacado disimuladamente un pa\u00f1uelo hac\u00eda un rato, pero algunos llegaron a llorar a moco tendido con las \u00faltimas palabras de Nito. \u201cQuiero deciros a todos que para m\u00ed sois imprescindibles; necesito vuestro cari\u00f1o. Gracias a Sergio, mi marido, con el que he recorrido la vida. Fue tan f\u00e1cil, nunca me puso una sola traba, contaba siempre con su apoyo. Y me dej\u00f3 lo que m\u00e1s quiero en la vida, mis hijos y nietos. As\u00ed que como dec\u00eda Chavela Vargas, \u201cgracias a la vida que me ha dado tanto\u201d. Un beso, Nito.<\/p>\n<p data-close=\"closedContent\" class=\"subscribeHideForDisplay\">Suscr\u00edbete para seguir leyendo<\/p>\n","protected":false},"excerpt":{"rendered":"Se ve\u00eda venir que las sillas no iban a ser suficientes y as\u00ed fue. M\u00e1s de cincuenta personas&hellip;\n","protected":false},"author":2,"featured_media":186589,"comment_status":"","ping_status":"","sticky":false,"template":"","format":"standard","meta":{"footnotes":""},"categories":[172],"tags":[35512,224,5615,1798,209,146,147,25,24,4108,225,52495,11392,166,23,42982],"class_list":{"0":"post-186588","1":"post","2":"type-post","3":"status-publish","4":"format-standard","5":"has-post-thumbnail","7":"category-libros","8":"tag-apellido","9":"tag-books","10":"tag-campos","11":"tag-club","12":"tag-cultura","13":"tag-entertainment","14":"tag-entretenimiento","15":"tag-es","16":"tag-espana","17":"tag-leon","18":"tag-libros","19":"tag-nito","20":"tag-regatas","21":"tag-salud","22":"tag-spain","23":"tag-valdes"},"share_on_mastodon":{"url":"","error":""},"_links":{"self":[{"href":"https:\/\/www.europesays.com\/es\/wp-json\/wp\/v2\/posts\/186588","targetHints":{"allow":["GET"]}}],"collection":[{"href":"https:\/\/www.europesays.com\/es\/wp-json\/wp\/v2\/posts"}],"about":[{"href":"https:\/\/www.europesays.com\/es\/wp-json\/wp\/v2\/types\/post"}],"author":[{"embeddable":true,"href":"https:\/\/www.europesays.com\/es\/wp-json\/wp\/v2\/users\/2"}],"replies":[{"embeddable":true,"href":"https:\/\/www.europesays.com\/es\/wp-json\/wp\/v2\/comments?post=186588"}],"version-history":[{"count":0,"href":"https:\/\/www.europesays.com\/es\/wp-json\/wp\/v2\/posts\/186588\/revisions"}],"wp:featuredmedia":[{"embeddable":true,"href":"https:\/\/www.europesays.com\/es\/wp-json\/wp\/v2\/media\/186589"}],"wp:attachment":[{"href":"https:\/\/www.europesays.com\/es\/wp-json\/wp\/v2\/media?parent=186588"}],"wp:term":[{"taxonomy":"category","embeddable":true,"href":"https:\/\/www.europesays.com\/es\/wp-json\/wp\/v2\/categories?post=186588"},{"taxonomy":"post_tag","embeddable":true,"href":"https:\/\/www.europesays.com\/es\/wp-json\/wp\/v2\/tags?post=186588"}],"curies":[{"name":"wp","href":"https:\/\/api.w.org\/{rel}","templated":true}]}}