{"id":186610,"date":"2025-10-19T07:00:07","date_gmt":"2025-10-19T07:00:07","guid":{"rendered":"https:\/\/www.europesays.com\/es\/186610\/"},"modified":"2025-10-19T07:00:07","modified_gmt":"2025-10-19T07:00:07","slug":"adrian-luna-de-la-ufc-formara-a-jovenes","status":"publish","type":"post","link":"https:\/\/www.europesays.com\/es\/186610\/","title":{"rendered":"Adri\u00e1n Luna, de la UFC, formar\u00e1 a j\u00f3venes"},"content":{"rendered":"<p class=\"paragraph \" id=\"m78-77-79\">Con la colaboraci\u00f3n de los hermanos Andres y Adri\u00e1n Luna Martinetti<strong>,<\/strong> dos referentes en de las artes marciales mixtas (MMA, por sus siglas en ingl\u00e9s) en el Ecuador, el cabildo guayaquile\u00f1o lanz\u00f3 el proyecto de <strong>Escuelas Municipales Gratuitas de Artes Marciales Mixtas<\/strong>, el cual busca masificar este deporte y proyectar a talentos a nivel internacional.<\/p>\n<p class=\"paragraph \" id=\"m83-82-84\">(Lea tambi\u00e9n:\u00a0<a href=\"https:\/\/www.extra.ec\/noticia\/guayaquil\/insolito-familia-secuestra-cirujano-y-exige-18-000-por-mala-practica-medica-139129.html\" target=\"_blank\" rel=\"nofollow noopener\">\u00a1Ins\u00f3lito! Familia secuestra a cirujano para exigir $ 18.000 por mala pr\u00e1ctica m\u00e9dica<\/a>)<\/p>\n<p class=\"paragraph \" id=\"m88-87-89\">\u201cEs un honor que est\u00e9n aqu\u00ed. Este proyecto no solo representa un auspicio para la carrera de Adri\u00e1n y Andr\u00e9s, sino que tambi\u00e9n marca el inicio de algo grande: vamos a tener academias de MMA en Guayaquil.<strong> En 2026 empezaremos con tres, y proyectamos abrir de tres a cinco academias anuales<\/strong>, hasta cubrir toda la ciudad con espacios de formaci\u00f3n\u201d, se\u00f1al\u00f3 el alcalde Aquiles \u00c1lvarez durante el acto de presentaci\u00f3n, realizado el pasad viernes 17 de octubre en el Municipio.<\/p>\n<p class=\"paragraph \" id=\"m93-92-94\">Durante el evento, el jefe municipal destac\u00f3 el gran momento deportivo que est\u00e1 viviendo<strong> <\/strong>Adri\u00e1n Luna, quien el 7 de Octubre consigui\u00f3 una victoria ante el ruso Mark Vologdin, gracias a lo cual ampli\u00f3 su r\u00e9cord a 17 victorias y una derrota y consigui\u00f3 un contrato en la <strong>UFC<\/strong>.<\/p>\n<p>Adri\u00e1n Lucha, luchador ecuatoriano de la UFC impartir\u00e1 conocimientos<\/p>\n<p class=\"paragraph \" id=\"m180-179-181\">\u201cEs un placer para m\u00ed ser quien motiva a los ni\u00f1os. Junto a mi hermano y mi familia tratamos de ser un ejemplo para ellos. S\u00e9 que hay muchas distracciones, pero el deporte es lo mejor que le puede pasar a una persona\u201d, afirm\u00f3 <strong>Adri\u00e1n Luna<\/strong>.<\/p>\n<p class=\"paragraph \" id=\"m185-184-186\">(Tambi\u00e9n le puede interesar:\u00a0<a href=\"https:\/\/www.extra.ec\/noticia\/guayaquil\/policia-verifica-supuesto-carro-bomba-en-el-norte-de-guayaquil-este-17-de-octubre-139111.html\" target=\"_blank\" rel=\"nofollow noopener\">Detonaci\u00f3n controlada tras supuesto explosivo en el norte de Guayaquil: \u00bfQu\u00e9 pas\u00f3?<\/a>)<\/p>\n<p class=\"paragraph \" id=\"m228-227-229\">El pasado 28 de abril, la Asociaci\u00f3n de Capitales Europeas del Deporte eligi\u00f3 a Guayaquil como <strong>Capital Americana del Deporte 2026<\/strong>.<\/p>\n<p class=\"paragraph \" id=\"m233-232-234\">Con esta iniciativa, el <strong>Cabildo busca fomentar el deporte como \u201cherramienta de transformaci\u00f3n social<\/strong>, ofreciendo espacios gratuitos, seguros y profesionales\u201d para desarrollar nuevos talentos.<\/p>\n<p class=\"paragraph \" id=\"m238-237-239\"><strong><a href=\"https:\/\/suscripcion.extra.ec\/\" target=\"_blank\" rel=\"nofollow noopener\">\u00bfQuieres acceder a todo el contenido de calidad sin l\u00edmites? \u00a1SUSCR\u00cdBETE AQU\u00cd!<\/a><\/strong><\/p>\n","protected":false},"excerpt":{"rendered":"Con la colaboraci\u00f3n de los hermanos Andres y Adri\u00e1n Luna Martinetti, dos referentes en de las artes marciales&hellip;\n","protected":false},"author":2,"featured_media":186611,"comment_status":"","ping_status":"","sticky":false,"template":"","format":"standard","meta":{"footnotes":""},"categories":[276],"tags":[47174,52502,168,25,52500,24,52499,23,167,343,52501],"class_list":{"0":"post-186610","1":"post","2":"type-post","3":"status-publish","4":"format-standard","5":"has-post-thumbnail","7":"category-ufc","8":"tag-adrian-luna-martinetti","9":"tag-aquiles-alvarez-municipio-de-guayaquil","10":"tag-deportes","11":"tag-es","12":"tag-escuelas-municipales-gratuitas","13":"tag-espana","14":"tag-guayaquil-mma","15":"tag-spain","16":"tag-sports","17":"tag-ufc","18":"tag-ufc-ecuador"},"share_on_mastodon":{"url":"","error":""},"_links":{"self":[{"href":"https:\/\/www.europesays.com\/es\/wp-json\/wp\/v2\/posts\/186610","targetHints":{"allow":["GET"]}}],"collection":[{"href":"https:\/\/www.europesays.com\/es\/wp-json\/wp\/v2\/posts"}],"about":[{"href":"https:\/\/www.europesays.com\/es\/wp-json\/wp\/v2\/types\/post"}],"author":[{"embeddable":true,"href":"https:\/\/www.europesays.com\/es\/wp-json\/wp\/v2\/users\/2"}],"replies":[{"embeddable":true,"href":"https:\/\/www.europesays.com\/es\/wp-json\/wp\/v2\/comments?post=186610"}],"version-history":[{"count":0,"href":"https:\/\/www.europesays.com\/es\/wp-json\/wp\/v2\/posts\/186610\/revisions"}],"wp:featuredmedia":[{"embeddable":true,"href":"https:\/\/www.europesays.com\/es\/wp-json\/wp\/v2\/media\/186611"}],"wp:attachment":[{"href":"https:\/\/www.europesays.com\/es\/wp-json\/wp\/v2\/media?parent=186610"}],"wp:term":[{"taxonomy":"category","embeddable":true,"href":"https:\/\/www.europesays.com\/es\/wp-json\/wp\/v2\/categories?post=186610"},{"taxonomy":"post_tag","embeddable":true,"href":"https:\/\/www.europesays.com\/es\/wp-json\/wp\/v2\/tags?post=186610"}],"curies":[{"name":"wp","href":"https:\/\/api.w.org\/{rel}","templated":true}]}}