{"id":186621,"date":"2025-10-19T07:08:12","date_gmt":"2025-10-19T07:08:12","guid":{"rendered":"https:\/\/www.europesays.com\/es\/186621\/"},"modified":"2025-10-19T07:08:12","modified_gmt":"2025-10-19T07:08:12","slug":"que-no-hable-castellano-perfecto-no-me-hace-sentir-menos-conectada-a-mi-pais","status":"publish","type":"post","link":"https:\/\/www.europesays.com\/es\/186621\/","title":{"rendered":"Que no hable castellano perfecto no me hace sentir menos conectada a mi pa\u00eds"},"content":{"rendered":"<p data-journey-content=\"true\" data-node-id=\"3\" class=\"body-dropcap css-1vn2egp emevuu60\">No hay un nombre m\u00e1s espa\u00f1ol que Carmen. Suena rotundo, y habla sin necesidad de palabras. Quiz\u00e1 por eso, cuando <strong data-node-id=\"3.1\">Antonio Banderas<\/strong> y <strong data-node-id=\"3.3\">Melanie Griffith<\/strong> tuvieron a su primera (y \u00fanica) hija en com\u00fan, no dudaron en poner en su pasaporte el sello m\u00e1s representativo de sus ra\u00edces ib\u00e9ricas. \u00ab<strong data-node-id=\"3.5\">Me encanta llamarme as\u00ed. Cuando pienso en Carmen, pienso en resiliencia, fuerza y empat\u00eda<\/strong>. Me evoca im\u00e1genes de un esp\u00edritu apasionado y una esencia poderosa que me encantar\u00eda personificar\u00bb, dice segura <strong data-node-id=\"3.7\">Stella del Carmen, Stella Banderas en su nombre art\u00edstico<\/strong>, al terminar esta sesi\u00f3n de fotos. Va vestida de <strong data-node-id=\"3.9\">Dior<\/strong> de pies a cabeza, marca de la que es amiga desde hace algunas temporadas, y a cuyo <strong data-node-id=\"3.11\">desfile de oto\u00f1o\/invierno 2024<\/strong> acudir\u00e1 en unas horas. \u00abDior es especial \u2014sentencia\u2014. Creo que mi primer recuerdo de la maison es cotilleando los armarios de mi madre y de mi abuela [<strong data-node-id=\"3.15\">Tippi Hedren<\/strong>]. Ella, mi &#8216;MorMor&#8217;, guarda en su casa toda su ropa y disfraces en lo que podr\u00edamos considerar un peque\u00f1o museo. Como su nieta, poder ver todo lo que atesora es muy especial\u00bb.<\/p>\n<p><img draggable=\"true\" alt=\"stella banderas sobre su familia y su futuro en sector audiovisual\" title=\"Stella banderas sobre su familia y su futuro en sector audiovisual\" loading=\"lazy\" width=\"1387\" height=\"1920\" decoding=\"async\" data-nimg=\"1\" style=\"color:transparent;width:100%;height:auto;\"   src=\"https:\/\/www.europesays.com\/es\/wp-content\/uploads\/2025\/10\/stella-harpers17196r-c2101-r2119363-6626248975a79.jpg\" class=\"css-0 e1g79fud0\"\/>\u00c1lvaro Gracia<\/p>\n<p>Stella luce vestida asim\u00e9trico de lana y algod\u00f3n, y tocado de lana con rejilla, todo de DIOR.<\/p>\n<p><img draggable=\"true\" alt=\"stella banderas sobre su familia y su futuro en sector audiovisual\" title=\"Stella banderas sobre su familia y su futuro en sector audiovisual\" loading=\"lazy\" width=\"1536\" height=\"1920\" decoding=\"async\" data-nimg=\"1\" style=\"color:transparent;width:100%;height:auto;\"   src=\"https:\/\/www.europesays.com\/es\/wp-content\/uploads\/2025\/10\/stella-harpers16958-copy-c2101-r2119364-6626250831367.jpg\" class=\"css-0 e1g79fud0\"\/><\/p>\n<p>\u00c1lvaro Gracia<\/p>\n<p data-journey-content=\"true\" data-node-id=\"7\" class=\"css-6wxqfj emevuu60\">Fruto de una de las relaciones m\u00e1s pasionales de Hollywood, naci\u00f3 en la costa malague\u00f1a, en <strong data-node-id=\"7.1\">Marbella<\/strong>, en 1996. Creci\u00f3 y estudi\u00f3 en <strong data-node-id=\"7.3\">Los \u00c1ngeles<\/strong>, con alg\u00fan que otro salto de charco al a\u00f1o para ver a su familia espa\u00f1ola, y eso inevitablemente hizo que sus arraigo americano fuera m\u00e1s notable. \u00abOjal\u00e1 hubiera podido ir tambi\u00e9n al colegio en Espa\u00f1a y pasar m\u00e1s tiempo all\u00ed de ni\u00f1a. Pero<strong data-node-id=\"7.5\"> el hecho de que no hable castellano perfecto o que s\u00f3lo pueda ir unas veces al a\u00f1o no me hace menos espa\u00f1ola ni me hace sentir menos conectada a mi pa\u00eds<\/strong>. Tengo mucha suerte de pertenecer a ambos lugares. Eso me ense\u00f1\u00f3 a adaptarme y un profundo aprecio por la diversidad\u00bb, explica. Es la ni\u00f1a de los ojos de su padre, y tiene una conexi\u00f3n muy especial con su madre. Su divorcio cuando ella ten\u00eda 17 a\u00f1os fue duro porque algo as\u00ed nunca es f\u00e1cil, menos a\u00fan a esa edad, pero admite que el v\u00ednculo que tienen los tres ha sido m\u00e1s fuerte que todo eso. \u00ab<strong data-node-id=\"7.7\">Se quieren mucho, y nunca han querido que su relaci\u00f3n nos afectara de forma negativa<\/strong>. Me siento muy orgullosa de tener una familia tan unida en la que todos nos queremos y nos respetamos\u00bb, concede.<\/p>\n<p><img draggable=\"true\" alt=\"stella banderas sobre su familia y su futuro en sector audiovisual\" title=\"Stella banderas sobre su familia y su futuro en sector audiovisual\" loading=\"lazy\" width=\"1536\" height=\"1920\" decoding=\"async\" data-nimg=\"1\" style=\"color:transparent;width:100%;height:auto;\"   src=\"https:\/\/www.europesays.com\/es\/wp-content\/uploads\/2025\/10\/stella-harpers17677-c2101-r2119365-6626253f1cfcf.jpg\" class=\"css-0 e1g79fud0\"\/>\u00c1lvaro Gracia<\/p>\n<p>Top asim\u00e9trico de algod\u00f3n, falda de lana con estampado Plan de Paris Givr\u00e9, y bolso Lady Dior y zapatos, ambos de piel, todo de DIOR.<\/p>\n<p><img draggable=\"true\" alt=\"stella banderas sobre su familia y su futuro en sector audiovisual\" title=\"Stella banderas sobre su familia y su futuro en sector audiovisual\" loading=\"lazy\" width=\"1536\" height=\"1920\" decoding=\"async\" data-nimg=\"1\" style=\"color:transparent;width:100%;height:auto;\"   src=\"https:\/\/www.europesays.com\/es\/wp-content\/uploads\/2025\/10\/stella-harpers17959-c2101-r2119366-6626257e312c7.jpg\" class=\"css-0 e1g79fud0\"\/>\u00c1lvaro Gracia<\/p>\n<p>Top y falda, ambos de guipur de algod\u00f3n, todo de DIOR. <\/p>\n<p><img draggable=\"true\" alt=\"stella banderas sobre su familia y su futuro en sector audiovisual\" title=\"Stella banderas sobre su familia y su futuro en sector audiovisual\" loading=\"lazy\" width=\"1536\" height=\"1920\" decoding=\"async\" data-nimg=\"1\" style=\"color:transparent;width:100%;height:auto;\"   src=\"https:\/\/www.europesays.com\/es\/wp-content\/uploads\/2025\/10\/stella-harpers18092-66262f7243309.jpg\" class=\"css-0 e1g79fud0\"\/>\u00c1lvaro Gracia<\/p>\n<p>Top y falda, ambos de guipur de algod\u00f3n, sujetador y culotte, ambos de algod\u00f3n, guantes y bolso Saddle, ambos de piel, todo de DIOR.<\/p>\n<p data-journey-content=\"true\" data-node-id=\"12\" class=\"css-6wxqfj emevuu60\">Su infancia fue la de una ni\u00f1a normal. O al menos as\u00ed lo quisieron sus padres, alej\u00e1ndola de los focos en la medida de lo posible, algo que, dice, agradece. \u00ab<strong data-node-id=\"12.1\">Nunca me ha interesado la parte m\u00e1s brillante de la industria, los eventos, los elogios o la fama que, para m\u00ed, en realidad, es precisamente la parte m\u00e1s oscura<\/strong>. Aunque admito que haber tenido la suerte de crecer rodeada de gente creativa e interesante tuvo un gran impacto en m\u00ed\u00bb, comparte. Pero no es habitual que tu abuela sea la protagonista de <strong data-node-id=\"12.3.0\">Marnie, la ladrona<\/strong> y las &#8216;batallitas&#8217; que te cuente antes de dormir sean las de sus rodajes con <strong data-node-id=\"12.5\">Hitchcock<\/strong>. \u00ab\u00a1Imag\u00ednate! Me costar\u00eda elegir s\u00f3lo una de sus historias. <strong data-node-id=\"12.7\">Ella trabaj\u00f3 en una \u00e9poca y en una industria tan diferentes a hoy<\/strong>, que la mayor\u00eda de sus experiencias me parecen \u00fanicas. Recuerdo c\u00f3mo me hablaba del rodaje de <strong data-node-id=\"12.9.0\">Los p\u00e1jaros<\/strong>, donde el empleo de animales reales en el set y la forma en la que lo hac\u00edan me impact\u00f3 much\u00edsimo\u00bb.<\/p>\n<p><img draggable=\"true\" alt=\"stella banderas sobre su familia y su futuro en sector audiovisual\" title=\"Stella banderas sobre su familia y su futuro en sector audiovisual\" loading=\"lazy\" width=\"1536\" height=\"1920\" decoding=\"async\" data-nimg=\"1\" style=\"color:transparent;width:100%;height:auto;\"   src=\"https:\/\/www.europesays.com\/es\/wp-content\/uploads\/2025\/10\/stella-harpers18120-c2101-r2119368-66262c74c5771.jpg\" class=\"css-0 e1g79fud0\"\/>\u00c1lvaro Gracia<\/p>\n<p>Top y falda, ambos de guipur de algod\u00f3n, sujetador y culotte, ambos de algod\u00f3n, y guantes de piel, todo de DIOR.<\/p>\n<p><img draggable=\"true\" alt=\"stella banderas sobre su familia y su futuro en sector audiovisual\" title=\"Stella banderas sobre su familia y su futuro en sector audiovisual\" loading=\"lazy\" width=\"1536\" height=\"1920\" decoding=\"async\" data-nimg=\"1\" style=\"color:transparent;width:100%;height:auto;\"   src=\"https:\/\/www.europesays.com\/es\/wp-content\/uploads\/2025\/10\/stella-harpers18142-copy-c2101-r2119369-66262ce59c4ef.jpg\" class=\"css-0 e1g79fud0\"\/><\/p>\n<p>\u00c1lvaro Gracia<\/p>\n<p data-journey-content=\"true\" data-node-id=\"17\" class=\"css-6wxqfj emevuu60\">De sus padres ha heredado mucho. <strong data-node-id=\"17.1\">De Antonio, \u00abmi sentido creativo y el entusiasmo por la vida\u00bb<\/strong>, como buenos malague\u00f1os; <strong data-node-id=\"17.3\">de Melanie, \u00aba interactuar con los dem\u00e1s desde el amor y la sensibilidad<\/strong>. Tiene un coraz\u00f3n enorme\u00bb. Pero sobre todo, de ambos, el gusto por lo audiovisual, aunque ella ha preferido decantarse por el otro lado de la c\u00e1mara, como directora. Ante el objetivo es t\u00edmida y comedida, por suerte se enfrenta a ello en ocasiones puntuales; pero detr\u00e1s ha encontrado su gran pasi\u00f3n. \u00ab<strong data-node-id=\"17.5\">He probado muchas cosas diferentes en distintos campos, pero lo \u00fanico a lo que he vuelto siempre es a dirigir<\/strong>. Desde ni\u00f1a hac\u00eda pel\u00edculas caseras con amigos y me pasaba el tiempo probando c\u00e1maras y editando peque\u00f1os clips\u00bb, dice. Admira a cineastas como <strong data-node-id=\"17.7\">Sofia Coppola, Hayao Miyazaki, Jane Campion, Charlotte Wells o Ruben \u00d6stlund<\/strong>, y disfruta mucho de contar historias a trav\u00e9s del formato anal\u00f3gico. Anda inmersa en piezas audiovisuales para distintas marcas y \u2014\u00bbcon suerte\u00bb, dice\u2014 empezar\u00e1 a rodar un corto pr\u00f3ximamente. A sus padres, por supuesto, ya les ha pedido consejo: \u00ab<strong data-node-id=\"17.9\">Me dicen que saber decir que &#8216;no&#8217; es parte de este trabajo<\/strong>, y tambi\u00e9n insisten mucho en la importancia de aprender los entresijos de otros departamentos que forman parte de este oficio\u00bb.<\/p>\n<p><img draggable=\"true\" alt=\"stella banderas sobre su familia y su futuro en sector audiovisual\" title=\"Stella banderas sobre su familia y su futuro en sector audiovisual\" loading=\"lazy\" width=\"1280\" height=\"1920\" decoding=\"async\" data-nimg=\"1\" style=\"color:transparent;width:100%;height:auto;\"   src=\"https:\/\/www.europesays.com\/es\/wp-content\/uploads\/2025\/10\/stella-harpers17737-c2101-r2119367-662625dd2447a.jpg\" class=\"css-0 e1g79fud0\"\/>\u00c1lvaro Gracia<\/p>\n<p>Abrigo de lino con bordados; vestido, sujetador y culotte, todo de red, y bolso Lady D\u2019Joy de piel con bordados, todo de DIOR.<\/p>\n<p><img draggable=\"true\" alt=\"stella banderas sobre su familia y su futuro en sector audiovisual\" title=\"Stella banderas sobre su familia y su futuro en sector audiovisual\" loading=\"lazy\" width=\"1536\" height=\"1920\" decoding=\"async\" data-nimg=\"1\" style=\"color:transparent;width:100%;height:auto;\"   src=\"https:\/\/www.europesays.com\/es\/wp-content\/uploads\/2025\/10\/stella-harpers17090-copy-6626265dc2b89.jpg\" class=\"css-0 e1g79fud0\"\/>\u00c1lvaro Gracia<\/p>\n<p>Stella luce vestido asim\u00e9trico de lana y algod\u00f3n, tocado de lana con rejilla, y botas de tac\u00f3n con detalles en perla, todo de DIOR.<\/p>\n<p><img draggable=\"true\" alt=\"stella banderas sobre su familia y su futuro en sector audiovisual\" title=\"Stella banderas sobre su familia y su futuro en sector audiovisual\" loading=\"lazy\" width=\"1920\" height=\"1280\" decoding=\"async\" data-nimg=\"1\" style=\"color:transparent;width:100%;height:auto;\"   src=\"https:\/\/www.europesays.com\/es\/wp-content\/uploads\/2025\/10\/stella-harpers17645-copy-66262e2b8510b.jpg\" class=\"css-0 e1g79fud0\"\/>\u00c1lvaro Gracia<\/p>\n<p>Top asim\u00e9trico de algod\u00f3n, falda de lana con estampado Plan de Paris Givr\u00e9, y bolso Lady Dior de piel, todo de DIOR.<\/p>\n<p data-journey-content=\"true\" data-node-id=\"22\" class=\"css-6wxqfj emevuu60\">Ha quedado a comer con su hermana Grace (hija de Don Johnson, exmarido de su madre, con la que comparte a <strong data-node-id=\"22.1\">Dakota Johnson<\/strong> como hermana). Y el desfile de Dior lo espera con grandes expectativas pues, dice, siempre consigue sorprenderla. \u00ab<strong data-node-id=\"22.3\">Me fascina la capacidad de Maria Grazia Chiuri para rendir homenaje al trabajo de otras mujeres<\/strong>, resaltando la colaboraci\u00f3n con artesanas y creadoras. Es un maravilloso recordatorio de que, a pesar de que dos personas vengan de lugares distintos, con distinta educaci\u00f3n, el arte puede ser una herramienta para conectar y colaborar\u00bb, explica. Despu\u00e9s volver\u00e1 a California, y en unas semanas saltar\u00e1 de nuevo a Europa, a Espa\u00f1a, a M\u00e1laga, para para pasar unos d\u00edas con su padre. \u00ab<strong data-node-id=\"22.5\">M\u00e1laga es fascinante. Me encanta visitar a mi familia y lanzarnos a las calles, a que me ense\u00f1en sitios nuevos<\/strong>. Me apasiona descubrir los secretos de una ciudad tan especial y m\u00e1gica como esta\u00bb.<\/p>\n<p><img draggable=\"true\" alt=\"stella banderas sobre su familia y su futuro en sector audiovisual\" title=\"Stella banderas sobre su familia y su futuro en sector audiovisual\" loading=\"lazy\" width=\"1280\" height=\"1920\" decoding=\"async\" data-nimg=\"1\" style=\"color:transparent;width:100%;height:auto;\"   src=\"https:\/\/www.europesays.com\/es\/wp-content\/uploads\/2025\/10\/stella-harpers17497-c2101-r2119370-66262ec644489.jpg\" class=\"css-0 e1g79fud0\"\/>\u00c1lvaro Gracia<\/p>\n<p>Vestido de encaje y culotte, ambos de seda, y sujetador de red, todo de DIOR.<\/p>\n<p><img draggable=\"true\" alt=\"stella banderas sobre su familia y su futuro en sector audiovisual\" title=\"Stella banderas sobre su familia y su futuro en sector audiovisual\" loading=\"lazy\" width=\"1536\" height=\"1920\" decoding=\"async\" data-nimg=\"1\" style=\"color:transparent;width:100%;height:auto;\"   src=\"https:\/\/www.europesays.com\/es\/wp-content\/uploads\/2025\/10\/stella-harpers17348-66262f2acef1e.jpg\" class=\"css-0 e1g79fud0\"\/>\u00c1lvaro Gracia<\/p>\n<p>Vestido de encaje y culotte, ambos de seda, y sujetador de red, todo de DIOR.<\/p>\n<p data-journey-content=\"true\" data-node-id=\"26\" class=\"body-tip css-fta0o3 emevuu60\">Peluquer\u00eda: John Nollet para Maison De Beaut\u00e9 Carita. Maquillaje: Dariia Day (Calliste). Producci\u00f3n: Beatriz Mart\u00ednez Velasco. Asistente de fotograf\u00eda: Alessandro Ferraioli.<\/p>\n","protected":false},"excerpt":{"rendered":"No hay un nombre m\u00e1s espa\u00f1ol que Carmen. Suena rotundo, y habla sin necesidad de palabras. Quiz\u00e1 por&hellip;\n","protected":false},"author":2,"featured_media":186622,"comment_status":"","ping_status":"","sticky":false,"template":"","format":"standard","meta":{"footnotes":""},"categories":[174],"tags":[255,253,146,147,25,24,256,23],"class_list":{"0":"post-186621","1":"post","2":"type-post","3":"status-publish","4":"format-standard","5":"has-post-thumbnail","7":"category-famosos","8":"tag-celebrities","9":"tag-discover","10":"tag-entertainment","11":"tag-entretenimiento","12":"tag-es","13":"tag-espana","14":"tag-famosos","15":"tag-spain"},"share_on_mastodon":{"url":"","error":""},"_links":{"self":[{"href":"https:\/\/www.europesays.com\/es\/wp-json\/wp\/v2\/posts\/186621","targetHints":{"allow":["GET"]}}],"collection":[{"href":"https:\/\/www.europesays.com\/es\/wp-json\/wp\/v2\/posts"}],"about":[{"href":"https:\/\/www.europesays.com\/es\/wp-json\/wp\/v2\/types\/post"}],"author":[{"embeddable":true,"href":"https:\/\/www.europesays.com\/es\/wp-json\/wp\/v2\/users\/2"}],"replies":[{"embeddable":true,"href":"https:\/\/www.europesays.com\/es\/wp-json\/wp\/v2\/comments?post=186621"}],"version-history":[{"count":0,"href":"https:\/\/www.europesays.com\/es\/wp-json\/wp\/v2\/posts\/186621\/revisions"}],"wp:featuredmedia":[{"embeddable":true,"href":"https:\/\/www.europesays.com\/es\/wp-json\/wp\/v2\/media\/186622"}],"wp:attachment":[{"href":"https:\/\/www.europesays.com\/es\/wp-json\/wp\/v2\/media?parent=186621"}],"wp:term":[{"taxonomy":"category","embeddable":true,"href":"https:\/\/www.europesays.com\/es\/wp-json\/wp\/v2\/categories?post=186621"},{"taxonomy":"post_tag","embeddable":true,"href":"https:\/\/www.europesays.com\/es\/wp-json\/wp\/v2\/tags?post=186621"}],"curies":[{"name":"wp","href":"https:\/\/api.w.org\/{rel}","templated":true}]}}