{"id":186625,"date":"2025-10-19T07:10:12","date_gmt":"2025-10-19T07:10:12","guid":{"rendered":"https:\/\/www.europesays.com\/es\/186625\/"},"modified":"2025-10-19T07:10:12","modified_gmt":"2025-10-19T07:10:12","slug":"un-repaso-sin-igual-al-mundo-de-la-competicion-del-ultimo-siglo","status":"publish","type":"post","link":"https:\/\/www.europesays.com\/es\/186625\/","title":{"rendered":"Un repaso sin igual al mundo de la competici\u00f3n del \u00faltimo siglo"},"content":{"rendered":"<p>De cara a las cada vez m\u00e1s cercanas Navidades 2025, la editorial francesa Marabout ha abierto la preventa de una de sus \u00faltimas novedades: <strong>El Gran Libro de las Motos<\/strong>. Una obra creada en colaboraci\u00f3n por tres profesionales del sector.<\/p>\n<p>Hablamos de <strong>Marc Cartier,<\/strong> periodista especializado en el <a href=\"https:\/\/soymotero.net\/competicion\/motogp\/\" rel=\"nofollow noopener\" target=\"_blank\">mundial de motociclismo<\/a>, <strong>Daryl Ramadier<\/strong>, periodista con larga trayectoria en deportes de motor y <strong>Thomas Morsellino<\/strong>, estad\u00edstico oficial de MotoGP. Tres personalidades de referencia, en esto de las dos ruedas y la competici\u00f3n a las que se les une Giacomo Agostini, encargado del pr\u00f3logo inicial.<\/p>\n<p><img fetchpriority=\"high\" decoding=\"async\" src=\"https:\/\/www.europesays.com\/es\/wp-content\/uploads\/2025\/10\/9782501181044-001-X-1_3_11zon.jpg\" alt=\"El Gran Libro de las Motos: Un repaso sin igual al mundo de la competici\u00f3n del \u00faltimo siglo\" width=\"1200\" height=\"800\"  \/><\/p>\n<p>\u00a0Abierta la preventa de \u201cEl Gran Libro de las Motos\u201d<\/p>\n<p>Desde las primeras competiciones hasta la gran historia de MotoGP, incluyendo las carreras Offroad, desde El Gran Libro de las Motos nos invitan a conocer de primera mano los pilotos y las m\u00e1quinas ic\u00f3nicas, las an\u00e9cdotas y los momentos de valent\u00eda que forjaron la leyenda de este deporte.<\/p>\n<p>Para ello, sus creadores han incluido a buena parte de la \u201cplana mayor\u201d del mundo de la moto de alta competici\u00f3n, con grandes campeones de diferentes \u00e9pocas como protagonistas principales de la historia: Stanley Woods, Leslie Graham, John Surtees, Mike Hailwood, Jeff Smith, Giacomo Agostini, Kenny Roberts, Barry Sheene, Freddie Spencer, Mick Doohan, Valentino Rossi, St\u00e9phane Peterhansel o Marc M\u00e1rquez, est\u00e1n entre ellos.<\/p>\n<p><img loading=\"lazy\" decoding=\"async\" src=\"https:\/\/www.europesays.com\/es\/wp-content\/uploads\/2025\/10\/1299762-001-C_2_11zon.jpg\" alt=\"El Gran Libro de las Motos: Un repaso El Gran Libro de las Motos: Un repaso sin igual al mundo de la competici\u00f3n del \u00faltimo siglo\" width=\"1209\" height=\"800\"  \/><\/p>\n<p>Tambi\u00e9n las motos m\u00e1s legendarias de ayer y de hoy, incluyendo la AJS Porcupine, Gilera 4, MV Agusta y Suzuki XR14 500. No pod\u00edan faltar a esta cita con la historia las ic\u00f3nicas Yamaha YZR 500, Honda NSR 500 o Ducati Desmosedici GP, pertenecientes a los \u00faltimos compases del pasado siglo y principios de este.<\/p>\n<p>Caracter\u00edsticas principales de El Gran Libro de las Motos<\/p>\n<ul>\n<li>Autor: Michel Cartier, Tom\u00e1s Morsellino y Daryl Ramadier<\/li>\n<li>Prefacio: Giacomo Agostini<\/li>\n<li>N\u00famero de p\u00e1ginas: 288<\/li>\n<li>Formato: 245 mm x 340 mm<\/li>\n<li>Fecha de lanzamiento: 05\/11\/2025<\/li>\n<li>Precio del formato de papel: 42 euros<\/li>\n<\/ul>\n<p>Para m\u00e1s informaci\u00f3n y detalles pod\u00e9is entrar en la <a href=\"https:\/\/www.marabout.com\/auteur\/thomas-morsellino\/\" rel=\"nofollow noopener\" target=\"_blank\">web oficial de la editorial francesa Marabout.<\/a><\/p>\n","protected":false},"excerpt":{"rendered":"De cara a las cada vez m\u00e1s cercanas Navidades 2025, la editorial francesa Marabout ha abierto la preventa&hellip;\n","protected":false},"author":2,"featured_media":186626,"comment_status":"","ping_status":"","sticky":false,"template":"","format":"standard","meta":{"footnotes":""},"categories":[172],"tags":[224,146,147,25,24,225,23],"class_list":{"0":"post-186625","1":"post","2":"type-post","3":"status-publish","4":"format-standard","5":"has-post-thumbnail","7":"category-libros","8":"tag-books","9":"tag-entertainment","10":"tag-entretenimiento","11":"tag-es","12":"tag-espana","13":"tag-libros","14":"tag-spain"},"share_on_mastodon":{"url":"","error":""},"_links":{"self":[{"href":"https:\/\/www.europesays.com\/es\/wp-json\/wp\/v2\/posts\/186625","targetHints":{"allow":["GET"]}}],"collection":[{"href":"https:\/\/www.europesays.com\/es\/wp-json\/wp\/v2\/posts"}],"about":[{"href":"https:\/\/www.europesays.com\/es\/wp-json\/wp\/v2\/types\/post"}],"author":[{"embeddable":true,"href":"https:\/\/www.europesays.com\/es\/wp-json\/wp\/v2\/users\/2"}],"replies":[{"embeddable":true,"href":"https:\/\/www.europesays.com\/es\/wp-json\/wp\/v2\/comments?post=186625"}],"version-history":[{"count":0,"href":"https:\/\/www.europesays.com\/es\/wp-json\/wp\/v2\/posts\/186625\/revisions"}],"wp:featuredmedia":[{"embeddable":true,"href":"https:\/\/www.europesays.com\/es\/wp-json\/wp\/v2\/media\/186626"}],"wp:attachment":[{"href":"https:\/\/www.europesays.com\/es\/wp-json\/wp\/v2\/media?parent=186625"}],"wp:term":[{"taxonomy":"category","embeddable":true,"href":"https:\/\/www.europesays.com\/es\/wp-json\/wp\/v2\/categories?post=186625"},{"taxonomy":"post_tag","embeddable":true,"href":"https:\/\/www.europesays.com\/es\/wp-json\/wp\/v2\/tags?post=186625"}],"curies":[{"name":"wp","href":"https:\/\/api.w.org\/{rel}","templated":true}]}}