{"id":186627,"date":"2025-10-19T07:11:23","date_gmt":"2025-10-19T07:11:23","guid":{"rendered":"https:\/\/www.europesays.com\/es\/186627\/"},"modified":"2025-10-19T07:11:23","modified_gmt":"2025-10-19T07:11:23","slug":"el-hormiguero-logra-su-mayor-distancia-en-audiencias-frente-a-la-revuelta","status":"publish","type":"post","link":"https:\/\/www.europesays.com\/es\/186627\/","title":{"rendered":"&#8216;El Hormiguero&#8217; logra su mayor distancia en audiencias frente a &#8216;La Revuelta&#8217;"},"content":{"rendered":"<p class=\"paragraph\" id=\"paragraph_1\"><a href=\"https:\/\/www.elespanol.com\/bluper\/20251001\/hormiguero-impone-revuelta-primer-asalto-curso-datos-confirman-exito-motos-septiembre\/1003743949586_0.html?utm_cmp_rs=linksinline\" rel=\"nofollow noopener\" target=\"_blank\"><strong>El Hormiguero de Pablo Motos vuelve a sacar m\u00fasculo en los aud\u00edmetros.<\/strong><\/a> El programa de Antena 3 ha cerrado la semana por todo lo alto, al conseguir su <strong>mayor ventaja de lo que llevamos de temporada frente a La Revuelta<\/strong> de David Broncano.<\/p>\n<p class=\"paragraph\" id=\"paragraph_2\">Lo hizo este jueves, tras recibir a Leiva. Si bien, <strong>la expectaci\u00f3n estaba en Juan del Val<\/strong>, flamante ganador del Premio Planeta por Vera, una historia de amor. El escritor no falt\u00f3 a su cita semanal en la tertulia junto a su mujer, Nuria Roca, Tamara Falc\u00f3 y Cristina Pardo, para celebrar su hist\u00f3rico triunfo literario.<\/p>\n<p class=\"paragraph\" id=\"paragraph_3\"><strong>El Hormiguero fue lo m\u00e1s visto del d\u00eda al registrar un 17,6% de share y 2.078.000 espectadores.<\/strong> Se trata de su cuarto mejor dato de curso. Y <strong>La Revuelta<\/strong> se qued\u00f3 muy por detr\u00e1s, tanto en share como en promedio, al firmar un <strong>11,7% y 1.377.000.<\/strong><\/p>\n<p><img loading=\"lazy\" decoding=\"async\" alt=\"Orestes Barbero y Manu Pascual en \u2018Pasapalabra\u2019.\" height=\"180\" src=\"https:\/\/www.europesays.com\/es\/wp-content\/uploads\/2025\/10\/1003743972960_259407024_320x180.jpg\" width=\"320\" data-lazy-status=\"processed\" data-lazy-info=\"remove loading item 1\"\/><\/p>\n<p class=\"paragraph\" id=\"paragraph_4\">Por lo tanto, <strong>Motos aventaj\u00f3 a Broncano en 5,9 puntos.<\/strong> En cuanto a la franja de coincidencia (21:55 a 23:14), El Hormiguero tambi\u00e9n gan\u00f3 por 5,7 puntos.<\/p>\n<p class=\"paragraph\" id=\"paragraph_5\">Hay que rese\u00f1ar que al espacio de La 1 acudi\u00f3 la actriz Andrea Duro como invitada, aunque tambi\u00e9n cont\u00f3 con la <a href=\"https:\/\/www.elespanol.com\/bluper\/20251017\/pedro-sanchez-responde-broma-revuelta-recibe-peticion-haga-vivienda-sin-chistes\/1003743973224_0.html?utm_cmp_rs=linksinline\" rel=\"nofollow noopener\" target=\"_blank\">sorprendente aparici\u00f3n de Pedro S\u00e1nchez<\/a>, que se col\u00f3 en un v\u00eddeo para responder a la petici\u00f3n que hab\u00eda hecho el d\u00eda anterior Jorge Ponce.<\/p>\n<p class=\"paragraph\" id=\"paragraph_6\">Esta tendencia confirma que<strong> El Hormiguero ha recuperado el control del access<\/strong> tras varias jornadas de m\u00e1xima igualdad y donde Broncano lleg\u00f3 a imponese. Lo hace en una semana en la que ha tenido que competir contra el f\u00fatbol. El martes, aguant\u00f3 muy bien el empuje de la Selecci\u00f3n (30,1%) con Susanna Griso (14,9%).\u00a0<\/p>\n<p class=\"paragraph\" id=\"paragraph_7\">El programa de 7yacci\u00f3n firma la mejor semana desde la primera del curso, <strong>subiendo 1,6 puntos respecto a la anterior<\/strong>. La Revuelta, por su parte, baja siete d\u00e9cimas.<\/p>\n<p>Vuelve Isabel Presyler<\/p>\n<p class=\"paragraph\" id=\"paragraph_8\">Para la semana que viene, El Hormiguero ya tiene preparado varios bombazos. La visita m\u00e1s destacada es la de <strong>Isabel Presyler<\/strong> el pr\u00f3ximo jueves 23. La arist\u00f3crata, que se reunir\u00e1 con su hija Tamara una vez m\u00e1s en el plat\u00f3 de las hormigas, hablar\u00e1 de sus esperad\u00edsimas memorias que llevan por t\u00edtulo Mi verdadera historia.<\/p>\n<p class=\"paragraph\" id=\"paragraph_9\"><strong>Luis de la Fuente<\/strong>, seleccionador nacional del equipo masculino de f\u00fatbol, visitar\u00e1 a Pablo Motos el lunes 29 para celebrar la mejor marca de imbatibilidad al sumar 29 consecutivos sin perder.<\/p>\n<p class=\"paragraph\" id=\"paragraph_10\">El martes 21, turno para <strong>Taburete<\/strong>. Willy B\u00e1rcenas y Ant\u00f3n Carre\u00f1o presentar\u00e1n su sexto disco de estudio, El perro que fuma.<\/p>\n<p class=\"paragraph\" id=\"paragraph_11\">Y el mi\u00e9rcoles 22, los actores <strong>Blanca Su\u00e1rez y Manu R\u00edos<\/strong> promocionar\u00e1n la segunda temporada de la serie de Netflix Respira.<\/p>\n","protected":false},"excerpt":{"rendered":"El Hormiguero de Pablo Motos vuelve a sacar m\u00fasculo en los aud\u00edmetros. El programa de Antena 3 ha&hellip;\n","protected":false},"author":2,"featured_media":186628,"comment_status":"","ping_status":"","sticky":false,"template":"","format":"standard","meta":{"footnotes":""},"categories":[171],"tags":[1535,146,147,25,24,23,807,214],"class_list":{"0":"post-186627","1":"post","2":"type-post","3":"status-publish","4":"format-standard","5":"has-post-thumbnail","7":"category-tv","8":"tag-bluper","9":"tag-entertainment","10":"tag-entretenimiento","11":"tag-es","12":"tag-espana","13":"tag-spain","14":"tag-television","15":"tag-tv"},"share_on_mastodon":{"url":"","error":""},"_links":{"self":[{"href":"https:\/\/www.europesays.com\/es\/wp-json\/wp\/v2\/posts\/186627","targetHints":{"allow":["GET"]}}],"collection":[{"href":"https:\/\/www.europesays.com\/es\/wp-json\/wp\/v2\/posts"}],"about":[{"href":"https:\/\/www.europesays.com\/es\/wp-json\/wp\/v2\/types\/post"}],"author":[{"embeddable":true,"href":"https:\/\/www.europesays.com\/es\/wp-json\/wp\/v2\/users\/2"}],"replies":[{"embeddable":true,"href":"https:\/\/www.europesays.com\/es\/wp-json\/wp\/v2\/comments?post=186627"}],"version-history":[{"count":0,"href":"https:\/\/www.europesays.com\/es\/wp-json\/wp\/v2\/posts\/186627\/revisions"}],"wp:featuredmedia":[{"embeddable":true,"href":"https:\/\/www.europesays.com\/es\/wp-json\/wp\/v2\/media\/186628"}],"wp:attachment":[{"href":"https:\/\/www.europesays.com\/es\/wp-json\/wp\/v2\/media?parent=186627"}],"wp:term":[{"taxonomy":"category","embeddable":true,"href":"https:\/\/www.europesays.com\/es\/wp-json\/wp\/v2\/categories?post=186627"},{"taxonomy":"post_tag","embeddable":true,"href":"https:\/\/www.europesays.com\/es\/wp-json\/wp\/v2\/tags?post=186627"}],"curies":[{"name":"wp","href":"https:\/\/api.w.org\/{rel}","templated":true}]}}