{"id":186636,"date":"2025-10-19T07:19:07","date_gmt":"2025-10-19T07:19:07","guid":{"rendered":"https:\/\/www.europesays.com\/es\/186636\/"},"modified":"2025-10-19T07:19:07","modified_gmt":"2025-10-19T07:19:07","slug":"tuto-quiroga-un-liberal-que-busca-revancha-en-bolivia","status":"publish","type":"post","link":"https:\/\/www.europesays.com\/es\/186636\/","title":{"rendered":"Tuto Quiroga, un liberal que busca revancha en Bolivia"},"content":{"rendered":"<p class=\"\">Jorge Tuto Quiroga (Cochabamba, 65 a\u00f1os) ya ocup\u00f3 la silla presidencial de Bolivia entre 2001 y 2002. Asumi\u00f3 tras la renuncia por motivos de salud del mandatario Hugo Banzer, de quien era vicepresidente. Desde entonces, ha intentado volver al Ejecutivo, sin \u00e9xito, en dos ocasiones. La elecci\u00f3n de este domingo podr\u00eda ser la vencida, seg\u00fan lo perfilan las encuestas. Su radical oposici\u00f3n al Movimiento Al Socialismo (MAS) y a su principal l\u00edder, Evo Morales, por m\u00e1s de 20 <a href=\"https:\/\/elpais.com\/opinion\/2025-08-19\/bolivia-entierra-la-era-morales.html\" target=\"_self\" rel=\"nofollow noopener\" title=\"https:\/\/elpais.com\/opinion\/2025-08-19\/bolivia-entierra-la-era-morales.html\">a\u00f1os ha calado en un electorado <\/a>harto con ese partido, al que Tuto Quiroga culpa de la crisis econ\u00f3mica, las largas filas para conseguir combustible y la subida de precios.<\/p>\n<p>M\u00e1s informaci\u00f3n<\/p>\n<p class=\"\">Tuto \u2014apodo que recibi\u00f3 desde peque\u00f1o por sus padres y que hoy es su segundo nombre\u2014 es descrito por el c\u00edrculo de ingenieros y empresarios que lo rodean como \u201cinteligente, elocuente y tecn\u00f3crata\u201d. As\u00ed lo cuenta quien fue su viceministro de Descentralizaci\u00f3n y analista pol\u00edtico, Diego Ayo: \u201cEra el ni\u00f1o que sacaba las mejores notas, el orgullo de mam\u00e1. El t\u00edpico criollo blanco boliviano\u201d. <a href=\"https:\/\/elpais.com\/america\/2025-08-18\/jorge-tuto-quiroga-un-tecnocrata-con-experiencia-que-busca-volver-a-la-cima-del-poder-en-bolivia.html\" target=\"_self\" rel=\"nofollow noopener\" title=\"https:\/\/elpais.com\/america\/2025-08-18\/jorge-tuto-quiroga-un-tecnocrata-con-experiencia-que-busca-volver-a-la-cima-del-poder-en-bolivia.html\">El candidato de la derecha conservadora<\/a> se form\u00f3 en Estados Unidos, primero como ingeniero industrial en la Universidad Texas A&amp;M y despu\u00e9s como mag\u00edster en Administraci\u00f3n de Empresas en la Universidad St. Edwards.<\/p>\n<p class=\"\">Quiroga recuerda a EL PA\u00cdS c\u00f3mo en esos a\u00f1os \u201cera goleador en la universidad entre gringos que no sab\u00edan jugar\u201d. Es un admirador del f\u00fatbol \u2014tiene al argentino Beto Alonso como h\u00e9roe\u2014 y adem\u00e1s le gusta escalar; dice haber subido numerosas veces al Illimani y trotar por las ma\u00f1anas. En las entrevistas suele incluir an\u00e9cdotas personales o contar la historia de alg\u00fan familiar. Ese perfil entre carism\u00e1tico y t\u00e9cnico lo ha mantenido al frente de la pol\u00edtica de derecha del pa\u00eds, pero su deseo de volver al Palacio Quemado se posterg\u00f3 constantemente. En 2005 y 2014 cay\u00f3 derrotado ante Evo Morales y en 2020 baj\u00f3 su candidatura semanas antes de las elecciones que ganar\u00eda <a href=\"https:\/\/elpais.com\/america\/2025-10-15\/rodrigo-paz-amenaza-con-enjuiciar-al-presidente-arce-en-el-cierre-de-campana-en-bolivia.html\" target=\"_self\" rel=\"nofollow noopener\" title=\"https:\/\/elpais.com\/america\/2025-10-15\/rodrigo-paz-amenaza-con-enjuiciar-al-presidente-arce-en-el-cierre-de-campana-en-bolivia.html\">Luis Arce, el actual mandatario<\/a>.<\/p>\n<p class=\"\">El expresidente se disputar\u00e1 la segunda vuelta con Rodrigo Paz, del Partido Dem\u00f3crata Cristina. La posibilidad de retornar a la presidencia no hab\u00eda estado tan cerca como ahora, impulsado por <a href=\"https:\/\/elpais.com\/america\/2025-10-17\/bolivia-ante-el-reto-de-un-nuevo-modelo-de-desarrollo-sin-gas.html\" target=\"_self\" rel=\"nofollow noopener\" title=\"https:\/\/elpais.com\/america\/2025-10-17\/bolivia-ante-el-reto-de-un-nuevo-modelo-de-desarrollo-sin-gas.html\">el contexto econ\u00f3mico<\/a>. Despu\u00e9s de situarse como uno de los pa\u00edses de la regi\u00f3n con mayor crecimiento del PIB gracias al proyecto de nacionalizaci\u00f3n del gas que capitaliz\u00f3 el MAS, Bolivia ahora sufre una inflaci\u00f3n acumulada de 15,53% en el primer semestre. Se redujo la producci\u00f3n de hidrocarburos y los d\u00f3lares comenzaron a escasear. La poblaci\u00f3n mir\u00f3 entonces hacia la opci\u00f3n m\u00e1s radical a ese modelo econ\u00f3mico, contraria al socialismo y que representara el \u201cantimasismo\u201d, comenta Ayo.<\/p>\n<p class=\"\">\u201cFrente a esta situaci\u00f3n de anomia, un tipo con posiciones tan seguras termina siendo seductor. Adem\u00e1s, es un hombre totalmente adverso, hasta personalmente, a Evo\u201d. Tuto comenz\u00f3 su cruzada contra Morales desde que era presidente, tras dise\u00f1ar <a href=\"https:\/\/elpais.com\/america\/2025-10-16\/tuto-quiroga-se-lanza-por-el-voto-andino-en-su-cierre-de-campana-en-la-paz.html\" target=\"_self\" rel=\"nofollow noopener\" title=\"https:\/\/elpais.com\/america\/2025-10-16\/tuto-quiroga-se-lanza-por-el-voto-andino-en-su-cierre-de-campana-en-la-paz.html\">un plan de erradicaci\u00f3n forzosa de coca en el Chapare<\/a>, basti\u00f3n del exmandatario cocalero. Los enfrentamientos entre los due\u00f1os de los cocales y el Gobierno terminaron con varios muertos. \u201cAplicar\u00e9 la ley contra todas las personas en cada cent\u00edmetro cuadrado\u201d, dijo Tuto a este medio sobre si surgiera un nuevo conflicto con este sector.<\/p>\n<p class=\"\">Quiroga se introdujo en la pol\u00edtica poco despu\u00e9s de su retorno a Bolivia desde Estados Unidos, en 1988. Ingres\u00f3 a Acci\u00f3n Democr\u00e1tica Nacional (ADN), partido con el que el exdictador militar Banzer lleg\u00f3 al poder democr\u00e1ticamente en 1997. Despu\u00e9s de ser ministro de Finanzas en 1992 y ocupar un par de secretar\u00edas, el exgeneral valor\u00f3 en el ingeniero su formaci\u00f3n econ\u00f3mica ortodoxa y su perfil t\u00e9cnico, alejado de la pol\u00edtica tradicional, y los escogi\u00f3 como vicepresidente. Tuto se convirti\u00f3 as\u00ed en la persona m\u00e1s joven en asumir ese cargo, con 37 a\u00f1os.<\/p>\n<p class=\"\">Como segundo al mando y luego como jefe de Estado, implement\u00f3 medidas como abrir el mercado de textiler\u00eda y joyer\u00eda boliviana a Estados Unidos o institucionalizar el servicio de impuestos y algunos ministerios. Del otro lado, termin\u00f3 el a\u00f1o 2002 con una inflaci\u00f3n de 8,8 %, la m\u00e1s alta registrada desde 1985. Otro aspecto conflictivo fue su rigidez a la hora de combatir las manifestaciones, principalmente las del sector cocalero, con represiones militares y policiales. La situaci\u00f3n lo llev\u00f3 a respaldar la expulsi\u00f3n de Morales del Congreso en 2002, acusado de incitar las protestas.<\/p>\n<p class=\"\">El duelo personal alcanza ahora un nuevo cap\u00edtulo. Morales est\u00e1 refugiado en el Chapare desde que se emiti\u00f3 una orden de aprehensi\u00f3n en su contra por no presentarse a declarar por un presunto caso de trata de personas. Tuto tiene clara su postura si llega a la presidencia: \u201cEl Gobierno tiene la obligaci\u00f3n de ejecutar una orden de aprehensi\u00f3n cuando ya existe\u201d.<\/p>\n<p class=\"\"><a href=\"https:\/\/elpais.com\/america\/2025-10-17\/las-propuestas-de-jorge-tuto-quiroga-el-expresidente-que-busca-un-nuevo-mandato-en-bolivia.html\" target=\"_self\" rel=\"nofollow noopener\" title=\"https:\/\/elpais.com\/america\/2025-10-17\/las-propuestas-de-jorge-tuto-quiroga-el-expresidente-que-busca-un-nuevo-mandato-en-bolivia.html\">En cuanto al plan econ\u00f3mico de Tuto<\/a>, responde a sus principios de libre mercado y achique del Estado. \u201cAbr\u00ed el mercado con EEUU y lo volver\u00e9 a hacer. Quiero relaciones con EEUU, Europa, China, Corea del Sur. Con Venezuela, Cuba y Nicaragua, democracia y libertad. Con todo el resto las mejores relaciones\u201d. Promete como proyecto insignia la inyecci\u00f3n de 12.000 millones de d\u00f3lares a trav\u00e9s del Fondo Monetario Internacional (FMI), haciendo valer su experiencia en instituciones como la Corporaci\u00f3n Andina de Fomento o el Banco Mundial.<\/p>\n<p class=\"\">Cuando es cuestionado sobre el amargo ensayo de este programa en otros pa\u00edses de la regi\u00f3n, argumenta: \u201cConozco muy bien <a href=\"https:\/\/elpais.com\/argentina\/2025-07-25\/el-fmi-anuncia-un-acuerdo-tecnico-con-argentina-para-desembolsar-otros-2000-millones-de-dolares.html\" target=\"_self\" rel=\"nofollow noopener\" title=\"https:\/\/elpais.com\/argentina\/2025-07-25\/el-fmi-anuncia-un-acuerdo-tecnico-con-argentina-para-desembolsar-otros-2000-millones-de-dolares.html\">la experiencia traum\u00e1tica de Argentina<\/a>, pero tambi\u00e9n conozco las historias de estabilizaci\u00f3n, empezando por el Brasil de los noventa y las que yo he vivido. Mi nivel de credibilidad es totalmente diferente, al igual que nuestra situaci\u00f3n con la Argentina\u201d. Los reajustes agresivos en gasto p\u00fablico, sobre todo en una econom\u00eda d\u00e9bil, suelen profundizar la ca\u00edda. Sin embargo, para el ingeniero la parte dolorosa ya est\u00e1 pasando en Bolivia: \u201cVivir cuatro d\u00edas en tu flota haciendo fila para conseguir combustible, dejar de estudiar o trabajar porque tienes que estar en la cola, que no te alcance el dinero en el bolsillo para hacer el mercado. Eso es lo doloroso\u201d.<\/p>\n","protected":false},"excerpt":{"rendered":"Jorge Tuto Quiroga (Cochabamba, 65 a\u00f1os) ya ocup\u00f3 la silla presidencial de Bolivia entre 2001 y 2002. Asumi\u00f3&hellip;\n","protected":false},"author":2,"featured_media":186637,"comment_status":"","ping_status":"","sticky":false,"template":"","format":"standard","meta":{"footnotes":""},"categories":[42],"tags":[889,8997,17,18,9827,4374,20567,20568,13,14,11,52504,61,62,63,64,20571,19,20,1804,52503,9,10,15,16,25600,12,21,22,65,66,67],"class_list":{"0":"post-186636","1":"post","2":"type-post","3":"status-publish","4":"format-standard","5":"has-post-thumbnail","7":"category-internacional","8":"tag-america","9":"tag-bolivia","10":"tag-breaking-news","11":"tag-breakingnews","12":"tag-crisis-economica","13":"tag-elecciones","14":"tag-elecciones-bolivia","15":"tag-evo-morales","16":"tag-featured-news","17":"tag-featurednews","18":"tag-headlines","19":"tag-hugo-banzer","20":"tag-internacional","21":"tag-international","22":"tag-international-news","23":"tag-internationalnews","24":"tag-jorge-f-quiroga","25":"tag-latest-news","26":"tag-latestnews","27":"tag-latinoamerica","28":"tag-liberalismo-politico","29":"tag-news","30":"tag-noticias","31":"tag-noticias-destacadas","32":"tag-noticiasdestacadas","33":"tag-rodrigo-paz-pereira","34":"tag-titulares","35":"tag-ultimas-noticias","36":"tag-ultimasnoticias","37":"tag-world","38":"tag-world-news","39":"tag-worldnews"},"share_on_mastodon":{"url":"","error":""},"_links":{"self":[{"href":"https:\/\/www.europesays.com\/es\/wp-json\/wp\/v2\/posts\/186636","targetHints":{"allow":["GET"]}}],"collection":[{"href":"https:\/\/www.europesays.com\/es\/wp-json\/wp\/v2\/posts"}],"about":[{"href":"https:\/\/www.europesays.com\/es\/wp-json\/wp\/v2\/types\/post"}],"author":[{"embeddable":true,"href":"https:\/\/www.europesays.com\/es\/wp-json\/wp\/v2\/users\/2"}],"replies":[{"embeddable":true,"href":"https:\/\/www.europesays.com\/es\/wp-json\/wp\/v2\/comments?post=186636"}],"version-history":[{"count":0,"href":"https:\/\/www.europesays.com\/es\/wp-json\/wp\/v2\/posts\/186636\/revisions"}],"wp:featuredmedia":[{"embeddable":true,"href":"https:\/\/www.europesays.com\/es\/wp-json\/wp\/v2\/media\/186637"}],"wp:attachment":[{"href":"https:\/\/www.europesays.com\/es\/wp-json\/wp\/v2\/media?parent=186636"}],"wp:term":[{"taxonomy":"category","embeddable":true,"href":"https:\/\/www.europesays.com\/es\/wp-json\/wp\/v2\/categories?post=186636"},{"taxonomy":"post_tag","embeddable":true,"href":"https:\/\/www.europesays.com\/es\/wp-json\/wp\/v2\/tags?post=186636"}],"curies":[{"name":"wp","href":"https:\/\/api.w.org\/{rel}","templated":true}]}}