{"id":186638,"date":"2025-10-19T07:20:10","date_gmt":"2025-10-19T07:20:10","guid":{"rendered":"https:\/\/www.europesays.com\/es\/186638\/"},"modified":"2025-10-19T07:20:10","modified_gmt":"2025-10-19T07:20:10","slug":"la-guerra-abierta-entre-la-rae-y-el-instituto-cervantes-que-pasa-entre-garcia-montero-y-munoz-machado-el-pais-expres","status":"publish","type":"post","link":"https:\/\/www.europesays.com\/es\/186638\/","title":{"rendered":"La guerra abierta entre la RAE y el Instituto Cervantes: \u00bfqu\u00e9 pasa entre Garc\u00eda Montero y Mu\u00f1oz Machado? | El PA\u00cdS Expr\u00e9s"},"content":{"rendered":"<p><img fetchpriority=\"high\" decoding=\"auto\" class=\"_re  a_m-h\" height=\"414\"  width=\"414\"  src=\"https:\/\/www.europesays.com\/es\/wp-content\/uploads\/2025\/10\/52VYAPBGVNCEVEK4GE4JQMQBXQ.jpg\" loading=\"eager\"\/>MADRID, 10\/06\/2025.- El director de la Real Academia de la Lengua Espa\u00f1ola, Santiago Mu\u00f1oz Machado (3i), el director del Instituto Cervantes, Luis Garc\u00eda Montero (4d), entre otros participan en la presentaci\u00f3n este martes en el Instituto Cervantes en Madrid del X Congreso Internacional de la Lengua Espa\u00f1ola (CILE), que tendr\u00e1 lugar en Arequipa (Per\u00fa) del 14 al 17 de octubre de 2025. EFE\/ Daniel Gonz\u00e1lezFOTO: Daniel Gonz\u00e1lez (EFE)<\/p>\n<p class=\"\">El Instituto\u202fCervantes y la RAE son las dos instituciones m\u00e1s importantes en el \u00e1mbito de la lengua espa\u00f1ola; sin embargo, sus directores tienen un enfrentamiento abierto que ha quedado patente en el X Congreso Internacional de la Lengua Espa\u00f1ola (CILE) en Arquipa, Per\u00fa.<\/p>\n<p class=\"\"><b>\u00bfQu\u00e9 ha pasado? <\/b>Las desavenencias entre Luis Garc\u00eda Montero (Instituto Cervantes) y Santiago Mu\u00f1oz Machado (RAE) vienen desde que ambos fueron elegidos en 2018; pero una semana antes de la cita en Arequipa Montero prendi\u00f3 la llama.<\/p>\n<ul>\n<li>Garc\u00eda Montero defini\u00f3 a Mu\u00f1oz Machado como \u201cun catedr\u00e1tico de Derecho Administrativo, experto en llevar negocios desde su despacho para empresas multimillonarias\u201d.<\/li>\n<li>Y la RAE conden\u00f3 poco despu\u00e9s estas declaraciones.<\/li>\n<\/ul>\n<p class=\"\"><b>Y todo estall\u00f3 en la presentaci\u00f3n del CILE.<\/b> De nuevo, el primero que lanz\u00f3 el dardo fue Garc\u00eda Montero: \u201cLas diferencias que haya las podremos conversar una vez acabado el congreso, en Espa\u00f1a, incluida la preparaci\u00f3n de la sucesi\u00f3n del director de la RAE\u201d.<\/p>\n<ul>\n<li>A partir de ese momento se sucedieron las r\u00e9plicas y contrarr\u00e9plicas en todos los temas.<\/li>\n<li>Y acad\u00e9micos como \u00c1lvaro Pombo o Arturo P\u00e9rez Reverte se han encargado de avivar el fuego al definir a Montero como un poeta \u201cmenor\u201d, \u201cmediocre\u201d o falt\u00f3n\u201d.<\/li>\n<\/ul>\n<p class=\"\">\u00a9Foto: Daniel Gonz\u00e1lez (EFE)<\/p>\n<p class=\"\"><a href=\"https:\/\/elpais.com\/cultura\/2025-10-19\/has-visto-que-sigue-la-balacera-de-los-espanoles-la-guerra-entre-el-cervantes-y-la-rae-salta-de-lo-personal-a-lo-institucional.html\" target=\"_self\" rel=\"nofollow noopener\" title=\"https:\/\/elpais.com\/cultura\/2025-10-19\/has-visto-que-sigue-la-balacera-de-los-espanoles-la-guerra-entre-el-cervantes-y-la-rae-salta-de-lo-personal-a-lo-institucional.html\">Si quieres saber m\u00e1s, puedes leer aqu\u00ed<\/a>.<\/p>\n","protected":false},"excerpt":{"rendered":"MADRID, 10\/06\/2025.- El director de la Real Academia de la Lengua Espa\u00f1ola, Santiago Mu\u00f1oz Machado (3i), el director&hellip;\n","protected":false},"author":2,"featured_media":186639,"comment_status":"","ping_status":"","sticky":false,"template":"","format":"standard","meta":{"footnotes":""},"categories":[8],"tags":[52505,20728,17,18,25,24,13,14,11,48450,19,20,48449,9,10,15,16,670,51488,23,12,21,22],"class_list":{"0":"post-186638","1":"post","2":"type-post","3":"status-publish","4":"format-standard","5":"has-post-thumbnail","7":"category-espana","8":"tag-alvaro-pombo","9":"tag-arturo-perez-reverte","10":"tag-breaking-news","11":"tag-breakingnews","12":"tag-es","13":"tag-espana","14":"tag-featured-news","15":"tag-featurednews","16":"tag-headlines","17":"tag-instituto-cervantes","18":"tag-latest-news","19":"tag-latestnews","20":"tag-luis-garcia-montero","21":"tag-news","22":"tag-noticias","23":"tag-noticias-destacadas","24":"tag-noticiasdestacadas","25":"tag-rae","26":"tag-santiago-munoz-machado","27":"tag-spain","28":"tag-titulares","29":"tag-ultimas-noticias","30":"tag-ultimasnoticias"},"share_on_mastodon":{"url":"","error":""},"_links":{"self":[{"href":"https:\/\/www.europesays.com\/es\/wp-json\/wp\/v2\/posts\/186638","targetHints":{"allow":["GET"]}}],"collection":[{"href":"https:\/\/www.europesays.com\/es\/wp-json\/wp\/v2\/posts"}],"about":[{"href":"https:\/\/www.europesays.com\/es\/wp-json\/wp\/v2\/types\/post"}],"author":[{"embeddable":true,"href":"https:\/\/www.europesays.com\/es\/wp-json\/wp\/v2\/users\/2"}],"replies":[{"embeddable":true,"href":"https:\/\/www.europesays.com\/es\/wp-json\/wp\/v2\/comments?post=186638"}],"version-history":[{"count":0,"href":"https:\/\/www.europesays.com\/es\/wp-json\/wp\/v2\/posts\/186638\/revisions"}],"wp:featuredmedia":[{"embeddable":true,"href":"https:\/\/www.europesays.com\/es\/wp-json\/wp\/v2\/media\/186639"}],"wp:attachment":[{"href":"https:\/\/www.europesays.com\/es\/wp-json\/wp\/v2\/media?parent=186638"}],"wp:term":[{"taxonomy":"category","embeddable":true,"href":"https:\/\/www.europesays.com\/es\/wp-json\/wp\/v2\/categories?post=186638"},{"taxonomy":"post_tag","embeddable":true,"href":"https:\/\/www.europesays.com\/es\/wp-json\/wp\/v2\/tags?post=186638"}],"curies":[{"name":"wp","href":"https:\/\/api.w.org\/{rel}","templated":true}]}}