{"id":186659,"date":"2025-10-19T07:33:06","date_gmt":"2025-10-19T07:33:06","guid":{"rendered":"https:\/\/www.europesays.com\/es\/186659\/"},"modified":"2025-10-19T07:33:06","modified_gmt":"2025-10-19T07:33:06","slug":"isaac-rosa-protagoniza-la-jornada-dominical-de-la-feria-del-libro-de-cordoba-con-las-buenas-noches","status":"publish","type":"post","link":"https:\/\/www.europesays.com\/es\/186659\/","title":{"rendered":"Isaac Rosa protagoniza la jornada dominical de la Feria del Libro de C\u00f3rdoba con &#8216;Las buenas noches&#8217;"},"content":{"rendered":"<p style=\"\">La tercera jornada de<strong> la edici\u00f3n n\u00famero 50 de la Feria del Libro<\/strong> de C\u00f3rdoba tiene como plato fuerte la presentaci\u00f3n del \u00faltimo libro del escritor Isaac Rosa, &#8216;Las buenas noches&#8217;. El consagrado autor sevillano ser\u00e1 uno de los protagonistas este domingo en  &#8230; un evento que est\u00e1 congregando a centenares de curiosos y amantes de la cultura.<\/p>\n<p class=\"voc-p\" style=\"\">La presentaci\u00f3n se celebrar\u00e1 <strong>a las 18.00 horas<\/strong>, con la participaci\u00f3n de Azahara Palomeque, y posteriormente, a partir de las 19.00 horas, el autor firmar\u00e1 ejemplares de su obra.<\/p>\n<p class=\"voc-p\" style=\"\">En Las buenas noches, Rosa parte de una historia de infidelidad en la que \u00abnada es lo que parece\u00bb, para invitarnos a mirarnos <a href=\"https:\/\/www.abc.es\/espana\/andalucia\/cordoba\/pablo-garcia-casado-poeta-elipsis-verdadera-herramienta-20250914091020-nts.html\" target=\"_self\" data-voc-vtm-id=\"in-text-traffic\" title=\"desde un lugar ins\u00f3lito.\" rel=\"nofollow noopener\">desde un lugar ins\u00f3lito.<\/a> La novela reflexiona sobre el sue\u00f1o y la falta de \u00e9l como espejo de <strong>\u00abun malestar social m\u00e1s profundo\u00bb<\/strong>. Con su caracter\u00edstico estilo l\u00facido y mordaz, el autor ofrece una obra original que, \u00abcon nocturnidad y alevos\u00eda\u00bb, retrata las heridas de un tiempo en el que dormir se ha convertido \u00aben un objeto de deseo\u00bb. <\/p>\n<p class=\"voc-p\" style=\"\">Isaac Rosa (Sevilla, 1974) es autor de novelas como &#8216;El vano ayer&#8217;, &#8216;Otra maldita novela sobre la Guerra Civil&#8217;, &#8216;El pa\u00eds del miedo&#8217;, &#8216;La habitaci\u00f3n oscura&#8217;, &#8216;Feliz final&#8217; o &#8216;Las buenas noches&#8217;, traducidas a varios idiomas y <strong>adaptadas al cine en cuatro ocasiones<\/strong>. A lo largo de su trayectoria ha obtenido premios como el Biblioteca Breve, R\u00f3mulo Gallegos, Ojo Cr\u00edtico, Andaluc\u00eda de la Cr\u00edtica o C\u00e1lamo. Adem\u00e1s, ha publicado libros de relatos, novelas juveniles y guiones de c\u00f3mic.<\/p>\n<p class=\"voc-p\" style=\"\">La jornada dominical contar\u00e1 tambi\u00e9n con otras actividades destacadas, como las firmas de Mar Benegas (12.00 horas) y Antonio Torremocha (13:45 horas), as\u00ed como <strong>la presentaci\u00f3n de Elsa Punset<\/strong> con Alas para volar, prevista para las 19.00 horas en el Bulevar del Gran Capit\u00e1n.<\/p>\n<p class=\"voc-p\" style=\"\">A la programaci\u00f3n se suman tambi\u00e9n <a href=\"https:\/\/www.abc.es\/espana\/andalucia\/cordoba\/luz-gabas-susana-martin-gijon-isaac-rosa-20251007120050-nts.html\" target=\"_self\" data-voc-vtm-id=\"in-text-traffic\" title=\"dos encuentros\" rel=\"nofollow noopener\">dos encuentros<\/a> con el p\u00fablico. El primero con La Cervantina (selecci\u00f3n espa\u00f1ola de f\u00fatbol de escritores y escritoras) a partir de las 12.00 horas en el que presentar\u00e1n su obra &#8216;Letras y F\u00fatbol&#8217;. El segundo con<strong> los clubes de lectura<\/strong> de la Red Municipal de Bibliotecas en el que el autor Antonio Torremocha presentar\u00e1 su obra &#8216;El bibliotecario de Medina Azahara&#8217;. <\/p>\n<p class=\"voc-p\" style=\"\">Asimismo, la escritora Milagrosa Basc\u00f3n presentar\u00e1 su obra Manifiesto por la inclusi\u00f3n a las 17.00 horas en el Bulevar del Libro, y posteriormente, a las 18.00 horas, firmar\u00e1 ejemplares en la Caseta de Firmas. La jornada se cerrar\u00e1 con la firma de la autora Hellen Cross, que <strong>dedicar\u00e1 ejemplares de su novela<\/strong> &#8216;La chica del serbal&#8217; a partir de las 20.00 horas, tambi\u00e9n en la Caseta de Firmas, poniendo el broche final a un domingo repleto de literatura. <\/p>\n","protected":false},"excerpt":{"rendered":"La tercera jornada de la edici\u00f3n n\u00famero 50 de la Feria del Libro de C\u00f3rdoba tiene como plato&hellip;\n","protected":false},"author":2,"featured_media":186660,"comment_status":"","ping_status":"","sticky":false,"template":"","format":"standard","meta":{"footnotes":""},"categories":[172],"tags":[224,2605,2760,14007,146,147,25,24,599,10708,293,1496,225,11224,20521,2465,23],"class_list":{"0":"post-186659","1":"post","2":"type-post","3":"status-publish","4":"format-standard","5":"has-post-thumbnail","7":"category-libros","8":"tag-books","9":"tag-buenas","10":"tag-cordoba","11":"tag-dominical","12":"tag-entertainment","13":"tag-entretenimiento","14":"tag-es","15":"tag-espana","16":"tag-feria","17":"tag-isaac","18":"tag-jornada","19":"tag-libro","20":"tag-libros","21":"tag-noches","22":"tag-protagoniza","23":"tag-rosa","24":"tag-spain"},"share_on_mastodon":{"url":"","error":""},"_links":{"self":[{"href":"https:\/\/www.europesays.com\/es\/wp-json\/wp\/v2\/posts\/186659","targetHints":{"allow":["GET"]}}],"collection":[{"href":"https:\/\/www.europesays.com\/es\/wp-json\/wp\/v2\/posts"}],"about":[{"href":"https:\/\/www.europesays.com\/es\/wp-json\/wp\/v2\/types\/post"}],"author":[{"embeddable":true,"href":"https:\/\/www.europesays.com\/es\/wp-json\/wp\/v2\/users\/2"}],"replies":[{"embeddable":true,"href":"https:\/\/www.europesays.com\/es\/wp-json\/wp\/v2\/comments?post=186659"}],"version-history":[{"count":0,"href":"https:\/\/www.europesays.com\/es\/wp-json\/wp\/v2\/posts\/186659\/revisions"}],"wp:featuredmedia":[{"embeddable":true,"href":"https:\/\/www.europesays.com\/es\/wp-json\/wp\/v2\/media\/186660"}],"wp:attachment":[{"href":"https:\/\/www.europesays.com\/es\/wp-json\/wp\/v2\/media?parent=186659"}],"wp:term":[{"taxonomy":"category","embeddable":true,"href":"https:\/\/www.europesays.com\/es\/wp-json\/wp\/v2\/categories?post=186659"},{"taxonomy":"post_tag","embeddable":true,"href":"https:\/\/www.europesays.com\/es\/wp-json\/wp\/v2\/tags?post=186659"}],"curies":[{"name":"wp","href":"https:\/\/api.w.org\/{rel}","templated":true}]}}