{"id":186661,"date":"2025-10-19T07:34:07","date_gmt":"2025-10-19T07:34:07","guid":{"rendered":"https:\/\/www.europesays.com\/es\/186661\/"},"modified":"2025-10-19T07:34:07","modified_gmt":"2025-10-19T07:34:07","slug":"nueva-leccion-de-hipocresia-de-david-broncano-y-daniel-guzman-sobre-la-vivienda-en-la-revuelta","status":"publish","type":"post","link":"https:\/\/www.europesays.com\/es\/186661\/","title":{"rendered":"Nueva lecci\u00f3n de hipocres\u00eda de David Broncano y Daniel Guzm\u00e1n sobre la vivienda en &#8216;La Revuelta&#8217;"},"content":{"rendered":"<p>Pese a haberse convertido en un multipropietario de viviendas, con inmuebles tanto en Madrid como en \u00c1vila, el <strong>presentador<\/strong> de La Revuelta, <strong>David Broncano<\/strong>, contin\u00faa tirando de sentimentalismo y demagogia en su programa con respecto a la situaci\u00f3n del <strong>mercado inmobiliario<\/strong>. Y es que, <a href=\"https:\/\/www.libertaddigital.com\/libremercado\/2025-10-04\/sa-la-hipocresia-de-broncano-con-la-vivienda-critica-a-los-propietarios-y-acumular-numerosos-inmuebles-7303307\/\" rel=\"nofollow noopener\" target=\"_blank\">como hemos publicado en <strong>Libre Mercado<\/strong><\/a>, el presentador se ha pronunciado en diversas ocasiones a este respecto para exigir la intervenci\u00f3n del Gobierno y se\u00f1alar a los inversores. Ahora Broncano ha vuelto a la carga, de la mano del actor <strong>Daniel Guzm\u00e1n<\/strong>, para plantear una falsa dicotom\u00eda: los espa\u00f1oles se ven obligados a decidir entre vivir o comer.<\/p>\n<p>Mero sentimentalismo<\/p>\n<p>Durante el programa de La Revuelta emitido el pasado martes, en el que fue entrevistado el actor y director de cine espa\u00f1ol <strong>Daniel Guzm\u00e1n<\/strong> con motivo de su \u00faltima pel\u00edcula, que, seg\u00fan detallaron, trata sobre \u00abla especulaci\u00f3n, la gente a la que desahucian y tal\u00bb. Por ello, <strong>Broncano<\/strong> decidi\u00f3 en un momento determinado presumir de su compromiso y el de su programa en relaci\u00f3n a la crisis de la vivienda. As\u00ed, el presentador quiso destacar que \u00abnosotros llevamos, desde que estamos aqu\u00ed en <strong>Televisi\u00f3n Espa\u00f1ola<\/strong>, hablando de esto todo el rato\u00bb.<\/p>\n<p>De este modo, <strong>Guzm\u00e1n<\/strong>, director y actor protagonista del filme, quiso resumir el argumento de la cinta. Por ello, subrayando que \u00abla historia es muy r\u00e1pida\u00bb, explic\u00f3 que en la pel\u00edcula se nos cuenta \u00abla historia de Lucas, un tipo de unos 50 a\u00f1os que vive con Antonia, una anciana que no se sabe qu\u00e9 relaci\u00f3n tienen, que lo vas descubriendo seg\u00fan va la pel\u00edcula, y que tiene un detonante social y es que adquiere el edificio un <strong>fondo de inversi\u00f3n<\/strong> y lo convierten en <strong>pisos tur\u00edsticos<\/strong>, y \u00e9l tiene una semana para conseguir el dinero\u00bb.<\/p>\n<p>En este contexto, el presentador aprovech\u00f3 para repetir la perorata habitual sobre la <strong>inversi\u00f3n de vivienda<\/strong>, denunciando que en <strong>Madrid<\/strong> hay pisos de alquiler de 13 metros cuadrados que cuestan entre 600 y 800 euros al mes. A este respecto, <strong>Guzm\u00e1n<\/strong> apostillaba que este precio ser\u00eda por \u00abhabitaci\u00f3n casi\u00bb y detallaba que \u00abeso con el <strong>Salario M\u00ednimo Interprofesional<\/strong> haciendo casi un 70% o un 80%\u00bb. En consecuencia, ambos ironizaban sobre las dificultades que encuentra la poblaci\u00f3n para acceder a una vivienda. \u00abYo no s\u00e9 por qu\u00e9 la gente se queja\u00bb, aseveraba <strong>Broncano<\/strong>, a lo cual respond\u00eda el actor con \u00abpues no lo entiendo yo tampoco, porque si ya tienes casa para qu\u00e9 quieres comer\u00bb.<\/p>\n<p>&#13;<br \/>\n    Relacionado&#13;<br \/>\n    &#13;<\/p>\n<p>Cabe recordar que Guzm\u00e1n fue condenado en 2024 por un delito leve de lesiones por echar a unos okupas de su casa de forma violenta. As\u00ed, vemos que cuando es su casa, <strong>el actor no duda en luchar por los derechos de propiedad.<\/strong><\/p>\n<p>Esta conversaci\u00f3n entre el presentador y el actor demuestra el nivel de demagogia al que pueden llegar en la <strong>extrema izquierda<\/strong>, porque en realidad la pel\u00edcula no hace m\u00e1s que recurrir al sentimentalismo, tratando de presentarnos una situaci\u00f3n que conmueva a los espectadores para convencerles de que es necesaria la <strong>intervenci\u00f3n gubernamental<\/strong> en este sector, estigmatizando adem\u00e1s al <strong>sector tur\u00edstico<\/strong>. Sin embargo, <a href=\"https:\/\/www.libertaddigital.com\/libremercado\/2025-07-07\/lu-la-falacia-de-los-pisos-turisticos-el-chivo-expiatorio-de-la-izquierda-7273099\/\" rel=\"nofollow noopener\" target=\"_blank\">como hemos detallado en <strong>Libre Mercado<\/strong><\/a>, lo cierto es que el impacto de los <strong>pisos tur\u00edsticos<\/strong> en los precios del alquiler es casi imperceptible, porque menos del 1% del parque de vivienda se destina al alquiler vacacional.<\/p>\n","protected":false},"excerpt":{"rendered":"Pese a haberse convertido en un multipropietario de viviendas, con inmuebles tanto en Madrid como en \u00c1vila, el&hellip;\n","protected":false},"author":2,"featured_media":186662,"comment_status":"","ping_status":"","sticky":false,"template":"","format":"standard","meta":{"footnotes":""},"categories":[171],"tags":[9029,146,147,25,24,52506,23,214,3633],"class_list":{"0":"post-186661","1":"post","2":"type-post","3":"status-publish","4":"format-standard","5":"has-post-thumbnail","7":"category-tv","8":"tag-david-broncano","9":"tag-entertainment","10":"tag-entretenimiento","11":"tag-es","12":"tag-espana","13":"tag-pisos-turisticos","14":"tag-spain","15":"tag-tv","16":"tag-vivienda"},"share_on_mastodon":{"url":"","error":""},"_links":{"self":[{"href":"https:\/\/www.europesays.com\/es\/wp-json\/wp\/v2\/posts\/186661","targetHints":{"allow":["GET"]}}],"collection":[{"href":"https:\/\/www.europesays.com\/es\/wp-json\/wp\/v2\/posts"}],"about":[{"href":"https:\/\/www.europesays.com\/es\/wp-json\/wp\/v2\/types\/post"}],"author":[{"embeddable":true,"href":"https:\/\/www.europesays.com\/es\/wp-json\/wp\/v2\/users\/2"}],"replies":[{"embeddable":true,"href":"https:\/\/www.europesays.com\/es\/wp-json\/wp\/v2\/comments?post=186661"}],"version-history":[{"count":0,"href":"https:\/\/www.europesays.com\/es\/wp-json\/wp\/v2\/posts\/186661\/revisions"}],"wp:featuredmedia":[{"embeddable":true,"href":"https:\/\/www.europesays.com\/es\/wp-json\/wp\/v2\/media\/186662"}],"wp:attachment":[{"href":"https:\/\/www.europesays.com\/es\/wp-json\/wp\/v2\/media?parent=186661"}],"wp:term":[{"taxonomy":"category","embeddable":true,"href":"https:\/\/www.europesays.com\/es\/wp-json\/wp\/v2\/categories?post=186661"},{"taxonomy":"post_tag","embeddable":true,"href":"https:\/\/www.europesays.com\/es\/wp-json\/wp\/v2\/tags?post=186661"}],"curies":[{"name":"wp","href":"https:\/\/api.w.org\/{rel}","templated":true}]}}