{"id":186663,"date":"2025-10-19T07:35:07","date_gmt":"2025-10-19T07:35:07","guid":{"rendered":"https:\/\/www.europesays.com\/es\/186663\/"},"modified":"2025-10-19T07:35:07","modified_gmt":"2025-10-19T07:35:07","slug":"sin-autores-como-el-yo-no-estaria-hoy-aqui","status":"publish","type":"post","link":"https:\/\/www.europesays.com\/es\/186663\/","title":{"rendered":"Sin autores como \u00e9l, yo no estar\u00eda hoy aqu\u00ed"},"content":{"rendered":"<p class=\"paragraph\">El pasado jueves Enrique Bunbury<b> ingres\u00f3 en el Sal\u00f3n de la Fama<\/b> de los Compositores Latinos en una ceremonia celebrada en el Flamingo Theater de Miami (Estados Unidos). Una distinci\u00f3n que comparti\u00f3 junto a otros grandes autores <a href=\"https:\/\/www.heraldo.es\/noticias\/ocio-y-cultura\/2025\/10\/17\/bunbury-anuncio-fans-esperan-nuevo-disco-miami-1862681.html\" title=\"El sorprendente anuncio de Bunbury: &quot;Hay nuevo disco y lo vamos a presentar enseguida&quot;\" rel=\"nofollow noopener\" target=\"_blank\">como el colombiano Andr\u00e9s Castro, el cubano Jorge Luis Piloto, la mexicana M\u00f3nica V\u00e9lez y, de manera p\u00f3stuma, el fallecido pianista, compositor y director de orquesta argentino Lalo Schifrin.<\/a><\/p>\n<p class=\"paragraph\">En su emotivo discurso de ingreso, el cantante zaragozano exhibi\u00f3 una admirable humildad. As\u00ed comenz\u00f3: \u201cGracias. <b>No estoy demasiado acostumbrado a recibir premios <\/b>y condecoraciones, y no suelo ser muy afortunado en mis &#8216;speeches&#8217;, as\u00ed que ser\u00e9 lo m\u00e1s breve posible\u00bb.<\/p>\n<p class=\"paragraph\">Y prosigui\u00f3 plasmando con palabras el orgullo genuino que sent\u00eda por esta elecci\u00f3n: \u00abDentro de todos los premios que un m\u00fasico puede recibir, este es a mi parecer el m\u00e1s importante o, al menos en mi caso, <b>el que m\u00e1s ilusi\u00f3n me puede hacer, muy por encima del Nobel de Econom\u00eda.<\/b> Como m\u00fasico, int\u00e9rprete, productor y autor, que me reconozcan mis compa\u00f1eros de profesi\u00f3n en la labor de compositor, es un honor que nunca pens\u00e9 merecer\u00bb.<\/p>\n<p class=\"paragraph\">El artista aragon\u00e9s insisti\u00f3 en un talante humilde: \u00abPrimero de todo, y ya perdonar\u00e1n mi ignorancia, porque desconoc\u00eda que existiera este tipo de galardones, y segundo, porque<b> se me ocurren muchos otros artistas que creo lo merecen m\u00e1s y antes que yo.<\/b> As\u00ed que, contra todo pron\u00f3stico, me encuentro recibiendo un premio por algo que realizo con sumo placer y que me da la vida\u00bb.<\/p>\n<p class=\"paragraph\">Uno de los cap\u00edtulos m\u00e1s entra\u00f1ables fue cuando cit\u00f3 a algunas de sus influencias m\u00e1s notables y profundas, entre las que se encuentra otro aragon\u00e9s. \u00abNadie nace sabiendo, ni hemos inventado la rueda. Provengo de una larga tradici\u00f3n de compositores que me inspiraron y animaron para atreverme a grabar mis primeras composiciones y as\u00ed hasta las \u00faltimas. No est\u00e1 de m\u00e1s, reconocer que, sin autores como <b>Santiago Auser\u00f3n, Andr\u00e9s Calamaro, Rub\u00e9n Blades, Jos\u00e9 Alfredo Jim\u00e9nez, Manuel Alejandro, <\/b>H\u00e9ctor Lavoe o Charly Garc\u00eda, por nombrar unos pocos, yo no estar\u00eda hoy aqu\u00ed\u00bb, revel\u00f3.<\/p>\n<p class=\"paragraph\">Un texto en el que tambi\u00e9n se acord\u00f3 de sus compa\u00f1eros en H\u00e9roes del Silencio: \u00abTambi\u00e9n quiero recordar las primeras composiciones a finales de los ochenta y primeros noventa <b>junto a mis compa\u00f1eros de H\u00e9roes del Silencio con los que escrib\u00ed canciones que recibieron las bendiciones<\/b> del p\u00fablico, mucho m\u00e1s de lo que pudiera imaginar\u00bb.<\/p>\n","protected":false},"excerpt":{"rendered":"El pasado jueves Enrique Bunbury ingres\u00f3 en el Sal\u00f3n de la Fama de los Compositores Latinos en una&hellip;\n","protected":false},"author":2,"featured_media":186664,"comment_status":"","ping_status":"","sticky":false,"template":"","format":"standard","meta":{"footnotes":""},"categories":[170],"tags":[17833,146,147,25,24,184,185,52507,23],"class_list":{"0":"post-186663","1":"post","2":"type-post","3":"status-publish","4":"format-standard","5":"has-post-thumbnail","7":"category-musica","8":"tag-enrique-bunbury","9":"tag-entertainment","10":"tag-entretenimiento","11":"tag-es","12":"tag-espana","13":"tag-music","14":"tag-musica","15":"tag-santiago-auseron","16":"tag-spain"},"share_on_mastodon":{"url":"","error":""},"_links":{"self":[{"href":"https:\/\/www.europesays.com\/es\/wp-json\/wp\/v2\/posts\/186663","targetHints":{"allow":["GET"]}}],"collection":[{"href":"https:\/\/www.europesays.com\/es\/wp-json\/wp\/v2\/posts"}],"about":[{"href":"https:\/\/www.europesays.com\/es\/wp-json\/wp\/v2\/types\/post"}],"author":[{"embeddable":true,"href":"https:\/\/www.europesays.com\/es\/wp-json\/wp\/v2\/users\/2"}],"replies":[{"embeddable":true,"href":"https:\/\/www.europesays.com\/es\/wp-json\/wp\/v2\/comments?post=186663"}],"version-history":[{"count":0,"href":"https:\/\/www.europesays.com\/es\/wp-json\/wp\/v2\/posts\/186663\/revisions"}],"wp:featuredmedia":[{"embeddable":true,"href":"https:\/\/www.europesays.com\/es\/wp-json\/wp\/v2\/media\/186664"}],"wp:attachment":[{"href":"https:\/\/www.europesays.com\/es\/wp-json\/wp\/v2\/media?parent=186663"}],"wp:term":[{"taxonomy":"category","embeddable":true,"href":"https:\/\/www.europesays.com\/es\/wp-json\/wp\/v2\/categories?post=186663"},{"taxonomy":"post_tag","embeddable":true,"href":"https:\/\/www.europesays.com\/es\/wp-json\/wp\/v2\/tags?post=186663"}],"curies":[{"name":"wp","href":"https:\/\/api.w.org\/{rel}","templated":true}]}}