{"id":186671,"date":"2025-10-19T07:40:12","date_gmt":"2025-10-19T07:40:12","guid":{"rendered":"https:\/\/www.europesays.com\/es\/186671\/"},"modified":"2025-10-19T07:40:12","modified_gmt":"2025-10-19T07:40:12","slug":"el-eclipse-total-de-sol-que-engano-a-las-aves-y-desato-el-falso-coro-del-amanecer","status":"publish","type":"post","link":"https:\/\/www.europesays.com\/es\/186671\/","title":{"rendered":"El eclipse total de Sol que enga\u00f1\u00f3 a las aves y desat\u00f3 el \u00abfalso coro del amanecer\u00bb"},"content":{"rendered":"<p> <img decoding=\"async\" fetchpriority=\"high\" src=\"https:\/\/www.europesays.com\/es\/wp-content\/uploads\/2025\/10\/el-eclipse-solar-que-engano-a-las-aves-y-desato-el-falso-coro-del-amanecer-1760549892904_1024.jpg\"  width=\"768\" height=\"432\" alt=\"Eclipse\" title=\"Eclipse\" data-image=\"48fes4htx13v\"\/>Millones de animales se vieron afectados por la desaparici\u00f3n del Sol a mediod\u00eda. El evento demostr\u00f3 la extrema sensibilidad de la vida silvestre a la luz como reguladora de su reloj biol\u00f3gico.   <img decoding=\"async\" fetchpriority=\"high\" src=\"https:\/\/www.europesays.com\/es\/wp-content\/uploads\/2025\/08\/mariela-de-diego.jpg\" alt=\"Mariela de Diego\" width=\"40\" height=\"40\"\/>    <a class=\"nombre text-hv\" href=\"https:\/\/www.tiempo.com\/autor\/mariela-de-diego\/\" title=\"Mariela de Diego\" rel=\"nofollow noopener\" target=\"_blank\">Mariela de Diego<\/a> Meteored Argentina       19\/10\/2025 07:21   6 min   <\/p>\n<p>Para la vida silvestre, los ciclos de luz y oscuridad son m\u00e1s que un simple amanecer y anochecer: son la base de los ritmos circadianos que gobiernan <strong>el comportamiento, la alimentaci\u00f3n y la reproducci\u00f3n<\/strong>. <\/p>\n<p>Cuando el eclipse solar total del 8 de abril de 2024 sumi\u00f3 una amplia franja de Norteam\u00e9rica en casi cuatro minutos de noche en pleno d\u00eda, <strong>los cient\u00edficos de la Universidad de Indiana vieron una oportunidad \u00fanica<\/strong> para estudiar la reacci\u00f3n de las aves a una perturbaci\u00f3n lum\u00ednica sin precedentes.<\/p>\n<p>El equipo de investigaci\u00f3n, liderado por Liz Aguilar, estudiante de doctorado, adopt\u00f3 un enfoque innovador que <strong>fusion\u00f3 la \u00faltima tecnolog\u00eda con la colaboraci\u00f3n ciudadana,<\/strong> un abordaje pionero en la ecolog\u00eda del comportamiento.<\/p>\n<p><img loading=\"lazy\" decoding=\"async\" fetchpriority=\"low\" class=\"lazy \" src=\"https:\/\/www.europesays.com\/es\/wp-content\/uploads\/2025\/10\/el-eclipse-solar-que-engano-a-las-aves-y-desato-el-falso-coro-del-amanecer-1760549959385_1024.jpg\"  width=\"768\" height=\"432\" alt=\"Eclipse\" title=\"Eclipse\" data-image=\"wxzap6b7kqjy\"\/>Este fen\u00f3meno natural provey\u00f3 a los cient\u00edficos de una &#8216;noche de cuatro minutos&#8217; ideal para estudiar los ritmos circadianos de las aves.<\/p>\n<p>La metodolog\u00eda se bas\u00f3 en el despliegue de una <strong>red de dispositivos bioac\u00fasticos<\/strong> a lo largo del camino de la totalidad del eclipse. Adem\u00e1s, aprovecharon la participaci\u00f3n de m\u00e1s de <strong>10.000 ciudadanos que utilizaron la aplicaci\u00f3n SolarBird<\/strong> en sus tel\u00e9fonos inteligentes para registrar observaciones en tiempo real y grabaciones de audio del comportamiento aviar.<\/p>\n<p>Toda esta informaci\u00f3n gener\u00f3 un conjunto masivo de datos: <strong>cerca de 100.000 vocalizaciones de aves fueron procesadas. <\/strong>Para analizarlas con precisi\u00f3n, los investigadores emplearon un sistema de inteligencia artificial llamado BirdNET, capaz de identificar especies y cuantificar la actividad vocal, lo que permiti\u00f3 obtener una visi\u00f3n detallada de los cambios especie por especie.<\/p>\n<p>El falso coro del amanecer<\/p>\n<p>El an\u00e1lisis demostr\u00f3 que la breve noche de la tarde <strong>afect\u00f3 sustancialmente el comportamiento vocal de las aves<\/strong>, un indicador clave de su actividad diaria y estacional. <\/p>\n<p><a class=\"imagen \" href=\"https:\/\/www.tiempo.com\/noticias\/actualidad\/las-8-ciudades-de-espana-que-veran-el-eclipse-total-de-sol-del-12-de-agosto-de.html\" title=\"Las 8 ciudades de Espa\u00f1a que ver\u00e1n el eclipse total de Sol del 12 de agosto de 2026\" rel=\"nofollow noopener\" target=\"_blank\"><img loading=\"lazy\" decoding=\"async\" fetchpriority=\"low\" class=\"lazy img-body non-editable\" src=\"https:\/\/www.europesays.com\/es\/wp-content\/uploads\/2025\/10\/las-8-ciudades-de-espana-que-veran-el-eclipse-total-de-sol-del-12-de-agosto-de-1758529945483_320.jpg\"  width=\"320\" height=\"225\" alt=\"Las 8 ciudades de Espa\u00f1a que ver\u00e1n el eclipse total de Sol del 12 de agosto de 2026\"\/><\/a><\/p>\n<p>El impacto del eclipse fue generalizado: de las 52 especies de aves detectadas, <strong>29 mostraron alteraciones significativas <\/strong>en su comportamiento vocal en alg\u00fan momento del fen\u00f3meno.<\/p>\n<p>Las reacciones fueron diversas y fascinantes. En los minutos previos a la oscuridad total, a medida que el cielo se atenuaba, <strong>11 especies aumentaron su canto<\/strong>, un posible signo de confusi\u00f3n ante el cambio gradual.<\/p>\n<p><img loading=\"lazy\" decoding=\"async\" fetchpriority=\"low\" class=\"lazy \" src=\"https:\/\/www.europesays.com\/es\/wp-content\/uploads\/2025\/10\/el-eclipse-solar-que-engano-a-las-aves-y-desato-el-falso-coro-del-amanecer-1760550141805_1024.jpg\"  width=\"768\" height=\"432\" alt=\"Eclipse\" title=\"Eclipse\" data-image=\"x18ehz2gj80c\"\/>La abrupta ca\u00edda de luz fue el detonante del &#8216;falso coro del amanecer&#8217; que desorient\u00f3 a la fauna aviar.<\/p>\n<p>Durante la oscuridad (totalidad), los cuatro minutos de penumbra produjeron las respuestas m\u00e1s divergentes. <strong>Doce especies reaccionaron; algunas se silenciaron por completo<\/strong> y adoptaron comportamientos nocturnos como el de buscar refugio (percharse). Otras, en cambio, incrementaron su actividad vocal.<\/p>\n<p>En el momento cumbre, la reacci\u00f3n m\u00e1s fuerte y reveladora ocurri\u00f3 inmediatamente despu\u00e9s, cuando la luz solar reapareci\u00f3. <strong>Diecinueve especies estallaron en un canto vigoroso<\/strong> que los investigadores han denominado un \u00abfalso coro del amanecer\u00bb.<\/p>\n<blockquote class=\"twitter-tweet\">\n<p lang=\"en\" dir=\"ltr\">When the April 2024 Great American Eclipse plunged midday into near night, the daily rhythms and vocal behaviors of many bird species shifted dramatically. <\/p>\n<p>Merging community science, <a href=\"https:\/\/twitter.com\/hashtag\/MachineLearning?src=hash&amp;ref_src=twsrc%5Etfw\" rel=\"nofollow noopener\" target=\"_blank\">#MachineLearning<\/a>, and a continent-wide natural experiment, researchers in Science reveal the <a href=\"https:\/\/t.co\/UUHwA0HguS\" rel=\"nofollow\">pic.twitter.com\/UUHwA0HguS<\/a><\/p>\n<p>\u2014 Science Magazine (@ScienceMagazine) <a href=\"https:\/\/twitter.com\/ScienceMagazine\/status\/1977777697817301021?ref_src=twsrc%5Etfw\" rel=\"nofollow noopener\" target=\"_blank\">October 13, 2025<\/a><\/p><\/blockquote>\n<p><strong>Este \u00abfalso amanecer\u00bb es el hallazgo m\u00e1s importante.<\/strong> Sugiere que el eclipse fue tan r\u00e1pido y dr\u00e1stico que temporalmente restableci\u00f3 los relojes biol\u00f3gicos internos de estas aves. Al ver el sol reaparecer de la noche moment\u00e1nea, las aves actuaron como si un nuevo d\u00eda estuviera comenzando.<\/p>\n<p>El reloj solar, el controlador maestro <\/p>\n<p>El experimento destaca <strong>la importancia fundamental que tiene la luz para la vida silvestre.<\/strong> Los resultados demuestran que, incluso cuando la \u00abnoche\u00bb dura solo unos minutos, se producen cambios de comportamiento inmediatos. <\/p>\n<p>Esto refuerza el entendimiento de que los ritmos circadianos de las aves, sincronizados con los ciclos lum\u00ednicos, <strong>son esenciales para su supervivencia, la b\u00fasqueda de alimento y el \u00e9xito reproductivo<\/strong>, especialmente porque el eclipse ocurri\u00f3 cerca del inicio de la temporada de reproducci\u00f3n primaveral.<\/p>\n<p><img loading=\"lazy\" decoding=\"async\" fetchpriority=\"low\" class=\"lazy \" src=\"https:\/\/www.europesays.com\/es\/wp-content\/uploads\/2025\/10\/el-eclipse-solar-que-engano-a-las-aves-y-desato-el-falso-coro-del-amanecer-1760550220512_1024.jpg\"  width=\"768\" height=\"432\" alt=\"Eclipse\" title=\"Eclipse\" data-image=\"rd1gstte8xpr\"\/>La investigaci\u00f3n resalta la vital importancia de los ciclos naturales de luz para el comportamiento, la alimentaci\u00f3n y la reproducci\u00f3n de las aves. Los hallazgos tienen implicaciones directas en la lucha contra la contaminaci\u00f3n lum\u00ednica.<\/p>\n<p>En un contexto m\u00e1s amplio, el estudio contribuye a entender <strong>c\u00f3mo las alteraciones lum\u00ednicas causadas por el hombre<\/strong> -espec\u00edficamente la contaminaci\u00f3n lum\u00ednica- pueden afectar a la fauna. Si una breve interrupci\u00f3n natural provoca tal desajuste, la exposici\u00f3n cr\u00f3nica a la luz artificial nocturna podr\u00eda tener efectos ecol\u00f3gicos profundos y sostenidos en las poblaciones de aves, alterando sus patrones de sue\u00f1o y migraci\u00f3n.<\/p>\n<p><a class=\"imagen \" href=\"https:\/\/www.tiempo.com\/noticias\/astronomia\/eclipse-total-de-sol-2026-en-espana-guia-y-horarios.html\" title=\"Un eclipse solar como no se ve\u00eda desde 1912: Espa\u00f1a ser\u00e1 protagonista en 2026\" rel=\"nofollow noopener\" target=\"_blank\"><img loading=\"lazy\" decoding=\"async\" fetchpriority=\"low\" class=\"lazy img-body non-editable\" src=\"https:\/\/www.europesays.com\/es\/wp-content\/uploads\/2025\/10\/eclipse-total-de-sol-2026-en-espana-guia-y-horarios-1758061807760_320.jpeg\"  width=\"320\" height=\"225\" alt=\"Un eclipse solar como no se ve\u00eda desde 1912: Espa\u00f1a ser\u00e1 protagonista en 2026\"\/><\/a><\/p>\n<p>La investigaci\u00f3n, adem\u00e1s, pone de relieve<strong> el potencial de combinar la ciencia ciudadana con herramientas de inteligencia artificial<\/strong>. Esta sinergia permite a los ec\u00f3logos obtener instant\u00e1neamente informaci\u00f3n a una escala geogr\u00e1fica y de datos que antes era impensable. <\/p>\n<p>Referencia de la noticia <\/p>\n<p><a href=\"https:\/\/www.science.org\/doi\/10.1126\/science.adx3025\" target=\"_blank\" rel=\"nofollow noopener\">Total solar eclipse triggers dawn behavior in birds: Insights from acoustic recordings and community science<\/a>.Science<strong>390<\/strong>,152-155(2025). Liz A. Aguilar et al. <\/p>\n<p> <script async src=\"https:\/\/platform.twitter.com\/widgets.js\" charset=\"utf-8\"><\/script><\/p>\n","protected":false},"excerpt":{"rendered":"Millones de animales se vieron afectados por la desaparici\u00f3n del Sol a mediod\u00eda. El evento demostr\u00f3 la extrema&hellip;\n","protected":false},"author":2,"featured_media":186672,"comment_status":"","ping_status":"","sticky":false,"template":"","format":"standard","meta":{"footnotes":""},"categories":[81],"tags":[33176,119,123,124,32994,25,24,44547,117,121,122,23,118,120],"class_list":{"0":"post-186671","1":"post","2":"type-post","3":"status-publish","4":"format-standard","5":"has-post-thumbnail","7":"category-ciencia-y-tecnologia","8":"tag-aves","9":"tag-ciencia","10":"tag-ciencia-y-tecnologia","11":"tag-cienciaytecnologia","12":"tag-eclipse","13":"tag-es","14":"tag-espana","15":"tag-pajaros","16":"tag-science","17":"tag-science-and-technology","18":"tag-scienceandtechnology","19":"tag-spain","20":"tag-technology","21":"tag-tecnologia"},"share_on_mastodon":{"url":"","error":""},"_links":{"self":[{"href":"https:\/\/www.europesays.com\/es\/wp-json\/wp\/v2\/posts\/186671","targetHints":{"allow":["GET"]}}],"collection":[{"href":"https:\/\/www.europesays.com\/es\/wp-json\/wp\/v2\/posts"}],"about":[{"href":"https:\/\/www.europesays.com\/es\/wp-json\/wp\/v2\/types\/post"}],"author":[{"embeddable":true,"href":"https:\/\/www.europesays.com\/es\/wp-json\/wp\/v2\/users\/2"}],"replies":[{"embeddable":true,"href":"https:\/\/www.europesays.com\/es\/wp-json\/wp\/v2\/comments?post=186671"}],"version-history":[{"count":0,"href":"https:\/\/www.europesays.com\/es\/wp-json\/wp\/v2\/posts\/186671\/revisions"}],"wp:featuredmedia":[{"embeddable":true,"href":"https:\/\/www.europesays.com\/es\/wp-json\/wp\/v2\/media\/186672"}],"wp:attachment":[{"href":"https:\/\/www.europesays.com\/es\/wp-json\/wp\/v2\/media?parent=186671"}],"wp:term":[{"taxonomy":"category","embeddable":true,"href":"https:\/\/www.europesays.com\/es\/wp-json\/wp\/v2\/categories?post=186671"},{"taxonomy":"post_tag","embeddable":true,"href":"https:\/\/www.europesays.com\/es\/wp-json\/wp\/v2\/tags?post=186671"}],"curies":[{"name":"wp","href":"https:\/\/api.w.org\/{rel}","templated":true}]}}