{"id":186675,"date":"2025-10-19T07:42:07","date_gmt":"2025-10-19T07:42:07","guid":{"rendered":"https:\/\/www.europesays.com\/es\/186675\/"},"modified":"2025-10-19T07:42:07","modified_gmt":"2025-10-19T07:42:07","slug":"bolivia-cambia-de-ciclo-en-una-segunda-vuelta-electoral-entre-dos-candidatos-de-derecha","status":"publish","type":"post","link":"https:\/\/www.europesays.com\/es\/186675\/","title":{"rendered":"Bolivia cambia de ciclo en una segunda vuelta electoral entre dos candidatos de derecha"},"content":{"rendered":"<p class=\"\">Bolivia girar\u00e1 este domingo hacia la derecha con la elecci\u00f3n de un nuevo presidente que, por primera vez en 20 a\u00f1os, <a href=\"https:\/\/elpais.com\/america\/2025-09-08\/la-autopercepcion-indigena-se-vuelve-arma-electoral-en-bolivia.html\" target=\"_self\" rel=\"nofollow noopener\" title=\"https:\/\/elpais.com\/america\/2025-09-08\/la-autopercepcion-indigena-se-vuelve-arma-electoral-en-bolivia.html\">no pertenecer\u00e1 al Movimiento al Socialismo (MAS),<\/a> el partido del expresidente Evo Morales. <a href=\"https:\/\/elpais.com\/america\/2025-08-18\/rodrigo-paz-y-tuto-quiroga-se-disputaran-la-presidencia-de-bolivia-en-octubre.html\" target=\"_self\" rel=\"nofollow noopener\" title=\"https:\/\/elpais.com\/america\/2025-08-18\/rodrigo-paz-y-tuto-quiroga-se-disputaran-la-presidencia-de-bolivia-en-octubre.html\">La primera vuelta electoral <\/a>celebrada en agosto dej\u00f3 fuera de carrera a las opciones progresistas y hoy se ver\u00e1n en las urnas el <a href=\"https:\/\/elpais.com\/america\/2025-10-18\/jorge-tuto-quiroga-de-los-20-anos-del-mas-algunas-canchitas-de-futbol-quedan.html\" target=\"_self\" rel=\"nofollow noopener\" title=\"https:\/\/elpais.com\/america\/2025-10-18\/jorge-tuto-quiroga-de-los-20-anos-del-mas-algunas-canchitas-de-futbol-quedan.html\">liberal conservador Jorge Tuto Quiroga <\/a>\u2014que va por su cuarto intento presidencial\u2014 y el <a href=\"https:\/\/elpais.com\/america\/2025-10-15\/rodrigo-paz-amenaza-con-enjuiciar-al-presidente-arce-en-el-cierre-de-campana-en-bolivia.html\" target=\"_self\" rel=\"nofollow noopener\" title=\"https:\/\/elpais.com\/america\/2025-10-15\/rodrigo-paz-amenaza-con-enjuiciar-al-presidente-arce-en-el-cierre-de-campana-en-bolivia.html\">centroderechista Rodrigo Paz<\/a>, un candidato que parti\u00f3 de cero y logr\u00f3 seducir al electorado ind\u00edgena que qued\u00f3 hu\u00e9rfano de representaci\u00f3n.<\/p>\n<p>M\u00e1s informaci\u00f3n<\/p>\n<p class=\"\">Ya pas\u00f3 el tiempo en que<a href=\"https:\/\/elpais.com\/america\/2025-10-17\/bolivia-ante-el-reto-de-un-nuevo-modelo-de-desarrollo-sin-gas.html\" target=\"_self\" rel=\"nofollow noopener\" title=\"https:\/\/elpais.com\/america\/2025-10-17\/bolivia-ante-el-reto-de-un-nuevo-modelo-de-desarrollo-sin-gas.html\"> las regal\u00edas por la exportaci\u00f3n de gas <\/a>alcanzaban para financiar un proyecto de redistribuci\u00f3n de la riqueza y Estado presente. El gas se ha acabado por falta de inversi\u00f3n en exploraci\u00f3n y Bolivia ha entrado en recesi\u00f3n. La inflaci\u00f3n est\u00e1 disparada, faltan de d\u00f3lares para pagar importaciones y hay desabastecimiento de combustibles. Los proyectos de ambos candidatos para capear el temporal son similares: los dos quieren impulsar exportaciones, \u201cdestrabar\u201d al sector privado, achicar el Estado y fomentar y proteger la inversi\u00f3n extranjera. Las diferencias est\u00e1n en los m\u00e9todos, seg\u00fan el economista Ricardo Fern\u00e1ndez: \u201cTuto propone un ajuste r\u00e1pido y profundo, con m\u00e1s riesgo de dolor y un mucho mayor riesgo de consolidaci\u00f3n autodestructiva; Paz habla de ordenar gradualmente, pero el tema es tambi\u00e9n la inteligencia con la que lo logre\u201d. <\/p>\n<p class=\"\">Paz propone para ello recortar gastos \u201csuperfluos\u201d en la administraci\u00f3n p\u00fablica, que calcula en 1.500 millones de d\u00f3lares, adem\u00e1s de usar otros 3.500 millones de pr\u00e9stamos que la Asamblea aprob\u00f3 recientemente. \u201cSi se corta la \u2018grasa\u2019 administrativa y se cuida la inversi\u00f3n en infraestructura \u00fatil, o se impulsa el saneamiento b\u00e1sico y el urbanismo, la econom\u00eda resiste mejor y las cuentas se ordenan con menor dolor\u201d. Su caballito de batalla para seducir a los sectores ind\u00edgenas que antes votaban al MAS ha sido lo que llama \u201ccapitalismo para todos\u201d. <\/p>\n<p class=\"\">\u201cTodas las medidas de Paz son para los cuentapropistas. Dice \u2018vamos a liberalizar, pero no para los ricos; lo haremos para los pobres\u201d, explica el economista y analista Armando Ortu\u00f1o. En el cierre de campa\u00f1a en Cochabamba, el martes pasado, Paz dijo que en Bolivia ya \u201cno habr\u00e1 contrabando porque todo ser\u00e1 legal\u201d. \u201cBajaremos los aranceles para acabar con ese Estado tranca que no nos permite traer productos, tecnolog\u00eda. Necesitamos cr\u00e9ditos a bajos intereses\u201d, dijo. Ha prometido incluso un \u201cperdonazo\u201d tributario como parte de un \u201cplan platita\u201d que movilice la econom\u00eda.<\/p>\n<p class=\"\">El l\u00edder democristiano afirma que hay que \u201cordenar la casa\u201d antes de solicitar nuevos cr\u00e9ditos al Fondo. Tuto le responde que \u201cla casa se est\u00e1 incendiando\u201d y que es necesario cuanto antes la actuaci\u00f3n de un bombero \u201ccon agua verde de d\u00f3lares\u201d. Una vez resuelta la emergencia, \u201chay que hacer un renacimiento de los hidrocarburos, entender que los d\u00f3lares vienen cuando traes inversi\u00f3n y generas producci\u00f3n exportable\u201d, dijo Quiroga en entrevista con EL PA\u00cdS. \u201cPero antes de llegar a eso tienes colas para cargar di\u00e9sel y gasolina, alta inflaci\u00f3n y los d\u00f3lares atrapados en los bancos. Por eso hay que reconstruir Bolivia. El paciente tiene que venir con anestesia y suero y ya despu\u00e9s vendr\u00e1n la miner\u00eda, los hidrocarburos y la reconstrucci\u00f3n\u201d, agreg\u00f3 el candidato. Para reemplazar las regal\u00edas del gas que ya no llegan, Quiroga propone convertir a Bolivia en una potencia mundial en la producci\u00f3n de litio.<\/p>\n<p class=\"\">Los sondeos muestran que Paz capt\u00f3 el voto del occidente del pa\u00eds, andino y con predominancia aimara y quechua. Una pieza clave de su campa\u00f1a fue su candidato a vicepresidente, Edman Lara, un expolic\u00eda muy popular en redes sociales con un marcado discurso anticorrupci\u00f3n. Tuto Quiroga, en cambio, controla el voto de la parte oriental y selv\u00e1tica del pa\u00eds, de mayor\u00eda criolla y volcada a la agroindustira. <\/p>\n<p class=\"\">El analista pol\u00edtico Diego Ayo dice que la identidad \u00e9tnica pesa a la hora de votar, pero no como hace 20 a\u00f1os: \u201cHa surgido una burgues\u00eda aimara que, m\u00e1s que los ayllus o la comunidad, se interesa en mantener su capital econ\u00f3mico\u201d. En este trance, prefiere apostar por Paz que por Tuto Quiroga. Del otro lado, est\u00e1n los empresarios ganaderos y los profesionales urbanos, identificados con las pol\u00edticas neoliberales que propone el expresidente. <\/p>\n<p>La sombra de Evo Morales<\/p>\n<p class=\"\">El pr\u00f3ximo gobierno tendr\u00e1 que lidiar con las urgencias econ\u00f3micas y tambi\u00e9n con Morales. Desde que se emiti\u00f3 <a href=\"https:\/\/elpais.com\/america\/2024-12-18\/la-fiscalia-de-bolivia-pide-la-prision-preventiva-de-evo-morales-en-una-causa-por-presunto-abuso.html\" target=\"_self\" rel=\"nofollow noopener\" title=\"https:\/\/elpais.com\/america\/2024-12-18\/la-fiscalia-de-bolivia-pide-la-prision-preventiva-de-evo-morales-en-una-causa-por-presunto-abuso.html\">una orden de aprehensi\u00f3n en su contra<\/a> en una causa por estupro, Morales vive entre una casa improvisada en la sede de las Seis Federaciones del Tr\u00f3pico de Cochabamba, en Lauca \u00d1, y una parcela de su propiedad a media hora en coche. Para llegar hasta \u00e9l se debe pasar un resguardo de cientos de ind\u00edgenas quechuas que se turnan para vigilar \u201cal jefazo\u201d durante las 24 horas. Se han armado con lanzas de madera y basureros convertidos en escudos. Ya dentro, Morales ha reproducido un despacho presidencial: est\u00e1n la bandera de Bolivia, la de Cochabamba y la wiphala; la fotograf\u00eda con la medalla presidencial y otra en la que aparece abrazado con Ch\u00e1vez y Castro. En su parcela cultiva naranjas y tiene un criadero de tambaquis, un pez de agua dulce que vende a los restaurantes de la zona.<\/p>\n<p class=\"\">Tuto Quiroga ha anticipado en una entrevista con este peri\u00f3dico que ir\u00e1 por Evo Morales, porque \u201ccuando hay una orden de aprehensi\u00f3n, el Gobierno la ejecuta\u201d. Sobre la posibilidad de que una captura active una ola de protestas, Quiroga pidi\u00f3 no \u201csobredimensionar la valent\u00eda de Morales\u201d. La inquina entre ambos dirigentes se remonta a 2005, cuando el por entonces l\u00edder sindical cocalero venci\u00f3 en las elecciones presidenciales a un Quiroga que estaba convencido de que llegar\u00eda sin obst\u00e1culos al Palacio Quemado. <\/p>\n<p class=\"\">Rodrigo Paz, en cambio, opt\u00f3 durante la campa\u00f1a por esquivar la cuesti\u00f3n cada vez que fue consultado. \u00bfQu\u00e9 har\u00e1 Evo Morales el lunes, una vez conocidos los resultados? \u201cEsperar\u201d, dice el analista pol\u00edtico Ra\u00fal Pe\u00f1aranda, director de Br\u00fajula digital. \u201cEvo no puede ser candidato a la presidencia y eso le quita futuro. Puede hacer protestas\u201d, sostiene, \u201cpero si no puede ser presidente todo pierde un sentido. El MAS tendr\u00e1 que buscar otros l\u00edderes\u201d.<\/p>\n","protected":false},"excerpt":{"rendered":"Bolivia girar\u00e1 este domingo hacia la derecha con la elecci\u00f3n de un nuevo presidente que, por primera vez&hellip;\n","protected":false},"author":2,"featured_media":186676,"comment_status":"","ping_status":"","sticky":false,"template":"","format":"standard","meta":{"footnotes":""},"categories":[42],"tags":[889,8997,17,18,9827,20567,20568,13,14,11,61,62,63,64,20571,19,20,1804,1179,9,10,15,16,957,25600,12,21,22,4247,65,66,67],"class_list":{"0":"post-186675","1":"post","2":"type-post","3":"status-publish","4":"format-standard","5":"has-post-thumbnail","7":"category-internacional","8":"tag-america","9":"tag-bolivia","10":"tag-breaking-news","11":"tag-breakingnews","12":"tag-crisis-economica","13":"tag-elecciones-bolivia","14":"tag-evo-morales","15":"tag-featured-news","16":"tag-featurednews","17":"tag-headlines","18":"tag-internacional","19":"tag-international","20":"tag-international-news","21":"tag-internationalnews","22":"tag-jorge-f-quiroga","23":"tag-latest-news","24":"tag-latestnews","25":"tag-latinoamerica","26":"tag-mas","27":"tag-news","28":"tag-noticias","29":"tag-noticias-destacadas","30":"tag-noticiasdestacadas","31":"tag-partidos-politicos","32":"tag-rodrigo-paz-pereira","33":"tag-titulares","34":"tag-ultimas-noticias","35":"tag-ultimasnoticias","36":"tag-ultraderecha","37":"tag-world","38":"tag-world-news","39":"tag-worldnews"},"share_on_mastodon":{"url":"","error":""},"_links":{"self":[{"href":"https:\/\/www.europesays.com\/es\/wp-json\/wp\/v2\/posts\/186675","targetHints":{"allow":["GET"]}}],"collection":[{"href":"https:\/\/www.europesays.com\/es\/wp-json\/wp\/v2\/posts"}],"about":[{"href":"https:\/\/www.europesays.com\/es\/wp-json\/wp\/v2\/types\/post"}],"author":[{"embeddable":true,"href":"https:\/\/www.europesays.com\/es\/wp-json\/wp\/v2\/users\/2"}],"replies":[{"embeddable":true,"href":"https:\/\/www.europesays.com\/es\/wp-json\/wp\/v2\/comments?post=186675"}],"version-history":[{"count":0,"href":"https:\/\/www.europesays.com\/es\/wp-json\/wp\/v2\/posts\/186675\/revisions"}],"wp:featuredmedia":[{"embeddable":true,"href":"https:\/\/www.europesays.com\/es\/wp-json\/wp\/v2\/media\/186676"}],"wp:attachment":[{"href":"https:\/\/www.europesays.com\/es\/wp-json\/wp\/v2\/media?parent=186675"}],"wp:term":[{"taxonomy":"category","embeddable":true,"href":"https:\/\/www.europesays.com\/es\/wp-json\/wp\/v2\/categories?post=186675"},{"taxonomy":"post_tag","embeddable":true,"href":"https:\/\/www.europesays.com\/es\/wp-json\/wp\/v2\/tags?post=186675"}],"curies":[{"name":"wp","href":"https:\/\/api.w.org\/{rel}","templated":true}]}}