{"id":186680,"date":"2025-10-19T07:46:09","date_gmt":"2025-10-19T07:46:09","guid":{"rendered":"https:\/\/www.europesays.com\/es\/186680\/"},"modified":"2025-10-19T07:46:09","modified_gmt":"2025-10-19T07:46:09","slug":"el-adios-de-morante-conmociona-el-mundo-del-toro","status":"publish","type":"post","link":"https:\/\/www.europesays.com\/es\/186680\/","title":{"rendered":"El adi\u00f3s de Morante conmociona el mundo del toro"},"content":{"rendered":"<p>El pasado domingo 12 de octubre se vivi\u00f3 en las Ventas una tarde que pasar\u00e1 a la historia de la Fiesta Nacional. Jos\u00e9 Antonio Morante Camacho, conocido como Morante de la Puebla, se quitaba la coleta. En \u00ab<a href=\"https:\/\/www.canalsur.es\/Los-reporteros-3036.html\" target=\"_blank\" rel=\"nofollow noopener\">Los Reporteros\u00bb<\/a> analizamos si figura.<\/p>\n<p>Con l\u00e1grimas en los<strong> ojos pon\u00eda punto final a casi tres d\u00e9cadas como matador de toros.<\/strong> Con l\u00e1grimas en los ojos pon\u00eda punto y final a casi tres d\u00e9cadas como matador de toros. Se despidi\u00f3 dejando su sello con una faena memorable. Cort\u00f3 dos orejas. Saliendo por la puerta grande, por segunda vez en esta temporada, con el p\u00fablico madrile\u00f1o rendido a su arte. Compa\u00f1eros, cr\u00edticos y aficionados lloran su retirada.\u00a0<\/p>\n<p><strong>Ni siquiera su madre,<\/strong> <strong>Pepi Camacho sab\u00eda lo que Morante iba a hacer tras su faena.<\/strong> Habla en exclusiva para este programa. \u00abCuando yo reaccion\u00e9 digo: por esto no hay que tener sentimientos. \u00c9l se ha quitado la coleta, pues que no toree m\u00e1s. Est\u00e1 toreando desde que ten\u00eda 9 meses. Si ahora se la ha quitado, pues mira, ya ha cumplido. Y ha salido de lo que le ha pasado ahora mismo&#8230; Ha salido bien. Pues ya est\u00e1. No pasa nada. Yo dec\u00eda: dios m\u00edo, mi ni\u00f1o se va a quedar vac\u00edo; a lo mejor se va a poner peor\u00bb<\/p>\n<p>Todo indica que la decisi\u00f3n de retirarse la toma horas antes. Hace quince d\u00edas le pregunt\u00e1bamos por su retirada y esto nos dec\u00eda. \u00abMi edad ya no es la de un ni\u00f1o. Y bueno, pues, los compromisos fuertes cuestan trabajo de afrontarlos, pero <strong>esper\u00e9 a que termine la temporada y ya veremos\u00bb<\/strong><\/p>\n<p><strong>Pero necesita priorizar la salud y centrarse en el tratamiento de la enfermedad mental que padece.<\/strong> Un trastorno disociativo diagnosticado cuando ten\u00eda 22 a\u00f1os y que afecta a la memoria, la identidad y la percepci\u00f3n de la realidad. Su madre explica que \u00abesta enfermedad si t\u00fa tienes preocupaciones, no se acaba nunca. Est\u00e1 viendo en Portugal sus m\u00e9dicos y ha ido para all\u00e1 y quiera dios que le vengan mejor las medicinas, que se relaje un poco. Por lo menos en los toros\u00bb.<\/p>\n<p>Necesita, est\u00e1 claro, <strong>descansar, reajustar el tratamiento psiqui\u00e1trico<\/strong>, que no se puede hacer en activo. Y hab\u00eda que parar. Y ha sido un poco un sobreesfuerzo f\u00edsico y ps\u00edquico tremendo, o sea, ahora de momento, parar.<\/p>\n<p>Aficionados y cr\u00edticos taurinos, <strong>consideran que no se retira un torero m\u00e1s,<\/strong> si no uno, que ha traspasado de largo, la l\u00ednea de lo excepcional. Banderillea como nadie. Recibe a porta gallolas como nadie, gira ver\u00f3nicas como nadie, con la mano izquierda al natural. Morante maneja todos los tercios con una capacidad y pureza inigualables.<\/p>\n<p>Seguramente no ha habido en la historia un torero que haya toreado mejor que Morante de la Puebla. En esta temporada, de momento, la \u00faltima, ha sido algo inalcanzable, inconmensurable. <strong>Con un punto de inmolaci\u00f3n frente al toro.<\/strong> Morante ha sido torero artista, valiente como el que m\u00e1s en los \u00faltimos a\u00f1os, m\u00e1s todav\u00eda, y ha tenido el don del arte. Eso es nacer as\u00ed, cuentan los cr\u00edticos.<\/p>\n<p>Una regularidad en el arte que es absolutamente ins\u00f3lito en la historia del toreo. El toreo de arte iba ligado a la palabra irregularidad. Lo que ha conseguido Morante desde la pandemia a estos a\u00f1os es algo absolutamente hist\u00f3rico. Y lo de este a\u00f1o, b\u00edblico. <strong>Una tauromaquia que es el compendio de todas las tauromaquias que hemos conocido<\/strong>. Morante asimila los toreros del pasado y es torero de vanguardia.<\/p>\n<p>No es que copie a nadie. Te pega unos lances y dices Rafael de Paula; una ver\u00f3nica y dices me recuerda a Belmonte; le da con capote a una mano&#8230; y Joselito&#8230; <strong>Es irreemplazable. No hay nadie capaz de llenar el hueco de Morante.<\/strong><\/p>\n<p>Su madre nos cuenta que con tan solo 5 a\u00f1os Morante lloraba porque los reyes no le tra\u00edan lo que m\u00e1s quer\u00eda, un traje de torero. Atesorado lleva 42 a\u00f1os y nos lo muestra.<strong> Su primo y mozo de espadas nos cuenta que su amor por los toros empez\u00f3 siendo un juego<\/strong>. \u00abJug\u00e1bamos en esta calle que es m\u00e1s tranquila que la principal. Nos embest\u00edamos un rato cada uno, pero el que m\u00e1s afici\u00f3n ten\u00eda era \u00e9l, ten\u00eda esa cosa en la cabeza\u00bb.<\/p>\n<p>Nunca fue a una escuela taurina, aprendi\u00f3 en el campo. Con nueve a\u00f1os debut\u00f3 como becerrista en esta plaza de La Puebla del R\u00edo. Los vecinos se acercaban para comprobar si lo que dec\u00edan del joven Morante era cierto.\u00a0<\/p>\n<p>Ya en 1996 en Canal Sur nos fijamos en el joven novillero. Se le ve\u00edan cosas muy interesantes. Su carrera fue fulgurante. Sin tener cumplidos los 18 toma la alternativa en Burgos. <strong>C\u00e9sar Rinc\u00f3n fue su padrino y su testigo Fernando Cepeda. Cort\u00f3 una oreja a cada uno de sus toros.<\/strong><\/p>\n<p><strong>Su mayor gesta se produce en La Maestranza de Sevilla en 2023 cortando el rabo a Ligerito.<\/strong> Trofeo que hac\u00eda m\u00e1s de 50 a\u00f1os que no se otorgaba a ning\u00fan matador de toros.<\/p>\n<p><strong>Ese d\u00eda fue la culminaci\u00f3n de este ni\u00f1o que quer\u00eda ser torero y ten\u00eda arte.<\/strong> Cortar un rabo es muy dif\u00edcil y alguien puede decir \u00abno se lo merec\u00eda\u00bb. No hubo discusi\u00f3n. Quiz\u00e1 la faena m\u00e1s perfecta que he visto en millones de faenas.<\/p>\n<p>Adem\u00e1s de su arte en los ruedos los cr\u00edticos destacan su capacidad para atraer al p\u00fablico m\u00e1s joven a las plazas. Esto es historia del toreo, el mejor del siglo XXI.<\/p>\n<p>Sin estrategia medi\u00e1tica, sin departamento de comunicaci\u00f3n, ha sabido<strong> conectar con una generaci\u00f3n de chavales que ve\u00edan la tauromaquia con perspectiva lejana.<\/strong> Se coleccionan cromos de Morante de la Puebla. Un hombre de 46 a\u00f1os se ha convertido en un \u00eddolo total. La autenticidad de Morante, lo genuino, explica que haya impactado entre los chavales.<\/p>\n<p>Desde el punto de vista empresarial hay consenso en que su retirada va a pasar factura a las taquillas. Un verdadero drama para montar las ferias del a\u00f1o que viene. Se va a notar porque se hab\u00eda montado hasta un &#8216;tour Morante&#8217; para seguirlo por todas las plazas.<\/p>\n<p><strong>Se ha convertido en un torero taquillero<\/strong>. Sus entradas se acababan antes que las de Roca. Es inaudito. El fen\u00f3meno del morantismo ha sido un tsunami esta temporada en Espa\u00f1a.<\/p>\n<p>Y ahora s\u00f3lo hay una pregunta que todos los aficionados se hacen:<strong> \u00bfvolver\u00e1?.\u00a0<\/strong><\/p>\n","protected":false},"excerpt":{"rendered":"El pasado domingo 12 de octubre se vivi\u00f3 en las Ventas una tarde que pasar\u00e1 a la historia&hellip;\n","protected":false},"author":2,"featured_media":186681,"comment_status":"","ping_status":"","sticky":false,"template":"","format":"standard","meta":{"footnotes":""},"categories":[277],"tags":[373,168,52510,25,24,23,167,374],"class_list":{"0":"post-186680","1":"post","2":"type-post","3":"status-publish","4":"format-standard","5":"has-post-thumbnail","7":"category-toreo","8":"tag-bullfighting","9":"tag-deportes","10":"tag-el-adios-de-morante-conmociona-el-mundo-del-toro","11":"tag-es","12":"tag-espana","13":"tag-spain","14":"tag-sports","15":"tag-toreo"},"share_on_mastodon":{"url":"","error":""},"_links":{"self":[{"href":"https:\/\/www.europesays.com\/es\/wp-json\/wp\/v2\/posts\/186680","targetHints":{"allow":["GET"]}}],"collection":[{"href":"https:\/\/www.europesays.com\/es\/wp-json\/wp\/v2\/posts"}],"about":[{"href":"https:\/\/www.europesays.com\/es\/wp-json\/wp\/v2\/types\/post"}],"author":[{"embeddable":true,"href":"https:\/\/www.europesays.com\/es\/wp-json\/wp\/v2\/users\/2"}],"replies":[{"embeddable":true,"href":"https:\/\/www.europesays.com\/es\/wp-json\/wp\/v2\/comments?post=186680"}],"version-history":[{"count":0,"href":"https:\/\/www.europesays.com\/es\/wp-json\/wp\/v2\/posts\/186680\/revisions"}],"wp:featuredmedia":[{"embeddable":true,"href":"https:\/\/www.europesays.com\/es\/wp-json\/wp\/v2\/media\/186681"}],"wp:attachment":[{"href":"https:\/\/www.europesays.com\/es\/wp-json\/wp\/v2\/media?parent=186680"}],"wp:term":[{"taxonomy":"category","embeddable":true,"href":"https:\/\/www.europesays.com\/es\/wp-json\/wp\/v2\/categories?post=186680"},{"taxonomy":"post_tag","embeddable":true,"href":"https:\/\/www.europesays.com\/es\/wp-json\/wp\/v2\/tags?post=186680"}],"curies":[{"name":"wp","href":"https:\/\/api.w.org\/{rel}","templated":true}]}}