{"id":186684,"date":"2025-10-19T07:52:08","date_gmt":"2025-10-19T07:52:08","guid":{"rendered":"https:\/\/www.europesays.com\/es\/186684\/"},"modified":"2025-10-19T07:52:08","modified_gmt":"2025-10-19T07:52:08","slug":"demasiado-uemc-valladolid-para-un-colista-indefenso","status":"publish","type":"post","link":"https:\/\/www.europesays.com\/es\/186684\/","title":{"rendered":"Demasiado UEMC Valladolid para un colista indefenso"},"content":{"rendered":"<p>Fue un partido sin historia. No s\u00e9 hab\u00eda cumplido el minuto uno, y ya se intu\u00eda que el electr\u00f3nico podr\u00eda irse a la centena&#8230; Demasiado  &#8230; l\u00edder para tan poco colista en un cruce de trayectorias que hace menos de un a\u00f1o se ver\u00eda imposible en tierras pucelanas y tierras navarras. C\u00f3mo creer que un equipo de &#8216;play off&#8217; de Primera FEB, con \u00ednfulas de ACB recibir\u00eda a uno de dos categor\u00edas inferiores \u2013de bronce\u2013 en el campeonato dom\u00e9stico&#8230; <\/p>\n<p class=\"v-scr__t\">UEMC Valladolid<\/p>\n<p class=\"v-scr__p v-scr__p--3\">Pablo Mar\u00edn (6), Isaac &#8216;Ice&#8217; Haney (16), Pablo Mart\u00edn (0), I\u00f1aki Ord\u00f3\u00f1ez (11), Mohamed Fares Ochi (6) -quinteto inicial-, Zaiwo (17), Jacob Hanna (13), Juan Garc\u00eda-Abril (6), Juan Rodr\u00edguez Neri (-), Pau Isern (9), Pablo Mart\u00edn (11) y Lucas Barnes (-).<\/p>\n<p class=\"v-scr__n-c v-scr__n-c--1 \">\n 95\n<\/p>\n<p class=\"v-scr__n-c v-scr__n-c--2\">\n&#8211;\n<\/p>\n<p class=\"v-scr__n-c v-scr__n-c--3 \">\n 70\n<\/p>\n<p class=\"v-scr__t\">Castillo de Gorraiz Valle de Eg\u00fc\u00e9s<\/p>\n<p class=\"v-scr__p v-scr__p--3\">Alejandro Rubiera (4), Pablo Yarnoz (5), Jaxon Knotek (14), James Potier (7), Jean-Baptiste Djery (5) -quinteto inicial-. Tambi\u00e9n jugaron: Alexander Calvo (8), Pau Elso (0), Javier Lacunza (13), Cedomir Zizic (6), Nahuel del Val (8) y Pablo Fern\u00e1ndez (-).<\/p>\n<ul class=\"v-u\">\n<li class=\"v-u__l\">\n<p class=\"v-p\">\nParciales<br \/>\n31-18, 21-18, 26-16 y 17-18 (95-70 final).\n<\/p>\n<\/li>\n<li class=\"v-u__l\">\n<p class=\"v-p\">\n\u00c1rbitros<br \/>\nAlejo S\u00e1nchez, Andrea y Cotta \u00c1vila, Daniel. Sin eliminados\n<\/p>\n<\/li>\n<li class=\"v-u__l\">\n<p class=\"v-p\">\nOtros datos<br \/>\nPartido correspondiente a la tercera jornada de la Segunda FEB, disputado en el Polideportivo Pisuerga ante alrededor de 2.500 espectadores.\n<\/p>\n<\/li>\n<\/ul>\n<p class=\"v-p\">La realidad que le ha tocado vivir al UEMC CBC Valladolid despu\u00e9s de un descenso que le convierte en cabeza de rat\u00f3n \u2013de momento, rat\u00f3n gigante\u2013 tras su traum\u00e1tico descenso a la Segunda FEB.<\/p>\n<p class=\"v-p\">La realidad que le ha tocado vivir al Castillo de Gorraiz Valle de Eg\u00fc\u00e9s, al que a estas horas a\u00fan hay aficionados morados que tratan de situar en el mapa. El equipo navarro es un reci\u00e9n ascendido tras una temporada hist\u00f3rica para el club foral que se sald\u00f3 con su irrupci\u00f3n en la tercera categor\u00eda del baloncesto nacional, pero a estas alturas a\u00fan le falta mucho poso para jugar en una cancha como el Polideportivo Pisuerga, con halo de pista hist\u00f3rica, aunque en la actualidad en las gradas haya algo de eco.<\/p>\n<p class=\"v-p\">Sin embargo, el proyecto deportivo, a tenor de los resultados, y pese a las bajas \u2013con la enfermer\u00eda incapaz de vaciarse\u2013 va viento en popa, con una buena gesti\u00f3n desde el banquillo por parte del t\u00e9cnico local, David Barrio, que hincha las velas.<\/p>\n<p class=\"v-p\">Con jugadores por encima de la categor\u00eda, firmados con esa f\u00f3rmula del 1+1 \u2013ya llegar\u00e1 mayo de 2026 para hacer balance\u2013, lo cierto es que el UEMC se ha mostrado implacable en los tres primeros partidos de Liga, alcanzando sus m\u00e1ximos en la tarde de ayer ante el colista.<\/p>\n<p class=\"v-p\">Lo dicho, no se hab\u00eda cumplido el primer minuto e I\u00f1aki Ord\u00f3\u00f1ez ya hab\u00eda puesto tierra de por medio. Pero es que Jacob Hanna \u2013el de los mates en el campus universitario de la UEMC\u2013 repet\u00eda el concurso, pero en partido oficial y ante su p\u00fablico. No solo mostraba sus dotes a la hora de machacar, sino tambi\u00e9n con internadas a toda la cancha, que terminaban con la canasta y la falta correspondiente, que se convert\u00eda en ese 2+1, que levantaba al p\u00fablico y desesperaba al rival a las primeras de cambio.<\/p>\n<p class=\"v-p\">Y si a Hanna se le a\u00f1ad\u00eda desde el per\u00edmetro &#8216;Ice&#8217; Haney, con tres de cinco desde el per\u00edmetro, poco le quedaba al Valle de Eg\u00fces para mantener el tipo. El marcado no fue esc\u00e1ndaloso al t\u00e9rmino de los primeros diez minutos, porque los navarros fueron capaces de contestar desde m\u00e1s all\u00e1 de la l\u00ednea del triple, con un cuatro de ocho, que le daba &#8216;algo&#8217; de vida con el 31-18.<\/p>\n<p class=\"v-p\">En el segundo y tercer cuarto, el equipo de Barrio baj\u00f3 &#8216;algo&#8217; \u2013tambi\u00e9n\u2013 el pie del acelerador, pero le permiti\u00f3 ver por primera vez en la Liga un rotaci\u00f3n aceptable, con el regreso de Pau Isern y Samuel Taiwo, que completaron un buen encuentro, sobre todo en el caso del p\u00edvot, que termin\u00f3 como m\u00e1ximo anotador, con 17 puntos.<\/p>\n<p class=\"v-p\">El \u00faltimo cuarto solo sirvi\u00f3 para ver si el equipo local llevaba el marcador hasta la centena, despu\u00e9s de apagar de forma inmediata el intento de reacci\u00f3n de los navarros a la vuelta del descanso. No hubo opci\u00f3n, y el UEMC manej\u00f3 m\u00e1ximas rozando los treinta puntos, con hasta cinco jugadores por encima de los dobles d\u00edgitos en anotaci\u00f3n.<\/p>\n","protected":false},"excerpt":{"rendered":"Fue un partido sin historia. No s\u00e9 hab\u00eda cumplido el minuto uno, y ya se intu\u00eda que el&hellip;\n","protected":false},"author":2,"featured_media":186685,"comment_status":"","ping_status":"","sticky":false,"template":"","format":"standard","meta":{"footnotes":""},"categories":[269],"tags":[299,298,46761,168,25,24,52511,23,167,41388,1607],"class_list":{"0":"post-186684","1":"post","2":"type-post","3":"status-publish","4":"format-standard","5":"has-post-thumbnail","7":"category-baloncesto","8":"tag-baloncesto","9":"tag-basketball","10":"tag-colista","11":"tag-deportes","12":"tag-es","13":"tag-espana","14":"tag-indefenso","15":"tag-spain","16":"tag-sports","17":"tag-uemc","18":"tag-valladolid"},"share_on_mastodon":{"url":"","error":""},"_links":{"self":[{"href":"https:\/\/www.europesays.com\/es\/wp-json\/wp\/v2\/posts\/186684","targetHints":{"allow":["GET"]}}],"collection":[{"href":"https:\/\/www.europesays.com\/es\/wp-json\/wp\/v2\/posts"}],"about":[{"href":"https:\/\/www.europesays.com\/es\/wp-json\/wp\/v2\/types\/post"}],"author":[{"embeddable":true,"href":"https:\/\/www.europesays.com\/es\/wp-json\/wp\/v2\/users\/2"}],"replies":[{"embeddable":true,"href":"https:\/\/www.europesays.com\/es\/wp-json\/wp\/v2\/comments?post=186684"}],"version-history":[{"count":0,"href":"https:\/\/www.europesays.com\/es\/wp-json\/wp\/v2\/posts\/186684\/revisions"}],"wp:featuredmedia":[{"embeddable":true,"href":"https:\/\/www.europesays.com\/es\/wp-json\/wp\/v2\/media\/186685"}],"wp:attachment":[{"href":"https:\/\/www.europesays.com\/es\/wp-json\/wp\/v2\/media?parent=186684"}],"wp:term":[{"taxonomy":"category","embeddable":true,"href":"https:\/\/www.europesays.com\/es\/wp-json\/wp\/v2\/categories?post=186684"},{"taxonomy":"post_tag","embeddable":true,"href":"https:\/\/www.europesays.com\/es\/wp-json\/wp\/v2\/tags?post=186684"}],"curies":[{"name":"wp","href":"https:\/\/api.w.org\/{rel}","templated":true}]}}