{"id":186694,"date":"2025-10-19T07:57:08","date_gmt":"2025-10-19T07:57:08","guid":{"rendered":"https:\/\/www.europesays.com\/es\/186694\/"},"modified":"2025-10-19T07:57:08","modified_gmt":"2025-10-19T07:57:08","slug":"pedro-ruiz-cuenta-por-que-nunca-le-han-invitado-y-nunca-le-invitaran-a-el-hormiguero-habla-de","status":"publish","type":"post","link":"https:\/\/www.europesays.com\/es\/186694\/","title":{"rendered":"Pedro Ruiz cuenta por qu\u00e9 nunca le han invitado y nunca le invitar\u00e1n a &#8216;El Hormiguero&#8217;: habla de"},"content":{"rendered":"<p>Pedro Ruiz, <a href=\"https:\/\/www.huffingtonpost.es\/virales\/pedro-ruiz-claro-haria-tuviese-eurovision-participase-israel.html\" rel=\"nofollow noopener\" target=\"_blank\">uno de los presentadores y actores con una trayectoria m\u00e1s larga<\/a> de Espa\u00f1a, ha contado <a href=\"https:\/\/www.huffingtonpost.es\/virales\/preguntan-pedro-ruiz-que-opina-reverte-dijo-pedro-sanchez-el-deja-caer-esto-sobre-el-hormiguero.html\" rel=\"nofollow noopener\" target=\"_blank\">por qu\u00e9 nunca le han invitado a El Hormiguero<\/a>, el programa que Pablo Motos presenta en Antena 3 y que<b> es el &#8216;rey&#8217; del prime time\u00a0<\/b>con un 17,6% de share y 2.078.000 seguidores de media en su \u00faltima entrega.<\/p>\n<p>\u00abVoy a decir esto de hoy con toda sinceridad, como procuro siempre. La Revuelta y El Hormiguero son dos programas de \u00e9xito. A uno de ellos es seguro que no me invitar\u00e1n nunca, a El Hormiguero. Preguntadle a ellos. <b>Quiero decir que esto lo manifiesto sin ning\u00fan tipo de rencor\u00bb<\/b>, afirma Ruiz en un v\u00eddeo que ha subido a TikTok.<\/p>\n<p>\u00abLos tenaces y solventes encargados de comunicaci\u00f3n de los lugares donde trabajo, teatros, cines cuando lo hago, editoriales, libros, han intentado siempre que yo fuera al programa, a El Hormiguero, sin que yo interviniera para nada en la gesti\u00f3n. S\u00e9 que jam\u00e1s ir\u00e9 porque <b>hay all\u00ed una rencilla, un rencor<\/b>, que no proviene de su conductor, que lo impedir\u00e1 siempre\u00bb, afirma.<\/p>\n<p>\u00abEst\u00e1n en su derecho\u00bb<\/p>\n<p>\u00abSe lo digo a mis colaboradores para que no hagan intentos in\u00fatiles porque lo hacen y les torean. Es un programa, El Hormiguero, de prestigio, han ido desde Will Smith hasta P\u00e9rez Reverte, Gloria Estefan, presidentes del Gobierno, tambi\u00e9n ha ido Yurena y Leticia Sabater&#8230; es decir, van todos. <b>Est\u00e1n en su derecho de invitar a quien quieran y no invitarme a m\u00ed<\/b>\u00ab, admite.<\/p>\n<p>Dicho eso, Pedro Ruiz subraya que \u00e9l tiene el derecho de contestar como quiera cuando le preguntan por este asunto: \u00abIncluso los espectadores que vienen al teatro del Palacio de la Prensa, en las preguntas que hace el p\u00fablico, me lo han preguntado ya un par de veces.<b> Yo tengo derecho a contar mi verdad<\/b>. Que es sencillamente esa. S\u00e9 que no me invitar\u00e1n jam\u00e1s\u00bb.\u00a0<\/p>\n<p>\u00abYo no soy de excluir a nadie\u00bb<\/p>\n<p>\u00abY desde aqu\u00ed invito a David Broncano, a cuyo programa tampoco s\u00e9 si ir\u00e9, y a Pablo Motos a que vengan a ver mi espect\u00e1culo en el Palacio de la Prensa. Porque les invito en serio. Yo no soy de excluir a nadie, pero por m\u00ed no queda. <b>No soy de excluir a nadie, yo no<\/b>\u00ab, deja caer.<\/p>\n<p>Hace tiempo, en otro v\u00eddeo, Pedro Ruiz, con un mu\u00f1eco de Pepito Grillo en la mano, habl\u00f3 de este mismo tema y dijo:\u00a0<b>\u00abAh, no est\u00e1 mal eso&#8230; quiz\u00e1 sea por alg\u00fan motivo Salvador.<\/b> Corta, corta, corta\u00bb. Se da la coincidencia de que el director de El Hormiguero se llama, precisamente Jorge Salvador.<\/p>\n","protected":false},"excerpt":{"rendered":"Pedro Ruiz, uno de los presentadores y actores con una trayectoria m\u00e1s larga de Espa\u00f1a, ha contado por&hellip;\n","protected":false},"author":2,"featured_media":186695,"comment_status":"","ping_status":"","sticky":false,"template":"","format":"standard","meta":{"footnotes":""},"categories":[171],"tags":[5813,146,147,25,24,5812,39979,23,807,214],"class_list":{"0":"post-186694","1":"post","2":"type-post","3":"status-publish","4":"format-standard","5":"has-post-thumbnail","7":"category-tv","8":"tag-el-hormiguero","9":"tag-entertainment","10":"tag-entretenimiento","11":"tag-es","12":"tag-espana","13":"tag-pablo-motos","14":"tag-pedro-ruiz","15":"tag-spain","16":"tag-television","17":"tag-tv"},"share_on_mastodon":{"url":"","error":""},"_links":{"self":[{"href":"https:\/\/www.europesays.com\/es\/wp-json\/wp\/v2\/posts\/186694","targetHints":{"allow":["GET"]}}],"collection":[{"href":"https:\/\/www.europesays.com\/es\/wp-json\/wp\/v2\/posts"}],"about":[{"href":"https:\/\/www.europesays.com\/es\/wp-json\/wp\/v2\/types\/post"}],"author":[{"embeddable":true,"href":"https:\/\/www.europesays.com\/es\/wp-json\/wp\/v2\/users\/2"}],"replies":[{"embeddable":true,"href":"https:\/\/www.europesays.com\/es\/wp-json\/wp\/v2\/comments?post=186694"}],"version-history":[{"count":0,"href":"https:\/\/www.europesays.com\/es\/wp-json\/wp\/v2\/posts\/186694\/revisions"}],"wp:featuredmedia":[{"embeddable":true,"href":"https:\/\/www.europesays.com\/es\/wp-json\/wp\/v2\/media\/186695"}],"wp:attachment":[{"href":"https:\/\/www.europesays.com\/es\/wp-json\/wp\/v2\/media?parent=186694"}],"wp:term":[{"taxonomy":"category","embeddable":true,"href":"https:\/\/www.europesays.com\/es\/wp-json\/wp\/v2\/categories?post=186694"},{"taxonomy":"post_tag","embeddable":true,"href":"https:\/\/www.europesays.com\/es\/wp-json\/wp\/v2\/tags?post=186694"}],"curies":[{"name":"wp","href":"https:\/\/api.w.org\/{rel}","templated":true}]}}