{"id":186696,"date":"2025-10-19T07:58:24","date_gmt":"2025-10-19T07:58:24","guid":{"rendered":"https:\/\/www.europesays.com\/es\/186696\/"},"modified":"2025-10-19T07:58:24","modified_gmt":"2025-10-19T07:58:24","slug":"musica-como-puente-cultural-y-diplomatico-con-kazajstan","status":"publish","type":"post","link":"https:\/\/www.europesays.com\/es\/186696\/","title":{"rendered":"M\u00fasica como puente cultural y diplom\u00e1tico con Kazajst\u00e1n"},"content":{"rendered":"<p class=\"mb-4 text-lg md:leading-8 break-words\">La visita del cantante kazajo<b> Dimash Qudaibergen<\/b> a M\u00e9xico trasciende lo estrictamente musical. Sus presentaciones en el Auditorio Nacional (8 de octubre) y en el Palacio de los Deportes (10 de octubre) se convirtieron en una oportunidad para fortalecer los <b>lazos culturales entre M\u00e9xico y Kazajst\u00e1n<\/b>, a trav\u00e9s del poder blando del arte.<\/p>\n<p class=\"mb-4 text-lg md:leading-8 break-words\">Con millones de admiradores en todo el mundo, Dimash se ha consolidado como embajador cultural de su pa\u00eds, capaz de proyectar la riqueza art\u00edstica de <b>Asia Central<\/b> ante p\u00fablicos diversos. Su estilo, que combina \u00f3pera, pop contempor\u00e1neo y m\u00fasica tradicional kazaja, ofrece al p\u00fablico mexicano una experiencia sonora que refleja la identidad y el patrimonio cultural kazajo.<\/p>\n<p class=\"mb-4 text-lg md:leading-8 break-words\">Durante un encuentro con la comunidad kazaja en M\u00e9xico, la Embajada de Kazajst\u00e1n destac\u00f3 que \u201ccada concierto de Dimash es tambi\u00e9n un intercambio cultural. A trav\u00e9s de su arte, los mexicanos pueden conocer una parte esencial de <b>Kazajst\u00e1n<\/b>, su historia y su esp\u00edritu\u201d.<\/p>\n<p class=\"mb-4 text-lg md:leading-8 break-words\">El llamado \u201cfen\u00f3meno Dimash\u201d ejemplifica c\u00f3mo el soft power, o influencia cultural, puede fortalecer las relaciones bilaterales m\u00e1s all\u00e1 de los \u00e1mbitos pol\u00edtico y econ\u00f3mico. Para Kazajst\u00e1n, la gira latinoamericana del artista no s\u00f3lo proyecta su cultura ante nuevas audiencias, sino que tambi\u00e9n promueve un di\u00e1logo art\u00edstico con M\u00e9xico, pa\u00eds reconocido por su diversidad musical y su tradici\u00f3n en las artes esc\u00e9nicas.<\/p>\n","protected":false},"excerpt":{"rendered":"La visita del cantante kazajo Dimash Qudaibergen a M\u00e9xico trasciende lo estrictamente musical. Sus presentaciones en el Auditorio&hellip;\n","protected":false},"author":2,"featured_media":186697,"comment_status":"","ping_status":"","sticky":false,"template":"","format":"standard","meta":{"footnotes":""},"categories":[170],"tags":[52513,52514,146,147,25,24,52512,1906,184,185,25902,23],"class_list":{"0":"post-186696","1":"post","2":"type-post","3":"status-publish","4":"format-standard","5":"has-post-thumbnail","7":"category-musica","8":"tag-auditorio-nacional","9":"tag-dimash","10":"tag-entertainment","11":"tag-entretenimiento","12":"tag-es","13":"tag-espana","14":"tag-kazajstan","15":"tag-mexico","16":"tag-music","17":"tag-musica","18":"tag-palacio-de-los-deportes","19":"tag-spain"},"share_on_mastodon":{"url":"","error":""},"_links":{"self":[{"href":"https:\/\/www.europesays.com\/es\/wp-json\/wp\/v2\/posts\/186696","targetHints":{"allow":["GET"]}}],"collection":[{"href":"https:\/\/www.europesays.com\/es\/wp-json\/wp\/v2\/posts"}],"about":[{"href":"https:\/\/www.europesays.com\/es\/wp-json\/wp\/v2\/types\/post"}],"author":[{"embeddable":true,"href":"https:\/\/www.europesays.com\/es\/wp-json\/wp\/v2\/users\/2"}],"replies":[{"embeddable":true,"href":"https:\/\/www.europesays.com\/es\/wp-json\/wp\/v2\/comments?post=186696"}],"version-history":[{"count":0,"href":"https:\/\/www.europesays.com\/es\/wp-json\/wp\/v2\/posts\/186696\/revisions"}],"wp:featuredmedia":[{"embeddable":true,"href":"https:\/\/www.europesays.com\/es\/wp-json\/wp\/v2\/media\/186697"}],"wp:attachment":[{"href":"https:\/\/www.europesays.com\/es\/wp-json\/wp\/v2\/media?parent=186696"}],"wp:term":[{"taxonomy":"category","embeddable":true,"href":"https:\/\/www.europesays.com\/es\/wp-json\/wp\/v2\/categories?post=186696"},{"taxonomy":"post_tag","embeddable":true,"href":"https:\/\/www.europesays.com\/es\/wp-json\/wp\/v2\/tags?post=186696"}],"curies":[{"name":"wp","href":"https:\/\/api.w.org\/{rel}","templated":true}]}}