{"id":186706,"date":"2025-10-19T08:05:08","date_gmt":"2025-10-19T08:05:08","guid":{"rendered":"https:\/\/www.europesays.com\/es\/186706\/"},"modified":"2025-10-19T08:05:08","modified_gmt":"2025-10-19T08:05:08","slug":"multitudes-se-reunen-en-ciudades-de-ee-uu-en-las-protestas-no-kings-contra-trump","status":"publish","type":"post","link":"https:\/\/www.europesays.com\/es\/186706\/","title":{"rendered":"Multitudes se re\u00fanen en ciudades de EE. UU. en las protestas &#8216;No Kings&#8217; contra Trump"},"content":{"rendered":"<p>          <img decoding=\"async\" class=\"c-ad__placeholder__logo\" src=\"https:\/\/static.euronews.com\/website\/images\/logos\/logo-euronews-stacked-outlined-72x72-grey-9.svg\" width=\"72\" height=\"72\" alt=\"\" loading=\"lazy\"\/><br \/>\n          PUBLICIDAD<\/p>\n<p>Los estadounidenses de todo el pa\u00eds llenaron las calles el s\u00e1bado para <strong>protestar contra la direcci\u00f3n de su pa\u00eds bajo la presidencia de Donald Trump<\/strong> durante las <a href=\"https:\/\/es.euronews.com\/2025\/06\/14\/ee-uu-se-prepara-para-protestas-durante-el-desfile-militar-por-el-cumpleanos-de-trump\" rel=\"nofollow noopener\" target=\"_blank\">manifestaciones nacionales &#8216;No Kings&#8217;<\/a>, en espa\u00f1ol &#8216;No a los reyes&#8217;.<\/p>\n<p>Los manifestantes se congregaron en lugares como <strong>Times Square en Nueva York<\/strong>, el hist\u00f3rico <strong>Boston Commons<\/strong>, <strong>Grant Park en Chicago<\/strong>, <strong>Washington D.C.<\/strong> y cientos de espacios p\u00fablicos m\u00e1s peque\u00f1os. Se organizaron <strong>m\u00e1s de 2.600 protestas<\/strong> en todo el pa\u00eds.<\/p>\n<p>Antes del mediod\u00eda, ya se hab\u00edan reunido varios miles de personas en Times Square y en Washington. Coreaban <strong>\u00abTrump debe irse ahora\u00bb<\/strong> y llevaban carteles a veces profanos con consignas insultando al presidente y condenando su represi\u00f3n migratoria.<\/p>\n<p>Los manifestantes portaban <strong>pancartas<\/strong> con lemas como \u00ab<strong>Nada es m\u00e1s patri\u00f3tico que protestar\u00bb o \u00abResistir al fascismo\u00bb.<\/strong> En muchos lugares, la protesta parec\u00eda m\u00e1s una fiesta callejera, con bandas de m\u00fasica, una enorme pancarta con el pre\u00e1mbulo \u00abNosotros, el pueblo\u00bb de la Constituci\u00f3n de EE.UU. que la gente pod\u00eda firmar, y manifestantes disfrazados de ranas, s\u00edmbolo de resistencia en Portland, Oreg\u00f3n.<\/p>\n<p>Fue la tercera movilizaci\u00f3n masiva desde el regreso de Trump a la Casa Blanca y se produce en un <a href=\"https:\/\/es.euronews.com\/business\/2025\/10\/14\/eeuu-cierre-gobierno-mike-johnson\" rel=\"nofollow noopener\" target=\"_blank\">contexto de cierre gubernamenta<\/a>l que no solo ha cerrado programas y servicios federales, sino que est\u00e1 poniendo a prueba el n\u00facleo del equilibrio de poder, mientras un ejecutivo agresivo confronta al Congreso y a los tribunales de formas que los organizadores advierten que son un deslizamiento hacia el autoritarismo estadounidense.<\/p>\n<p>El Partido Republicano del presidente ha etiquetado <strong>las manifestaciones como \u00abRallies de odio a Am\u00e9rica\u00bb<\/strong>. Trump, por su parte, est\u00e1 fuera de Washington en su residencia de Mar-a-Lago en Florida. Se esperan protestas cercanas el s\u00e1bado.<\/p>\n<p><strong>\u00abDicen que me refieren a m\u00ed como un rey. No soy un rey\u00bb, dijo Trump<\/strong> en una entrevista con &#8216;Fox News&#8217; emitida el viernes temprano, antes de partir hacia una recaudaci\u00f3n de fondos de MAGA Inc. de 1 mill\u00f3n de d\u00f3lares por plato en su club.<\/p>\n<p>Multitudes se re\u00fanen para una protesta &#8216;No Kings&#8217;, el s\u00e1bado 18 de octubre de 2025, en Washington. Aunque las protestas anteriores de este a\u00f1o \u2014contra los recortes de Elon Musk en primavera y el desfile militar de Trump en junio\u2014 <a href=\"https:\/\/es.euronews.com\/2025\/05\/30\/el-supremo-de-eeuu-permite-a-trump-acabar-con-la-proteccion-legal-de-casi-un-millon-de-inm\" rel=\"nofollow noopener\" target=\"_blank\">atrajeron multitudes, los organizadores dicen que esta est\u00e1 uniendo a la oposici\u00f3n<\/a>.<\/p>\n<p>Importantes dem\u00f3cratas como el l\u00edder del Senado Chuck Schumer y el senador independiente Bernie Sanders se est\u00e1n uniendo a lo que los organizadores ven como un <strong>ant\u00eddoto contra las acciones de Trump, desde la represi\u00f3n de la libertad de expresi\u00f3n por parte de la administraci\u00f3n<\/strong> hasta sus redadas migratorias de estilo militar.<\/p>\n<p>\u00ab<strong>No hay mayor amenaza para un r\u00e9gimen autoritario que el poder del pueblo patri\u00f3tico<\/strong>\u00ab, dijo Ezra Levin, cofundador de Indivisible, uno de los organizadores clave.<\/p>\n<p>Europeos organizan protestas de solidaridad<\/p>\n<p>Cientos de personas tambi\u00e9n se reunieron en varias ciudades importantes de Europa para asistir a protestas en solidaridad con las manifestaciones en EE.UU.<\/p>\n<p>Asistidas principalmente por ciudadanos estadounidenses que viven en el extranjero, las protestas coincidieron con las manifestaciones &#8216;No Kings&#8217; en Estados Unidos, como por ejemplo en <strong>Berl\u00edn<\/strong>.<\/p>\n<p>Unos pocos <strong>cientos de personas en Madrid<\/strong> corearon consignas y levantaron pancartas en la manifestaci\u00f3n organizada por Democrats Abroad.<\/p>\n<p>En Helsinki, un manifestante dijo \u00abmuchos de mis amigos europeos simplemente no visitar\u00e1n Estados Unidos en este momento porque est\u00e1n preocupados por lo que podr\u00eda pasar si visitan\u00bb, y agreg\u00f3 \u00abcreo que EE.UU. se ha posicionado muy, muy mal en el escenario mundial, y creo que eso <strong>es por la administraci\u00f3n Trump\u00bb<\/strong>.<\/p>\n<p>Algunos de los carteles dec\u00edan \u00abNo Kings\u00bb, \u00abNo Faux-king way\u00bb, \u00abNo Kings, No Oligarcas, No fascismo\u00bb, \u00abNo Kings &#8211; solo Bad Bunny\u00bb, y \u00ab\u00a1Trump, deja de montarle la pata a Putin como un perro!\u00bb<\/p>\n<p>Varios cientos de personas tambi\u00e9n se reunieron en el centro de <strong>Par\u00eds<\/strong> en apoyo al movimiento &#8216;No Kings&#8217;. Se celebraron manifestaciones similares en Berl\u00edn, <strong>Lisboa<\/strong> y <strong>Roma<\/strong>, entre otras ciudades.<\/p>\n<p>Belinda Mullinix, una expatriada estadounidense en Par\u00eds que asisti\u00f3 vestida como la Estatua de la Libertad, dijo estar \u00abmuy preocupada de que haya personas que hayan sido separadas de sus familias, familias destrozadas, ni\u00f1os atados con bridas&#8230; <a href=\"https:\/\/es.euronews.com\/2025\/07\/11\/una-redada-del-ice-en-una-granja-de-marihuana-en-california-desata-violentos-enfrentamient\" rel=\"nofollow noopener\" target=\"_blank\">Esta ilegalidad de ICE<\/a> me preocupa mucho\u00bb.<\/p>\n","protected":false},"excerpt":{"rendered":"PUBLICIDAD Los estadounidenses de todo el pa\u00eds llenaron las calles el s\u00e1bado para protestar contra la direcci\u00f3n de&hellip;\n","protected":false},"author":2,"featured_media":186707,"comment_status":"","ping_status":"","sticky":false,"template":"","format":"standard","meta":{"footnotes":""},"categories":[42],"tags":[17,18,352,13,14,11,61,62,63,64,19,20,5087,9,10,15,16,2315,12,21,22,65,66,67],"class_list":{"0":"post-186706","1":"post","2":"type-post","3":"status-publish","4":"format-standard","5":"has-post-thumbnail","7":"category-internacional","8":"tag-breaking-news","9":"tag-breakingnews","10":"tag-donald-trump","11":"tag-featured-news","12":"tag-featurednews","13":"tag-headlines","14":"tag-internacional","15":"tag-international","16":"tag-international-news","17":"tag-internationalnews","18":"tag-latest-news","19":"tag-latestnews","20":"tag-manifestacion","21":"tag-news","22":"tag-noticias","23":"tag-noticias-destacadas","24":"tag-noticiasdestacadas","25":"tag-protestas","26":"tag-titulares","27":"tag-ultimas-noticias","28":"tag-ultimasnoticias","29":"tag-world","30":"tag-world-news","31":"tag-worldnews"},"share_on_mastodon":{"url":"","error":""},"_links":{"self":[{"href":"https:\/\/www.europesays.com\/es\/wp-json\/wp\/v2\/posts\/186706","targetHints":{"allow":["GET"]}}],"collection":[{"href":"https:\/\/www.europesays.com\/es\/wp-json\/wp\/v2\/posts"}],"about":[{"href":"https:\/\/www.europesays.com\/es\/wp-json\/wp\/v2\/types\/post"}],"author":[{"embeddable":true,"href":"https:\/\/www.europesays.com\/es\/wp-json\/wp\/v2\/users\/2"}],"replies":[{"embeddable":true,"href":"https:\/\/www.europesays.com\/es\/wp-json\/wp\/v2\/comments?post=186706"}],"version-history":[{"count":0,"href":"https:\/\/www.europesays.com\/es\/wp-json\/wp\/v2\/posts\/186706\/revisions"}],"wp:featuredmedia":[{"embeddable":true,"href":"https:\/\/www.europesays.com\/es\/wp-json\/wp\/v2\/media\/186707"}],"wp:attachment":[{"href":"https:\/\/www.europesays.com\/es\/wp-json\/wp\/v2\/media?parent=186706"}],"wp:term":[{"taxonomy":"category","embeddable":true,"href":"https:\/\/www.europesays.com\/es\/wp-json\/wp\/v2\/categories?post=186706"},{"taxonomy":"post_tag","embeddable":true,"href":"https:\/\/www.europesays.com\/es\/wp-json\/wp\/v2\/tags?post=186706"}],"curies":[{"name":"wp","href":"https:\/\/api.w.org\/{rel}","templated":true}]}}