{"id":186721,"date":"2025-10-19T08:18:11","date_gmt":"2025-10-19T08:18:11","guid":{"rendered":"https:\/\/www.europesays.com\/es\/186721\/"},"modified":"2025-10-19T08:18:11","modified_gmt":"2025-10-19T08:18:11","slug":"estados-unidos-makes-joan-great-again","status":"publish","type":"post","link":"https:\/\/www.europesays.com\/es\/186721\/","title":{"rendered":"Estados Unidos &#8216;makes Joan great again&#8217;"},"content":{"rendered":"<p style=\"\">Antes de abandonar el recorrido (y en una vitrina &#8216;jugosa&#8217; en aportaciones, por lo que es f\u00e1cil pas\u00e1rselo por alto), un recorte de prensa del &#8216;The New York Post&#8217; de diciembre de 1961 subrayaba c\u00f3mo lo que m\u00e1s le llam\u00f3 la atenci\u00f3n a Joan Mir\u00f3  &#8230; de ese viaje a la Gran Manzana \u2013el cuarto\u2013 fue ver escrito en letras grandes en los <strong>luminosos de la bolsa neoyorquina el lema \u00abBienvenido Mir\u00f3\u00bb. <\/strong><\/p>\n<p class=\"voc-p\" style=\"\">Eso no se lo hacen a cualquiera. Tienes que ser alguien muy importante para que el mayor mercado de acciones del mundo te haga un homenaje as\u00ed.<\/p>\n<p class=\"voc-p\" style=\"\">Y Mir\u00f3 lo fue. No solo en Europa. Tambi\u00e9n en Estados Unidos. De hecho, lleg\u00f3 a recibir un premio, el <a href=\"https:\/\/www.guggenheim.org\/about-us\/foundation\" target=\"_self\" data-voc-vtm-id=\"in-text-traffic\" title=\"Guggenheim,\" data-mrf-link=\"www.guggenheim.org\" rel=\"nofollow noopener\">Guggenheim,<\/a> de manos del mism\u00edsimo <strong>Eisenhower,<\/strong> y fue nombrado doctor honoris causa por la <a href=\"https:\/\/www.harvard.edu\/\" target=\"_self\" data-voc-vtm-id=\"in-text-traffic\" title=\"Universidad de Harvard\" data-mrf-link=\"www.harvard.edu\" rel=\"nofollow noopener\">Universidad de Harvard<\/a> en 1968. No sabemos que pensar\u00eda de todo esto, de lo de la bolsa de Nueva York o lo del t\u00edtulo universitario,<strong> Donald Trump,<\/strong> otro presidente que ahora esgrime su particular cruzada contra &#8216;lo espa\u00f1ol&#8217; en EE.UU., pero no cabe duda de que el catal\u00e1n (como lo har\u00e1 Bad Bunny en la Superbowl) triunf\u00f3 en tierras estadounidenses, donde el mism\u00edsmo<strong> Clement Greenberg,<\/strong> en 1947, lo considerar\u00eda m\u00e1s relevante que<strong> Matisse o Picasso.<\/strong><\/p>\n<p class=\"voc-p\" style=\"\">No solo eso: como &#8216;dir\u00eda&#8217; Beuys, a Mir\u00f3 &#8216;le gust\u00f3&#8217; Estados Unidos como a Estados Unidos &#8216;le gust\u00f3&#8217; Mir\u00f3. Quiz\u00e1s ah\u00ed es donde radica la novedad de esta muestra, uno de los platos fuertes del 50 aniversario de la <a href=\"https:\/\/www.fmirobcn.org\/es\/\" target=\"_self\" data-voc-vtm-id=\"in-text-traffic\" title=\"Fundaci\u00f3n Mir\u00f3 de Barcelona,\" data-mrf-link=\"www.fmirobcn.org\" rel=\"nofollow noopener\">Fundaci\u00f3n Mir\u00f3 de Barcelona,<\/a> y en la que no se deja ni un cabo suelto tras cuatro a\u00f1os de intensa investigaci\u00f3n. Una cita en la que es copart\u00edcipe la<a href=\"https:\/\/www.phillipscollection.org\/\" target=\"_self\" data-voc-vtm-id=\"in-text-traffic\" title=\" Phillips Collection de Washington D. C.,\" data-mrf-link=\"www.phillipscollection.org\" rel=\"nofollow noopener\"> Phillips Collection de Washington D. C.,<\/a> donde viajar\u00e1 posteriormente.<\/p>\n<p>\nCambio de perspectiva\n<\/p>\n<p class=\"voc-p\" style=\"\">Porque &#8216;lo normal&#8217; es relacionar a Mir\u00f3 con Par\u00eds, lo cual es l\u00f3gico y en su primera etapa, aquella durante la que el pintor fue uno de los grandes ejemplos del Surrealismo. Pero toca ahora cambiar el foco, trasladarlo al (sub)continente (norte)americano y asumir las aportaciones que este contexto tendr\u00eda en el creador espa\u00f1ol. Un autor que no negar\u00e1 nunca, por ejemplo la influencia de <strong>Pollock<\/strong> (la visita a su muestra en Par\u00eds en 1952 ser\u00e1 fundamental) o c\u00f3mo con la gran <strong>Louise Bourgeois<\/strong> le pic\u00f3 el gusanillo de la escultura -son evidentes las relaciones entre los t\u00f3tems de la primera y las &#8216;Tres majestades&#8217; del segundo- trabajando con ella en el Atelier 17 de <strong>Stanley W. Hayter<\/strong> en Nueva York, como aqu\u00ed se explica.<\/p>\n<p class=\"voc-p\" style=\"\">Las cosas quedan m\u00e1s o menos claras desde la primera sala: mientras a Mir\u00f3 hab\u00eda que buscarlo en Par\u00eds en galer\u00edas privadas, un museo, y p\u00fablico, el de Brooklyn, ya inclu\u00eda dos de sus obras en 1926 en su &#8216;Exposici\u00f3n de arte moderno&#8217;. Se trata de &#8216;Le renversement&#8217; y &#8216;Pintura&#8217;, ambas de 1924, que ahora cuelgan de las paredes de la Mir\u00f3. <\/p>\n<p class=\"voc-p\" style=\"\"><strong>Y ser\u00e1 este uno de los platos fuertes de la muestra:<\/strong> su capacidad para incluir piezas decisivas, no solo ilustrativas, en esta historia de amor de ida y vuelta entre Mir\u00f3 y EE.UU. Como sus &#8216;Pochoirs&#8217; de la serie &#8216;Constelaciones&#8217;, que solo por vez primera se ofrecen como era deseo del pintor, mostr\u00e1ndose anverso y reverso. Un total de 138 piezas de hasta casi 50 artistas, muchas de ellas mujeres. Y muchas mujeres que trabajaron bajo pseud\u00f3nimo masculino y que ahora se reivindican con su aut\u00e9ntico sexo. Como<strong> Peter \/ Henrietta Miller,<\/strong> que adquiri\u00f3 &#8216;Naturaleza muerta con zapato viejo&#8217;, y que <strong>Arshile Gorky<\/strong> homenajea (ambos lienzos est\u00e1n en la n\u00f3mina). Por eso las cartelas se acompa\u00f1an de biograf\u00edas con fotos.<\/p>\n<p><img decoding=\"async\" loading=\"lazy\" src=\"https:\/\/www.europesays.com\/es\/wp-content\/uploads\/2025\/10\/plates_80-U65327650187wrD-758x470@diario_abc.jpg\" class=\"voc-d-c-combo-3__img\" width=\"758\" height=\"470\" alt=\"Imagen principal - En las im\u00e1genes, de arriba abajo, 'Las estaciones', de Lee Krasner; 'Totemic figure', de Motherwell; y 'La Premi\u00e8re \u00e9tincelle du jour II', de Mir\u00f3\"\/><\/p>\n<p><img decoding=\"async\" loading=\"lazy\" src=\"https:\/\/www.europesays.com\/es\/wp-content\/uploads\/2025\/10\/plates_81_papel_xoptimizadax-U58834770801dIT-464x329@diario_abc.jpg\" class=\"voc-d-c-combo-3__img\" width=\"464\" height=\"329\" alt=\"Imagen secundaria 1 - En las im\u00e1genes, de arriba abajo, 'Las estaciones', de Lee Krasner; 'Totemic figure', de Motherwell; y 'La Premi\u00e8re \u00e9tincelle du jour II', de Mir\u00f3\"\/><\/p>\n<p><img decoding=\"async\" loading=\"lazy\" src=\"https:\/\/www.europesays.com\/es\/wp-content\/uploads\/2025\/10\/plates_85_papel_xoptimizadax-U65373020823Her-278x329@diario_abc.jpg\" class=\"voc-d-c-combo-3__img\" width=\"278\" height=\"329\" alt=\"Imagen secundaria 2 - En las im\u00e1genes, de arriba abajo, 'Las estaciones', de Lee Krasner; 'Totemic figure', de Motherwell; y 'La Premi\u00e8re \u00e9tincelle du jour II', de Mir\u00f3\"\/><\/p>\n<p>En una doble v\u00eda.<br \/>\nEn las im\u00e1genes, de arriba abajo, &#8216;Las estaciones&#8217;, de Lee Krasner; &#8216;Totemic figure&#8217;, de Motherwell; y &#8216;La Premi\u00e8re \u00e9tincelle du jour II&#8217;, de Mir\u00f3<br \/>\nABC<\/p>\n<p class=\"voc-p\" style=\"\">En su irrupci\u00f3n en ese escenario que para Mir\u00f3 supondr\u00e1 crecer en escala y en libertad, ser\u00e1 decisiva una persona: su galerista<a href=\"https:\/\/en.wikipedia.org\/wiki\/Pierre_Matisse\" target=\"_self\" data-voc-vtm-id=\"in-text-traffic\" title=\" Pierre Matisse,\" data-mrf-link=\"en.wikipedia.org\" rel=\"nofollow noopener\"> Pierre Matisse,<\/a> que de 1931 a 1983 lo representar\u00e1, y al que llega gracias al regalo de una pintura suya de 1927 que le hace Pierre Loeb, el representante en Par\u00eds de Mir\u00f3. Ese lienzo tambi\u00e9n descansa ahora en la fundaci\u00f3n. Sin embargo, la cita prefiere romper el viaje cronol\u00f3gico en ciertas salas, como la segunda, donde despliega lo que dio de s\u00ed<strong> la &#8216;trieja&#8217; Mir\u00f3-Sert-Calder,<\/strong> otros dos v\u00ednculos fundamentales para el desarrollo del catal\u00e1n en Am\u00e9rica. <\/p>\n<p class=\"voc-p\" style=\"\">No en vano, estamos en un edificio que fue proyectado por este arquitecto (y el montaje lo tiene en cuenta como un protagonista m\u00e1s, aprovechando sus &#8216;recovecos&#8217; y los puntos de fuga que se generan entre sus estancias). Cuando este le dise\u00f1a su taller en Mallorca, como agradecimiento, Mir\u00f3 le regala &#8216;Pintura Mural 20&#8217; (1961), que por primera vez abandona el Harvad Museum al que fue donado. Calder fue quien recogi\u00f3 a Mir\u00f3 y<strong> Pilar Juncosa<\/strong> en el aeropuerto en 1947, fecha del primero de siete viajes a EE.UU., y con \u00e9l intercambi\u00f3 mucha obra, como los &#8216;Pol\u00edgonos negros&#8217;, m\u00f3vil del franc\u00e9s que ahora podemos disfrutar.<\/p>\n<p class=\"voc-p\" style=\"\">Hasta dos retrospectivas celebrar\u00e1 Mir\u00f3 en el<a href=\"https:\/\/www.moma.org\/\" target=\"_self\" data-voc-vtm-id=\"in-text-traffic\" title=\" MoMA.\" data-mrf-link=\"www.moma.org\" rel=\"nofollow noopener\"> MoMA.<\/a> La de 1941 servir\u00e1 para que Greenberg le sacar\u00e1 de la n\u00f3mina surrealista. De hecho, ser\u00e1 Barnett Newman el que afirmara que el catal\u00e1n hab\u00eda iniciado otro movimiento art\u00edstico. Y Motherwell el que le incluyera en su revista &#8216;Possibilities&#8217;, sobre artistas &#8216;que daban que hablar&#8217;, y que da t\u00edtulo aqu\u00ed a dos secciones. Pero paralelamente, con &#8216;El sol rojo&#8217;, reconoc\u00eda la influencia que en \u00e9l ejerc\u00edan sus colegas neoyorquinos (el alquitr\u00e1n que usa Mir\u00f3 parece un &#8216;dripping&#8217;). El cuadro fue incluido por<strong> Duncan Phillips<\/strong> en &#8216;Pintores de la abstracci\u00f3n expresionista&#8217; junto a<strong> Gottlieb u Ossorio,<\/strong> con los que nos topamos.<\/p>\n<p class=\"voc-p\" style=\"\">Motherwell o <a href=\"https:\/\/www.abc.es\/cultura\/cultural\/pintura-reglas-helen-frankenthaler-realidad-versus-efecto-20250415141733-nt.html\" target=\"_self\" data-voc-vtm-id=\"in-text-traffic\" title=\"Helen Frankenthaler\" data-mrf-link=\"www.abc.es\" rel=\"nofollow noopener\">Helen Frankenthaler<\/a> (que le coleccionaron), <a href=\"https:\/\/www.abc.es\/cultura\/cultural\/abci-foco-affaire-krasner-guggenheim-bilbao-202009230041_noticia.html\" target=\"_self\" data-voc-vtm-id=\"in-text-traffic\" title=\"Lee Krasner\" data-mrf-link=\"www.abc.es\" rel=\"nofollow noopener\">Lee Krasner<\/a> (aqu\u00ed reivindicada como expresionsta abstracta con otra de las joyas de la muestra, su &#8216;Las estaciones&#8217;, nunca antes en Espa\u00f1a); <strong>Rothko o Sam Francis<\/strong> (el &#8216;color field&#8217; iba calando en Mir\u00f3) ser\u00e1n otros nombres que nos salgan al paso, as\u00ed como los proyectos de escultura p\u00fablica o encargos que el artista recibi\u00f3 en EE.UU. y que no siempre llegaron a buen puerto (como uno para la ONU, o el mural del World Trade Center que sucumbi\u00f3 en 2001).<\/p>\n<p class=\"voc-p\" style=\"\">Todo esto nos es narrado aprovechando el &#8216;Gran Tapiz de la Fundaci\u00f3n&#8217; de 1979, con el que vamos llegando al principio de esta instituci\u00f3n y al final de esta historia, con la muerte de Mir\u00f3 en la Navidad de 1983. Entonces, dos a\u00f1os despu\u00e9s se inicia la Colecci\u00f3n Homenaje a Mir\u00f3, con obras donadas por amigos artistas. Y all\u00ed estar\u00e1n <strong>Sam Francis, Rauschenberg o Dorothea Tanning.<\/strong><\/p>\n<p><img decoding=\"async\" loading=\"lazy\" src=\"https:\/\/www.europesays.com\/es\/wp-content\/uploads\/2025\/10\/crono_08a_alternativa-U67036438115Smq-366x206@diario_abc.jpg\" class=\"voc-img\" width=\"366\" height=\"206\" alt=\"'Mir\u00f3 y los Estados Unidos' \"\/><\/p>\n<p>&#8216;Mir\u00f3 y los Estados Unidos&#8217; <\/p>\n<p class=\"voc-p\">Mir\u00f3 y los Estados Unidos Colectiva Fundaci\u00f3n Joan Mir\u00f3. Barcelona. Parc de Montj\u00fcic, s\/n. Comisarios: M. Daniel, M. Gale y D. R. Roig. Colabora: The Phillips Collection. Patrocina: Fundaci\u00f3n BBVA. Hasta el 22 de febrero de 2026. Cinco estrellas.<\/p>\n<p class=\"voc-p\" style=\"\">Y solo si eres muy grande o muy influyente, estos pesos pesados de la Historia del Arte te donan con gusto una obra&#8230;<\/p>\n","protected":false},"excerpt":{"rendered":"Antes de abandonar el recorrido (y en una vitrina &#8216;jugosa&#8217; en aportaciones, por lo que es f\u00e1cil pas\u00e1rselo&hellip;\n","protected":false},"author":2,"featured_media":186722,"comment_status":"","ping_status":"","sticky":false,"template":"","format":"standard","meta":{"footnotes":""},"categories":[173],"tags":[52517,229,233,231,230,232,234,146,147,25,24,4217,16027,5170,52516,10288,23,4218],"class_list":{"0":"post-186721","1":"post","2":"type-post","3":"status-publish","4":"format-standard","5":"has-post-thumbnail","7":"category-arte-y-diseno","8":"tag-again","9":"tag-arte","10":"tag-arte-y-diseno","11":"tag-arts","12":"tag-arts-and-design","13":"tag-design","14":"tag-diseno","15":"tag-entertainment","16":"tag-entretenimiento","17":"tag-es","18":"tag-espana","19":"tag-estados","20":"tag-great","21":"tag-joan","22":"tag-makes","23":"tag-miro","24":"tag-spain","25":"tag-unidos"},"share_on_mastodon":{"url":"","error":""},"_links":{"self":[{"href":"https:\/\/www.europesays.com\/es\/wp-json\/wp\/v2\/posts\/186721","targetHints":{"allow":["GET"]}}],"collection":[{"href":"https:\/\/www.europesays.com\/es\/wp-json\/wp\/v2\/posts"}],"about":[{"href":"https:\/\/www.europesays.com\/es\/wp-json\/wp\/v2\/types\/post"}],"author":[{"embeddable":true,"href":"https:\/\/www.europesays.com\/es\/wp-json\/wp\/v2\/users\/2"}],"replies":[{"embeddable":true,"href":"https:\/\/www.europesays.com\/es\/wp-json\/wp\/v2\/comments?post=186721"}],"version-history":[{"count":0,"href":"https:\/\/www.europesays.com\/es\/wp-json\/wp\/v2\/posts\/186721\/revisions"}],"wp:featuredmedia":[{"embeddable":true,"href":"https:\/\/www.europesays.com\/es\/wp-json\/wp\/v2\/media\/186722"}],"wp:attachment":[{"href":"https:\/\/www.europesays.com\/es\/wp-json\/wp\/v2\/media?parent=186721"}],"wp:term":[{"taxonomy":"category","embeddable":true,"href":"https:\/\/www.europesays.com\/es\/wp-json\/wp\/v2\/categories?post=186721"},{"taxonomy":"post_tag","embeddable":true,"href":"https:\/\/www.europesays.com\/es\/wp-json\/wp\/v2\/tags?post=186721"}],"curies":[{"name":"wp","href":"https:\/\/api.w.org\/{rel}","templated":true}]}}