{"id":186750,"date":"2025-10-19T08:38:09","date_gmt":"2025-10-19T08:38:09","guid":{"rendered":"https:\/\/www.europesays.com\/es\/186750\/"},"modified":"2025-10-19T08:38:09","modified_gmt":"2025-10-19T08:38:09","slug":"el-primer-gran-examen-del-curso-para-el-unicaja","status":"publish","type":"post","link":"https:\/\/www.europesays.com\/es\/186750\/","title":{"rendered":"El primer gran examen del curso para el Unicaja"},"content":{"rendered":"<p>Como de costumbre, el primer partido entre el Unicaja y el Barcelona en la temporada se jugar\u00e1 en el Carpena. Dos equipos cuyas trayectorias han  &#8230; tendido a igualarse con los a\u00f1os se ver\u00e1n las caras inmersos en din\u00e1micas diferentes, aunque en procesos de construcci\u00f3n de juego e identidad algo m\u00e1s similares. El partidazo de la tercera jornada de la Liga Endesa comenzar\u00e1 a las 19.00 horas y se podr\u00e1 ver en televisi\u00f3n a trav\u00e9s de DAZN.<\/p>\n<p class=\"v-p\">El Unicaja, por el momento, se ha mostrado como un equipo m\u00e1s fiable que su rival. Quitando lo sucedido en esta misma pista en la Supercopa, el equipo de Ibon Navarro ha comenzado el curso de forma inmaculada. Gan\u00f3 la Intercontinental en Singapur (otra vez), venci\u00f3 al Surne Bilbao y al Dreamland Gran Canaria en las dos primeras citas de la Liga ACB y tambi\u00e9n despach\u00f3 sin sufrir al Mersin y al Karditsa, sus primeros contrincantes en la BCL. El vitoriano a\u00fan est\u00e1 en busca de encajar las nuevas piezas y seguir puliendo sensaciones como equipo, aunque la respuesta inicial del grupo ha sido positiva.<\/p>\n<p class=\"v-p\">Algunas dudas m\u00e1s ha generado el Barcelona, que espera mejorar la cara que mostr\u00f3 la pasada campa\u00f1a. Por el momento se ha mostrado como un equipo m\u00e1s serio en la Euroliga que en la ACB. En la competici\u00f3n dom\u00e9stica visita la casa del Unicaja con un bagaje de cero triunfos y dos derrotas (ante el Valencia y el Hiopos Lleida), una delicada situaci\u00f3n que incrementa la necesidad de dar un golpe en la mesa y que se presenta como un arma de doble filo para el Unicaja. En la Euroliga, sin embargo, han ganado al Panathinaikos, al Valencia y al Maccabi, mientras que no ha podido con el Hapoel ni el Dub\u00e1i.<\/p>\n<p class=\"v-p\"> Para el Unicaja ser\u00e1 el primer gran examen de la temporada, cuyos matices hacen que el encuentra cobre un extra de morbo y atractivo. Tras superar el complicado envite en el Gran Canaria Arena, el cuadro malague\u00f1o se medir\u00e1 a su primer rival de Euroliga en la competici\u00f3n dom\u00e9stica que, por cierto, llega tras disputar una doble jornada de la competici\u00f3n europea, con viaje a Emiratos \u00c1rabes incluido.<\/p>\n<p class=\"v-p\">Ibon Navarro, que no esperaba el viernes bajas en su equipo, incide en que el Barcelona es el mismo equipo que la pasada campa\u00f1a, pero mejorado. Una especia de versi\u00f3n &#8216;deluxe&#8217;, tras recuperar a algunos de sus lesionados y con las incorporaciones de Shengelia y Clyburn. Ser\u00e1 interesante el partido para calibrar el nivel de ambos clubes.<\/p>\n","protected":false},"excerpt":{"rendered":"Como de costumbre, el primer partido entre el Unicaja y el Barcelona en la temporada se jugar\u00e1 en&hellip;\n","protected":false},"author":2,"featured_media":186751,"comment_status":"","ping_status":"","sticky":false,"template":"","format":"standard","meta":{"footnotes":""},"categories":[269],"tags":[299,298,3445,168,25,24,7109,3956,977,23,167,2246],"class_list":{"0":"post-186750","1":"post","2":"type-post","3":"status-publish","4":"format-standard","5":"has-post-thumbnail","7":"category-baloncesto","8":"tag-baloncesto","9":"tag-basketball","10":"tag-curso","11":"tag-deportes","12":"tag-es","13":"tag-espana","14":"tag-examen","15":"tag-gran","16":"tag-primer","17":"tag-spain","18":"tag-sports","19":"tag-unicaja"},"share_on_mastodon":{"url":"","error":""},"_links":{"self":[{"href":"https:\/\/www.europesays.com\/es\/wp-json\/wp\/v2\/posts\/186750","targetHints":{"allow":["GET"]}}],"collection":[{"href":"https:\/\/www.europesays.com\/es\/wp-json\/wp\/v2\/posts"}],"about":[{"href":"https:\/\/www.europesays.com\/es\/wp-json\/wp\/v2\/types\/post"}],"author":[{"embeddable":true,"href":"https:\/\/www.europesays.com\/es\/wp-json\/wp\/v2\/users\/2"}],"replies":[{"embeddable":true,"href":"https:\/\/www.europesays.com\/es\/wp-json\/wp\/v2\/comments?post=186750"}],"version-history":[{"count":0,"href":"https:\/\/www.europesays.com\/es\/wp-json\/wp\/v2\/posts\/186750\/revisions"}],"wp:featuredmedia":[{"embeddable":true,"href":"https:\/\/www.europesays.com\/es\/wp-json\/wp\/v2\/media\/186751"}],"wp:attachment":[{"href":"https:\/\/www.europesays.com\/es\/wp-json\/wp\/v2\/media?parent=186750"}],"wp:term":[{"taxonomy":"category","embeddable":true,"href":"https:\/\/www.europesays.com\/es\/wp-json\/wp\/v2\/categories?post=186750"},{"taxonomy":"post_tag","embeddable":true,"href":"https:\/\/www.europesays.com\/es\/wp-json\/wp\/v2\/tags?post=186750"}],"curies":[{"name":"wp","href":"https:\/\/api.w.org\/{rel}","templated":true}]}}