{"id":186782,"date":"2025-10-19T08:55:07","date_gmt":"2025-10-19T08:55:07","guid":{"rendered":"https:\/\/www.europesays.com\/es\/186782\/"},"modified":"2025-10-19T08:55:07","modified_gmt":"2025-10-19T08:55:07","slug":"curro-diaz-el-cid-david-galvan-y-el-ganadero-vitorino-martin-a-hombros-en-jaen","status":"publish","type":"post","link":"https:\/\/www.europesays.com\/es\/186782\/","title":{"rendered":"Curro D\u00edaz, El Cid, David Galv\u00e1n y el ganadero Vitorino Mart\u00edn a hombros en Ja\u00e9n"},"content":{"rendered":"<p style=\"\">Cita de altura en Ja\u00e9n para despedir la <strong>Feria de San Lucas <\/strong>y, con ella, el curso taurino de 2025. Una tarde imborrable, con el hierro legendario de <strong>Victorino Mart\u00edn<\/strong>, que trajo una corrida bien presentada, seria y de excelente comportamiento. Dos toros fueron  &#8230; premiados con la vuelta al ruedo y los tres matadores -Curro D\u00edaz, El Cid y David Galv\u00e1n- cruzaron la Puerta Grande del coso de la Alameda, rubricando una tarde de torer\u00eda, compromiso y emoci\u00f3n.<\/p>\n<p class=\"voc-p\" style=\"\">El ambiente, de esos que anuncian tarde importante, ten\u00eda aroma a fin de temporada y sabor a acontecimiento. Sobre el albero jiennense, tres toreros de distintos registros, pero con un mismo hilo conductor: la verdad del toreo cl\u00e1sico frente a una corrida que pidi\u00f3 sitio y coraz\u00f3n.<\/p>\n<p>\nEl Cid, reencuentro con su mejor versi\u00f3n\n<\/p>\n<p class=\"voc-p\" style=\"\">El de Salteras firm\u00f3 una actuaci\u00f3n para el recuerdo con el segundo de la tarde, un toro de gran clase y entrega al que exprimi\u00f3 con temple y pulso. <strong>El Cid<\/strong> -que ven\u00eda convaleciente de Sevilla con una cornada interna y costilla fisurada- se estir\u00f3 a la ver\u00f3nica con empaque, recibiendo ovaciones desde los primeros compases. Ya con la muleta, tore\u00f3 despacio, con hondura, especialmente al natural, por donde la faena cobr\u00f3 vuelo de gran categor\u00eda. La espada cay\u00f3 algo trasera y el toro tard\u00f3 en doblar, escuchando un aviso antes de que el p\u00fablico pidiera con fuerza las dos orejas. El Victorino, bravo y completo, fue premiado con la vuelta al ruedo.<\/p>\n<p class=\"voc-p\" style=\"\">No baj\u00f3 el diapas\u00f3n el sevillano con el quinto, un toro exigente, de esos que piden oficio y serenidad. El Cid lo entendi\u00f3 a la perfecci\u00f3n, d\u00e1ndole su sitio, pulseando cada embestida hasta construir una faena de gran poso y conexi\u00f3n con los tendidos. Mat\u00f3 con decisi\u00f3n y cort\u00f3 su tercera oreja de la tarde, cerrando as\u00ed una temporada que ha ido claramente a m\u00e1s.<\/p>\n<p>\nCurro D\u00edaz, la torer\u00eda de siempre\n<\/p>\n<p class=\"voc-p\" style=\"\">El de Linares abr\u00eda cartel y, como suele ser habitual, puso su nota de arte. Con el primero, un toro que met\u00eda las manos por delante y no se entregaba, <strong>Curro <\/strong>tir\u00f3 de t\u00e9cnica y sabidur\u00eda. Faena de mucho m\u00e9rito, con muletazos largos y templados por el pit\u00f3n izquierdo, frente a un Victorino de escasa clase. La estocada, de r\u00e1pida eficacia, le puso en la mano la primera oreja.<\/p>\n<p class=\"voc-p\" style=\"\">M\u00e1s rotundo result\u00f3 su quehacer con el cuarto, un toro serio y con transmisi\u00f3n, que tambi\u00e9n fue premiado con la vuelta al ruedo. Curro lo recibi\u00f3 a la ver\u00f3nica con gusto y dibuj\u00f3 una faena intensa, de muleta baja y mucho ajuste, siempre al borde del abismo que marcan los Victorinos. Por el izquierdo brotaron los muletazos m\u00e1s bellos de la tarde. Sufri\u00f3 una voltereta sin consecuencias al entrar a matar, pero volvi\u00f3 al toro para dejar una estocada efectiva. Oreja y ovaci\u00f3n grande para el torero, y vuelta al ruedo para el bravo animal.<\/p>\n<p>\nDavid Galv\u00e1n, coraje y cierre triunfal\n<\/p>\n<p class=\"voc-p\" style=\"\"><strong>Galv\u00e1n <\/strong>regresaba a los ruedos apenas una semana despu\u00e9s del percance sufrido en Madrid, y lo hac\u00eda con la determinaci\u00f3n de quien quiere acabar el a\u00f1o en alto. Poco pudo hacer con el tercero, un toro violento y deslucido, al que entendi\u00f3 con inteligencia antes de abreviar.<\/p>\n<p class=\"voc-p\" style=\"\">Otra historia fue el sexto, muy serio y bien hecho. Galv\u00e1n le plant\u00f3 cara con firmeza y temple, imponi\u00e9ndose con autoridad a un toro exigente y de embestidas cortas. La faena, de mando y entrega, tuvo su mejor momento por la derecha, donde el gaditano se expres\u00f3 con limpieza y poder. La estocada entera fue la r\u00fabrica de un esfuerzo rotundo. Dos orejas y salida en hombros para cerrar su campa\u00f1a europea por la Puerta Grande.<\/p>\n<p class=\"voc-p\" style=\"\">La temporada se rubric\u00f3 con la fotograf\u00eda de los tres actuantes a hombros por la Puerta Grande, junto ala ganadero Victorino Mart\u00edn. Una tarde completa y rotunda, en la que Ja\u00e9n despidi\u00f3 la campa\u00f1a 2025 con el eco inconfundible del toreo verdadero donde se funden valor y belleza. <\/p>\n<ul class=\"voc-list\">\n<li class=\"voc-list__item\">\n<strong>Coso de la Alameda<\/strong><br \/>\nS\u00e1bado, 18 de octubre de 2025. \u00daltimo festejo de la Feria de San Lucas. Tres cuartos de entrada. Toros de Victorino Mart\u00edn, bien presentados y de notable juego en conjunto. Destacaron segundo y cuarto, premiados con la vuelta al ruedo.\n<\/li>\n<li class=\"voc-list__item\">\n<strong>Curro D\u00edaz.<\/strong><br \/>\nDe verde esperanza y oro. Estocada (oreja); estocada previa voltereta (oreja). Sale a hombros.\n<\/li>\n<li class=\"voc-list__item\">\n<strong>El Cid.<\/strong><br \/>\nDe azul pur\u00edsima y oro. Estocada (dos orejas tras aviso); estocada (oreja). Sale a hombros.).\n<\/li>\n<li class=\"voc-list__item\">\n<strong>David Galv\u00e1n.<\/strong><br \/>\nDe azul pur\u00edsima y oro. Media estocada y descabello (silencio); buena estocada (dos orejas). Sale a hombros.\n<\/li>\n<li class=\"voc-list__item\">\n<strong\/><br \/>\nEl ganadero Victorino Mart\u00edn acompa\u00f1\u00f3 a la terna por la Puerta Grande.\n<\/li>\n<\/ul>\n","protected":false},"excerpt":{"rendered":"Cita de altura en Ja\u00e9n para despedir la Feria de San Lucas y, con ella, el curso taurino&hellip;\n","protected":false},"author":2,"featured_media":186783,"comment_status":"","ping_status":"","sticky":false,"template":"","format":"standard","meta":{"footnotes":""},"categories":[277],"tags":[373,5008,778,2429,168,779,25,24,31619,31516,11916,3619,1730,23,167,374,52525],"class_list":{"0":"post-186782","1":"post","2":"type-post","3":"status-publish","4":"format-standard","5":"has-post-thumbnail","7":"category-toreo","8":"tag-bullfighting","9":"tag-cid","10":"tag-curro","11":"tag-david","12":"tag-deportes","13":"tag-diaz","14":"tag-es","15":"tag-espana","16":"tag-galvan","17":"tag-ganadero","18":"tag-hombros","19":"tag-jaen","20":"tag-martin","21":"tag-spain","22":"tag-sports","23":"tag-toreo","24":"tag-vitorino"},"share_on_mastodon":{"url":"","error":""},"_links":{"self":[{"href":"https:\/\/www.europesays.com\/es\/wp-json\/wp\/v2\/posts\/186782","targetHints":{"allow":["GET"]}}],"collection":[{"href":"https:\/\/www.europesays.com\/es\/wp-json\/wp\/v2\/posts"}],"about":[{"href":"https:\/\/www.europesays.com\/es\/wp-json\/wp\/v2\/types\/post"}],"author":[{"embeddable":true,"href":"https:\/\/www.europesays.com\/es\/wp-json\/wp\/v2\/users\/2"}],"replies":[{"embeddable":true,"href":"https:\/\/www.europesays.com\/es\/wp-json\/wp\/v2\/comments?post=186782"}],"version-history":[{"count":0,"href":"https:\/\/www.europesays.com\/es\/wp-json\/wp\/v2\/posts\/186782\/revisions"}],"wp:featuredmedia":[{"embeddable":true,"href":"https:\/\/www.europesays.com\/es\/wp-json\/wp\/v2\/media\/186783"}],"wp:attachment":[{"href":"https:\/\/www.europesays.com\/es\/wp-json\/wp\/v2\/media?parent=186782"}],"wp:term":[{"taxonomy":"category","embeddable":true,"href":"https:\/\/www.europesays.com\/es\/wp-json\/wp\/v2\/categories?post=186782"},{"taxonomy":"post_tag","embeddable":true,"href":"https:\/\/www.europesays.com\/es\/wp-json\/wp\/v2\/tags?post=186782"}],"curies":[{"name":"wp","href":"https:\/\/api.w.org\/{rel}","templated":true}]}}